{"id":2993,"date":"2022-01-26T17:15:40","date_gmt":"2022-01-26T17:15:40","guid":{"rendered":"https:\/\/thelittlerstravel.com\/?p=2993"},"modified":"2022-01-26T17:15:42","modified_gmt":"2022-01-26T17:15:42","slug":"3-days-on-the-costa-blanca","status":"publish","type":"post","link":"https:\/\/thelittlerstravel.com\/en\/2022\/01\/3-days-on-the-costa-blanca\/","title":{"rendered":"3 Days on the Costa Blanca"},"content":{"rendered":"\n<p>The other day, we spent a few days on the coast of Alicante, and needless to say, we loved it. We couldn&#8217;t believe how fortunate we are to live close to paradise such as this so, in this post, we want to tell you which places and activities on the Costa Blanca are our favourites.<\/p>\n\n\n\n<div id=\"ez-toc-container\" class=\"ez-toc-v2_0_82_2 counter-hierarchy ez-toc-counter ez-toc-custom ez-toc-container-direction\">\n<p class=\"ez-toc-title\" style=\"cursor:inherit\">Our Trip<\/p>\n<label for=\"ez-toc-cssicon-toggle-item-69ef789c7f3ea\" class=\"ez-toc-cssicon-toggle-label\"><span class=\"\"><span class=\"eztoc-hide\" style=\"display:none;\">Toggle<\/span><span class=\"ez-toc-icon-toggle-span\"><svg style=\"fill: #444444;color:#444444\" xmlns=\"http:\/\/www.w3.org\/2000\/svg\" class=\"list-377408\" width=\"20px\" height=\"20px\" viewBox=\"0 0 24 24\" fill=\"none\"><path d=\"M6 6H4v2h2V6zm14 0H8v2h12V6zM4 11h2v2H4v-2zm16 0H8v2h12v-2zM4 16h2v2H4v-2zm16 0H8v2h12v-2z\" fill=\"currentColor\"><\/path><\/svg><svg style=\"fill: #444444;color:#444444\" class=\"arrow-unsorted-368013\" xmlns=\"http:\/\/www.w3.org\/2000\/svg\" width=\"10px\" height=\"10px\" viewBox=\"0 0 24 24\" version=\"1.2\" baseProfile=\"tiny\"><path d=\"M18.2 9.3l-6.2-6.3-6.2 6.3c-.2.2-.3.4-.3.7s.1.5.3.7c.2.2.4.3.7.3h11c.3 0 .5-.1.7-.3.2-.2.3-.5.3-.7s-.1-.5-.3-.7zM5.8 14.7l6.2 6.3 6.2-6.3c.2-.2.3-.5.3-.7s-.1-.5-.3-.7c-.2-.2-.4-.3-.7-.3h-11c-.3 0-.5.1-.7.3-.2.2-.3.5-.3.7s.1.5.3.7z\"\/><\/svg><\/span><\/span><\/label><input type=\"checkbox\"  id=\"ez-toc-cssicon-toggle-item-69ef789c7f3ea\"  aria-label=\"Toggle\" \/><nav><ul class='ez-toc-list ez-toc-list-level-1 ' ><li class='ez-toc-page-1 ez-toc-heading-level-2'><a class=\"ez-toc-link ez-toc-heading-1\" href=\"https:\/\/thelittlerstravel.com\/en\/2022\/01\/3-days-on-the-costa-blanca\/#Day_1_on_the_Costa_Blanca_%E2%80%93_Denia\" >Day 1 on the Costa Blanca &#8211; D\u00e9nia<\/a><ul class='ez-toc-list-level-3' ><li class='ez-toc-heading-level-3'><a class=\"ez-toc-link ez-toc-heading-2\" href=\"https:\/\/thelittlerstravel.com\/en\/2022\/01\/3-days-on-the-costa-blanca\/#Nature\" >Nature<\/a><\/li><li class='ez-toc-page-1 ez-toc-heading-level-3'><a class=\"ez-toc-link ez-toc-heading-3\" href=\"https:\/\/thelittlerstravel.com\/en\/2022\/01\/3-days-on-the-costa-blanca\/#Beach\" >Beach<\/a><\/li><li class='ez-toc-page-1 ez-toc-heading-level-3'><a class=\"ez-toc-link ez-toc-heading-4\" href=\"https:\/\/thelittlerstravel.com\/en\/2022\/01\/3-days-on-the-costa-blanca\/#City\" >City<\/a><\/li><li class='ez-toc-page-1 ez-toc-heading-level-3'><a class=\"ez-toc-link ez-toc-heading-5\" href=\"https:\/\/thelittlerstravel.com\/en\/2022\/01\/3-days-on-the-costa-blanca\/#Where_to_eat\" >Where to eat?<\/a><\/li><\/ul><\/li><li class='ez-toc-page-1 ez-toc-heading-level-2'><a class=\"ez-toc-link ez-toc-heading-6\" href=\"https:\/\/thelittlerstravel.com\/en\/2022\/01\/3-days-on-the-costa-blanca\/#Day_2_on_the_Costa_Blanca_%E2%80%93_JaveaXabia\" >Day 2 on the Costa Blanca &#8211; J\u00e1vea\/X\u00e0bia<\/a><ul class='ez-toc-list-level-3' ><li class='ez-toc-heading-level-3'><a class=\"ez-toc-link ez-toc-heading-7\" href=\"https:\/\/thelittlerstravel.com\/en\/2022\/01\/3-days-on-the-costa-blanca\/#City-2\" >City<\/a><\/li><li class='ez-toc-page-1 ez-toc-heading-level-3'><a class=\"ez-toc-link ez-toc-heading-8\" href=\"https:\/\/thelittlerstravel.com\/en\/2022\/01\/3-days-on-the-costa-blanca\/#Nature-2\" >Nature<\/a><\/li><li class='ez-toc-page-1 ez-toc-heading-level-3'><a class=\"ez-toc-link ez-toc-heading-9\" href=\"https:\/\/thelittlerstravel.com\/en\/2022\/01\/3-days-on-the-costa-blanca\/#In_High_Sea\" >In High Sea<\/a><\/li><li class='ez-toc-page-1 ez-toc-heading-level-3'><a class=\"ez-toc-link ez-toc-heading-10\" href=\"https:\/\/thelittlerstravel.com\/en\/2022\/01\/3-days-on-the-costa-blanca\/#Where_to_eat-2\" >Where to eat?<\/a><\/li><\/ul><\/li><li class='ez-toc-page-1 ez-toc-heading-level-2'><a class=\"ez-toc-link ez-toc-heading-11\" href=\"https:\/\/thelittlerstravel.com\/en\/2022\/01\/3-days-on-the-costa-blanca\/#Day_3_on_the_Costa_Blanca_%E2%80%93_from_Javea_to_Altea\" >Day 3 on the Costa Blanca &#8211; from Javea to Altea<\/a><ul class='ez-toc-list-level-3' ><li class='ez-toc-heading-level-3'><a class=\"ez-toc-link ez-toc-heading-12\" href=\"https:\/\/thelittlerstravel.com\/en\/2022\/01\/3-days-on-the-costa-blanca\/#Benitatxell\" >Benitatxell<\/a><\/li><li class='ez-toc-page-1 ez-toc-heading-level-3'><a class=\"ez-toc-link ez-toc-heading-13\" href=\"https:\/\/thelittlerstravel.com\/en\/2022\/01\/3-days-on-the-costa-blanca\/#Moraira\" >Moraira<\/a><\/li><li class='ez-toc-page-1 ez-toc-heading-level-3'><a class=\"ez-toc-link ez-toc-heading-14\" href=\"https:\/\/thelittlerstravel.com\/en\/2022\/01\/3-days-on-the-costa-blanca\/#Benissa\" >Benissa<\/a><\/li><li class='ez-toc-page-1 ez-toc-heading-level-3'><a class=\"ez-toc-link ez-toc-heading-15\" href=\"https:\/\/thelittlerstravel.com\/en\/2022\/01\/3-days-on-the-costa-blanca\/#Calpe\" >Calpe<\/a><\/li><li class='ez-toc-page-1 ez-toc-heading-level-3'><a class=\"ez-toc-link ez-toc-heading-16\" href=\"https:\/\/thelittlerstravel.com\/en\/2022\/01\/3-days-on-the-costa-blanca\/#Altea\" >Altea<\/a><\/li><\/ul><\/li><li class='ez-toc-page-1 ez-toc-heading-level-2'><a class=\"ez-toc-link ez-toc-heading-17\" href=\"https:\/\/thelittlerstravel.com\/en\/2022\/01\/3-days-on-the-costa-blanca\/#Tips\" >Tips<\/a><\/li><li class='ez-toc-page-1 ez-toc-heading-level-2'><a class=\"ez-toc-link ez-toc-heading-18\" href=\"https:\/\/thelittlerstravel.com\/en\/2022\/01\/3-days-on-the-costa-blanca\/#Useful_Information_%E2%80%93_Javea\" >Useful Information &#8211; Javea<\/a><\/li><\/ul><\/nav><\/div>\n<h2 class=\"has-trawell-cat-2-color has-text-color wp-block-heading\" id=\"day-1-on-the-costa-blanca-denia\"><span class=\"ez-toc-section\" id=\"Day_1_on_the_Costa_Blanca_%E2%80%93_Denia\"><\/span>Day 1 on the Costa Blanca &#8211; D\u00e9nia<span class=\"ez-toc-section-end\"><\/span><\/h2>\n\n\n\n<p>In D\u00e9nia, you&#8217;ll find a little bit of everything, from exploring the city to relaxing on its beaches, so, whichever plan you choose, we&#8217;re sure it won&#8217;t disappoint!<\/p>\n\n\n\n<h3 class=\"has-trawell-cat-2-color has-text-color wp-block-heading\" id=\"nature\"><span class=\"ez-toc-section\" id=\"Nature\"><\/span>Nature<span class=\"ez-toc-section-end\"><\/span><\/h3>\n\n\n\n<p>If you feel like a bit of nature, between J\u00e1vea and D\u00e9nia, you&#8217;ll find the <strong>Montg\u00f3 Natural Park<\/strong>, so, if you are looking to take a break from being on the beach, a great option will be to take one of the six hiking routes that are available on the Montg\u00f3. Check them out <a rel=\"noreferrer noopener\" target=\"_blank\" href=\"http:\/\/www.denia.net\/montgonatural-park\">here<\/a>.<\/p>\n\n\n\n<h3 class=\"has-trawell-cat-2-color has-text-color wp-block-heading\" id=\"beach\"><span class=\"ez-toc-section\" id=\"Beach\"><\/span>Beach<span class=\"ez-toc-section-end\"><\/span><\/h3>\n\n\n\n<p>If, on the other hand, you are looking for a bit of sun and spending some time on the beach, what we like the most is that you&#8217;ll find some stone beaches, so, if it gets a little windy, you won&#8217;t look like a breaded fish finger, and where you will be able to do a bit of snorkelling. In D\u00e9nia, some beaches are busier than others, and there are even dog-friendly beaches.<br>Due to the current health situation, this link will likely come in handy to keep you up to date before you visit its <a rel=\"noreferrer noopener\" target=\"_blank\" href=\"https:\/\/www.denia.net\/the-beaches-of-denia-totally-secure-for-you-and-your-family\">beaches<\/a>.<\/p>\n\n\n\n<div aria-label=\"Carousel Gallery\" class=\"wp-block-coblocks-gallery-carousel has-responsive-height\"><div class=\"is-cropped coblocks-gallery has-no-alignment has-caption-style-dark has-horizontal-gutter has-lightbox\"><div class=\"has-carousel has-carousel-lrg has-aligned-cells\" data-flickity=\"{&quot;autoPlay&quot;:false,&quot;draggable&quot;:true,&quot;pageDots&quot;:false,&quot;prevNextButtons&quot;:true,&quot;wrapAround&quot;:true,&quot;cellAlign&quot;:&quot;left&quot;,&quot;pauseAutoPlayOnHover&quot;:false,&quot;freeScroll&quot;:false,&quot;arrowShape&quot;:{&quot;x0&quot;:10,&quot;x1&quot;:60,&quot;y1&quot;:50,&quot;x2&quot;:65,&quot;y2&quot;:45,&quot;x3&quot;:20},&quot;thumbnails&quot;:false,&quot;responsiveHeight&quot;:true}\"><div class=\"coblocks-gallery--item\"><figure class=\"coblocks-gallery--figure has-margin-left-5 has-margin-left-mobile-5 has-margin-right-5 has-margin-right-mobile-5\"><img loading=\"lazy\" decoding=\"async\" width=\"1024\" height=\"768\" src=\"https:\/\/thelittlerstravel.com\/wp-content\/uploads\/2020\/10\/IMG_5253-1024x768.jpg\" alt=\"Playa para perros\" data-id=\"3274\" data-link=\"https:\/\/thelittlerstravel.com\/img_5253\/\" class=\"wp-image-3274\" srcset=\"https:\/\/thelittlerstravel.com\/wp-content\/uploads\/2020\/10\/IMG_5253-1024x768.jpg 1024w, https:\/\/thelittlerstravel.com\/wp-content\/uploads\/2020\/10\/IMG_5253-300x225.jpg 300w, https:\/\/thelittlerstravel.com\/wp-content\/uploads\/2020\/10\/IMG_5253-768x576.jpg 768w, https:\/\/thelittlerstravel.com\/wp-content\/uploads\/2020\/10\/IMG_5253-1536x1152.jpg 1536w, https:\/\/thelittlerstravel.com\/wp-content\/uploads\/2020\/10\/IMG_5253-2048x1536.jpg 2048w, https:\/\/thelittlerstravel.com\/wp-content\/uploads\/2020\/10\/IMG_5253-16x12.jpg 16w, https:\/\/thelittlerstravel.com\/wp-content\/uploads\/2020\/10\/IMG_5253-1920x1440.jpg 1920w, https:\/\/thelittlerstravel.com\/wp-content\/uploads\/2020\/10\/IMG_5253-600x450.jpg 600w, https:\/\/thelittlerstravel.com\/wp-content\/uploads\/2020\/10\/IMG_5253-800x600.jpg 800w, https:\/\/thelittlerstravel.com\/wp-content\/uploads\/2020\/10\/IMG_5253-141x106.jpg 141w, https:\/\/thelittlerstravel.com\/wp-content\/uploads\/2020\/10\/IMG_5253-380x285.jpg 380w, https:\/\/thelittlerstravel.com\/wp-content\/uploads\/2020\/10\/IMG_5253-247x186.jpg 247w\" sizes=\"auto, (max-width: 1024px) 100vw, 1024px\" \/><\/figure><\/div><div class=\"coblocks-gallery--item\"><figure class=\"coblocks-gallery--figure has-margin-left-5 has-margin-left-mobile-5 has-margin-right-5 has-margin-right-mobile-5\"><img loading=\"lazy\" decoding=\"async\" width=\"1024\" height=\"768\" src=\"https:\/\/thelittlerstravel.com\/wp-content\/uploads\/2020\/10\/IMG_6995-1024x768.jpg\" alt=\"Playa Denia\" data-id=\"3240\" data-link=\"https:\/\/thelittlerstravel.com\/img_6995\/\" class=\"wp-image-3240\" srcset=\"https:\/\/thelittlerstravel.com\/wp-content\/uploads\/2020\/10\/IMG_6995-1024x768.jpg 1024w, https:\/\/thelittlerstravel.com\/wp-content\/uploads\/2020\/10\/IMG_6995-300x225.jpg 300w, https:\/\/thelittlerstravel.com\/wp-content\/uploads\/2020\/10\/IMG_6995-768x576.jpg 768w, https:\/\/thelittlerstravel.com\/wp-content\/uploads\/2020\/10\/IMG_6995-1536x1152.jpg 1536w, https:\/\/thelittlerstravel.com\/wp-content\/uploads\/2020\/10\/IMG_6995-2048x1536.jpg 2048w, https:\/\/thelittlerstravel.com\/wp-content\/uploads\/2020\/10\/IMG_6995-16x12.jpg 16w, https:\/\/thelittlerstravel.com\/wp-content\/uploads\/2020\/10\/IMG_6995-1920x1440.jpg 1920w, https:\/\/thelittlerstravel.com\/wp-content\/uploads\/2020\/10\/IMG_6995-600x450.jpg 600w, https:\/\/thelittlerstravel.com\/wp-content\/uploads\/2020\/10\/IMG_6995-800x600.jpg 800w, https:\/\/thelittlerstravel.com\/wp-content\/uploads\/2020\/10\/IMG_6995-141x106.jpg 141w, https:\/\/thelittlerstravel.com\/wp-content\/uploads\/2020\/10\/IMG_6995-380x285.jpg 380w, https:\/\/thelittlerstravel.com\/wp-content\/uploads\/2020\/10\/IMG_6995-247x186.jpg 247w\" sizes=\"auto, (max-width: 1024px) 100vw, 1024px\" \/><\/figure><\/div><div class=\"coblocks-gallery--item\"><figure class=\"coblocks-gallery--figure has-margin-left-5 has-margin-left-mobile-5 has-margin-right-5 has-margin-right-mobile-5\"><img loading=\"lazy\" decoding=\"async\" width=\"1024\" height=\"768\" src=\"https:\/\/thelittlerstravel.com\/wp-content\/uploads\/2020\/10\/IMG_6200-1024x768.jpg\" alt=\"Playa para perros\" data-id=\"3239\" data-link=\"https:\/\/thelittlerstravel.com\/img_6200\/\" class=\"wp-image-3239\" srcset=\"https:\/\/thelittlerstravel.com\/wp-content\/uploads\/2020\/10\/IMG_6200-1024x768.jpg 1024w, https:\/\/thelittlerstravel.com\/wp-content\/uploads\/2020\/10\/IMG_6200-300x225.jpg 300w, https:\/\/thelittlerstravel.com\/wp-content\/uploads\/2020\/10\/IMG_6200-768x576.jpg 768w, https:\/\/thelittlerstravel.com\/wp-content\/uploads\/2020\/10\/IMG_6200-1536x1152.jpg 1536w, https:\/\/thelittlerstravel.com\/wp-content\/uploads\/2020\/10\/IMG_6200-2048x1536.jpg 2048w, https:\/\/thelittlerstravel.com\/wp-content\/uploads\/2020\/10\/IMG_6200-16x12.jpg 16w, https:\/\/thelittlerstravel.com\/wp-content\/uploads\/2020\/10\/IMG_6200-1920x1440.jpg 1920w, https:\/\/thelittlerstravel.com\/wp-content\/uploads\/2020\/10\/IMG_6200-600x450.jpg 600w, https:\/\/thelittlerstravel.com\/wp-content\/uploads\/2020\/10\/IMG_6200-800x600.jpg 800w, https:\/\/thelittlerstravel.com\/wp-content\/uploads\/2020\/10\/IMG_6200-141x106.jpg 141w, https:\/\/thelittlerstravel.com\/wp-content\/uploads\/2020\/10\/IMG_6200-380x285.jpg 380w, https:\/\/thelittlerstravel.com\/wp-content\/uploads\/2020\/10\/IMG_6200-247x186.jpg 247w\" sizes=\"auto, (max-width: 1024px) 100vw, 1024px\" \/><\/figure><\/div><\/div><\/div><figcaption class=\"coblocks-gallery--caption coblocks-gallery--primary-caption\">Dog-friendly beaches in Denia<\/figcaption><\/div>\n\n\n\n<p>These two are the most popular:<\/p>\n\n\n\n<ul class=\"is-style-checkbox wp-block-list\"><li>North of the port, Les Marines is the largest and most popular beach<\/li><\/ul>\n\n\n\n<ul class=\"is-style-checkbox wp-block-list\"><li>Towards the south is the coast of Les Rotes, which features rocky coves ideal for snorkelling.<\/li><\/ul>\n\n\n\n<p>At Cabo Sant Antonio is the <strong>Cova Tallada<\/strong>, a cave from which stone was extracted and used for construction dating as far back as the 16th century and which you can reach by kayak or hiking. At this <a href=\"https:\/\/www.denia.net\/cova-tallada2\">link<\/a>, you can find more information about how to get there.<\/p>\n\n\n\n<p>A walk around the <strong>marina <\/strong>is a must, where you&#8217;ll be able to enjoy an amazing view packed with yachts and a street full of colourful market stalls from where you can admire the incredible castle of D\u00e9nia.<\/p>\n\n\n\n<div aria-label=\"Carousel Gallery\" class=\"wp-block-coblocks-gallery-carousel has-responsive-height\"><div class=\"is-cropped coblocks-gallery has-no-alignment has-caption-style-dark has-horizontal-gutter has-lightbox\"><div class=\"has-carousel has-carousel-lrg has-aligned-cells\" data-flickity=\"{&quot;autoPlay&quot;:false,&quot;draggable&quot;:true,&quot;pageDots&quot;:false,&quot;prevNextButtons&quot;:true,&quot;wrapAround&quot;:true,&quot;cellAlign&quot;:&quot;left&quot;,&quot;pauseAutoPlayOnHover&quot;:false,&quot;freeScroll&quot;:false,&quot;arrowShape&quot;:{&quot;x0&quot;:10,&quot;x1&quot;:60,&quot;y1&quot;:50,&quot;x2&quot;:65,&quot;y2&quot;:45,&quot;x3&quot;:20},&quot;thumbnails&quot;:false,&quot;responsiveHeight&quot;:true}\"><div class=\"coblocks-gallery--item\"><figure class=\"coblocks-gallery--figure has-margin-left-5 has-margin-left-mobile-5 has-margin-right-5 has-margin-right-mobile-5\"><img loading=\"lazy\" decoding=\"async\" width=\"1024\" height=\"768\" src=\"https:\/\/thelittlerstravel.com\/wp-content\/uploads\/2020\/10\/IMG_6650-1024x768.jpg\" alt=\"Puerto y Castillo de Denia\" data-id=\"3291\" data-link=\"https:\/\/thelittlerstravel.com\/img_6650\/\" class=\"wp-image-3291\" srcset=\"https:\/\/thelittlerstravel.com\/wp-content\/uploads\/2020\/10\/IMG_6650-1024x768.jpg 1024w, https:\/\/thelittlerstravel.com\/wp-content\/uploads\/2020\/10\/IMG_6650-300x225.jpg 300w, https:\/\/thelittlerstravel.com\/wp-content\/uploads\/2020\/10\/IMG_6650-768x576.jpg 768w, https:\/\/thelittlerstravel.com\/wp-content\/uploads\/2020\/10\/IMG_6650-1536x1152.jpg 1536w, https:\/\/thelittlerstravel.com\/wp-content\/uploads\/2020\/10\/IMG_6650-2048x1536.jpg 2048w, https:\/\/thelittlerstravel.com\/wp-content\/uploads\/2020\/10\/IMG_6650-16x12.jpg 16w, https:\/\/thelittlerstravel.com\/wp-content\/uploads\/2020\/10\/IMG_6650-1920x1440.jpg 1920w, https:\/\/thelittlerstravel.com\/wp-content\/uploads\/2020\/10\/IMG_6650-600x450.jpg 600w, https:\/\/thelittlerstravel.com\/wp-content\/uploads\/2020\/10\/IMG_6650-800x600.jpg 800w, https:\/\/thelittlerstravel.com\/wp-content\/uploads\/2020\/10\/IMG_6650-141x106.jpg 141w, https:\/\/thelittlerstravel.com\/wp-content\/uploads\/2020\/10\/IMG_6650-380x285.jpg 380w, https:\/\/thelittlerstravel.com\/wp-content\/uploads\/2020\/10\/IMG_6650-247x186.jpg 247w\" sizes=\"auto, (max-width: 1024px) 100vw, 1024px\" \/><\/figure><\/div><div class=\"coblocks-gallery--item\"><figure class=\"coblocks-gallery--figure has-margin-left-5 has-margin-left-mobile-5 has-margin-right-5 has-margin-right-mobile-5\"><img loading=\"lazy\" decoding=\"async\" width=\"1024\" height=\"768\" src=\"https:\/\/thelittlerstravel.com\/wp-content\/uploads\/2020\/10\/IMG_5774-1024x768.jpg\" alt=\"Paseo del puerto\" data-id=\"3273\" data-link=\"https:\/\/thelittlerstravel.com\/img_5774\/\" class=\"wp-image-3273\" srcset=\"https:\/\/thelittlerstravel.com\/wp-content\/uploads\/2020\/10\/IMG_5774-1024x768.jpg 1024w, https:\/\/thelittlerstravel.com\/wp-content\/uploads\/2020\/10\/IMG_5774-300x225.jpg 300w, https:\/\/thelittlerstravel.com\/wp-content\/uploads\/2020\/10\/IMG_5774-768x576.jpg 768w, https:\/\/thelittlerstravel.com\/wp-content\/uploads\/2020\/10\/IMG_5774-1536x1152.jpg 1536w, https:\/\/thelittlerstravel.com\/wp-content\/uploads\/2020\/10\/IMG_5774-2048x1536.jpg 2048w, https:\/\/thelittlerstravel.com\/wp-content\/uploads\/2020\/10\/IMG_5774-16x12.jpg 16w, https:\/\/thelittlerstravel.com\/wp-content\/uploads\/2020\/10\/IMG_5774-1920x1440.jpg 1920w, https:\/\/thelittlerstravel.com\/wp-content\/uploads\/2020\/10\/IMG_5774-600x450.jpg 600w, https:\/\/thelittlerstravel.com\/wp-content\/uploads\/2020\/10\/IMG_5774-800x600.jpg 800w, https:\/\/thelittlerstravel.com\/wp-content\/uploads\/2020\/10\/IMG_5774-141x106.jpg 141w, https:\/\/thelittlerstravel.com\/wp-content\/uploads\/2020\/10\/IMG_5774-380x285.jpg 380w, https:\/\/thelittlerstravel.com\/wp-content\/uploads\/2020\/10\/IMG_5774-247x186.jpg 247w\" sizes=\"auto, (max-width: 1024px) 100vw, 1024px\" \/><\/figure><\/div><div class=\"coblocks-gallery--item\"><figure class=\"coblocks-gallery--figure has-margin-left-5 has-margin-left-mobile-5 has-margin-right-5 has-margin-right-mobile-5\"><img loading=\"lazy\" decoding=\"async\" width=\"768\" height=\"1024\" src=\"https:\/\/thelittlerstravel.com\/wp-content\/uploads\/2020\/10\/IMG_5963-768x1024.jpg\" alt=\"Puerto y Castillo de Denia\" data-id=\"3237\" data-link=\"https:\/\/thelittlerstravel.com\/img_5963\/\" class=\"wp-image-3237\" srcset=\"https:\/\/thelittlerstravel.com\/wp-content\/uploads\/2020\/10\/IMG_5963-768x1024.jpg 768w, https:\/\/thelittlerstravel.com\/wp-content\/uploads\/2020\/10\/IMG_5963-225x300.jpg 225w, https:\/\/thelittlerstravel.com\/wp-content\/uploads\/2020\/10\/IMG_5963-1152x1536.jpg 1152w, https:\/\/thelittlerstravel.com\/wp-content\/uploads\/2020\/10\/IMG_5963-1536x2048.jpg 1536w, https:\/\/thelittlerstravel.com\/wp-content\/uploads\/2020\/10\/IMG_5963-9x12.jpg 9w, https:\/\/thelittlerstravel.com\/wp-content\/uploads\/2020\/10\/IMG_5963-1440x1920.jpg 1440w, https:\/\/thelittlerstravel.com\/wp-content\/uploads\/2020\/10\/IMG_5963-600x800.jpg 600w, https:\/\/thelittlerstravel.com\/wp-content\/uploads\/2020\/10\/IMG_5963-800x1067.jpg 800w, https:\/\/thelittlerstravel.com\/wp-content\/uploads\/2020\/10\/IMG_5963-380x507.jpg 380w, https:\/\/thelittlerstravel.com\/wp-content\/uploads\/2020\/10\/IMG_5963-247x330.jpg 247w, https:\/\/thelittlerstravel.com\/wp-content\/uploads\/2020\/10\/IMG_5963-278x371.jpg 278w\" sizes=\"auto, (max-width: 768px) 100vw, 768px\" \/><\/figure><\/div><\/div><\/div><figcaption class=\"coblocks-gallery--caption coblocks-gallery--primary-caption\">Denia&#8217;s Marina<\/figcaption><\/div>\n\n\n\n<h3 class=\"has-trawell-cat-2-color has-text-color wp-block-heading\" id=\"city\"><span class=\"ez-toc-section\" id=\"City\"><\/span>City<span class=\"ez-toc-section-end\"><\/span><\/h3>\n\n\n\n<p>If you go into the city, you can get lost strolling through the cobbled streets, walk through the tunnel which, in the past, had been used as a bomb shelter during the Civil War. If you follow the castle wall, visit D\u00e9nia Castle and the Archaeological Museum, coupled with panoramic views you cannot miss.<\/p>\n\n\n\n<div aria-label=\"Carousel Gallery\" class=\"wp-block-coblocks-gallery-carousel has-responsive-height\"><div class=\"is-cropped coblocks-gallery has-no-alignment has-caption-style-dark has-horizontal-gutter has-lightbox\"><div class=\"has-carousel has-carousel-lrg has-aligned-cells\" data-flickity=\"{&quot;autoPlay&quot;:false,&quot;draggable&quot;:true,&quot;pageDots&quot;:false,&quot;prevNextButtons&quot;:true,&quot;wrapAround&quot;:true,&quot;cellAlign&quot;:&quot;left&quot;,&quot;pauseAutoPlayOnHover&quot;:false,&quot;freeScroll&quot;:false,&quot;arrowShape&quot;:{&quot;x0&quot;:10,&quot;x1&quot;:60,&quot;y1&quot;:50,&quot;x2&quot;:65,&quot;y2&quot;:45,&quot;x3&quot;:20},&quot;thumbnails&quot;:false,&quot;responsiveHeight&quot;:true}\"><div class=\"coblocks-gallery--item\"><figure class=\"coblocks-gallery--figure has-margin-left-5 has-margin-left-mobile-5 has-margin-right-5 has-margin-right-mobile-5\"><img loading=\"lazy\" decoding=\"async\" width=\"768\" height=\"1024\" src=\"https:\/\/thelittlerstravel.com\/wp-content\/uploads\/2020\/10\/IMG_5954-768x1024.jpg\" alt=\"Castillo de Denia\" data-id=\"3286\" data-link=\"https:\/\/thelittlerstravel.com\/img_5954\/\" class=\"wp-image-3286\" srcset=\"https:\/\/thelittlerstravel.com\/wp-content\/uploads\/2020\/10\/IMG_5954-768x1024.jpg 768w, https:\/\/thelittlerstravel.com\/wp-content\/uploads\/2020\/10\/IMG_5954-225x300.jpg 225w, https:\/\/thelittlerstravel.com\/wp-content\/uploads\/2020\/10\/IMG_5954-1152x1536.jpg 1152w, https:\/\/thelittlerstravel.com\/wp-content\/uploads\/2020\/10\/IMG_5954-1536x2048.jpg 1536w, https:\/\/thelittlerstravel.com\/wp-content\/uploads\/2020\/10\/IMG_5954-9x12.jpg 9w, https:\/\/thelittlerstravel.com\/wp-content\/uploads\/2020\/10\/IMG_5954-1440x1920.jpg 1440w, https:\/\/thelittlerstravel.com\/wp-content\/uploads\/2020\/10\/IMG_5954-600x800.jpg 600w, https:\/\/thelittlerstravel.com\/wp-content\/uploads\/2020\/10\/IMG_5954-800x1067.jpg 800w, https:\/\/thelittlerstravel.com\/wp-content\/uploads\/2020\/10\/IMG_5954-380x507.jpg 380w, https:\/\/thelittlerstravel.com\/wp-content\/uploads\/2020\/10\/IMG_5954-247x330.jpg 247w, https:\/\/thelittlerstravel.com\/wp-content\/uploads\/2020\/10\/IMG_5954-278x371.jpg 278w\" sizes=\"auto, (max-width: 768px) 100vw, 768px\" \/><\/figure><\/div><div class=\"coblocks-gallery--item\"><figure class=\"coblocks-gallery--figure has-margin-left-5 has-margin-left-mobile-5 has-margin-right-5 has-margin-right-mobile-5\"><img loading=\"lazy\" decoding=\"async\" width=\"768\" height=\"1024\" src=\"https:\/\/thelittlerstravel.com\/wp-content\/uploads\/2020\/10\/IMG_5958-768x1024.jpg\" alt=\"Refugio Antia\u00e9reo\" data-id=\"3288\" data-link=\"https:\/\/thelittlerstravel.com\/img_5958\/\" class=\"wp-image-3288\" srcset=\"https:\/\/thelittlerstravel.com\/wp-content\/uploads\/2020\/10\/IMG_5958-768x1024.jpg 768w, https:\/\/thelittlerstravel.com\/wp-content\/uploads\/2020\/10\/IMG_5958-225x300.jpg 225w, https:\/\/thelittlerstravel.com\/wp-content\/uploads\/2020\/10\/IMG_5958-1152x1536.jpg 1152w, https:\/\/thelittlerstravel.com\/wp-content\/uploads\/2020\/10\/IMG_5958-1536x2048.jpg 1536w, https:\/\/thelittlerstravel.com\/wp-content\/uploads\/2020\/10\/IMG_5958-9x12.jpg 9w, https:\/\/thelittlerstravel.com\/wp-content\/uploads\/2020\/10\/IMG_5958-1440x1920.jpg 1440w, https:\/\/thelittlerstravel.com\/wp-content\/uploads\/2020\/10\/IMG_5958-600x800.jpg 600w, https:\/\/thelittlerstravel.com\/wp-content\/uploads\/2020\/10\/IMG_5958-800x1067.jpg 800w, https:\/\/thelittlerstravel.com\/wp-content\/uploads\/2020\/10\/IMG_5958-380x507.jpg 380w, https:\/\/thelittlerstravel.com\/wp-content\/uploads\/2020\/10\/IMG_5958-247x330.jpg 247w, https:\/\/thelittlerstravel.com\/wp-content\/uploads\/2020\/10\/IMG_5958-278x371.jpg 278w\" sizes=\"auto, (max-width: 768px) 100vw, 768px\" \/><\/figure><\/div><div class=\"coblocks-gallery--item\"><figure class=\"coblocks-gallery--figure has-margin-left-5 has-margin-left-mobile-5 has-margin-right-5 has-margin-right-mobile-5\"><img loading=\"lazy\" decoding=\"async\" width=\"1024\" height=\"768\" src=\"https:\/\/thelittlerstravel.com\/wp-content\/uploads\/2020\/10\/IMG_5950-1024x768.jpg\" alt=\"Castillo de Denia\" data-id=\"3285\" data-link=\"https:\/\/thelittlerstravel.com\/img_5950\/\" class=\"wp-image-3285\" srcset=\"https:\/\/thelittlerstravel.com\/wp-content\/uploads\/2020\/10\/IMG_5950-1024x768.jpg 1024w, https:\/\/thelittlerstravel.com\/wp-content\/uploads\/2020\/10\/IMG_5950-300x225.jpg 300w, https:\/\/thelittlerstravel.com\/wp-content\/uploads\/2020\/10\/IMG_5950-768x576.jpg 768w, https:\/\/thelittlerstravel.com\/wp-content\/uploads\/2020\/10\/IMG_5950-1536x1152.jpg 1536w, https:\/\/thelittlerstravel.com\/wp-content\/uploads\/2020\/10\/IMG_5950-2048x1536.jpg 2048w, https:\/\/thelittlerstravel.com\/wp-content\/uploads\/2020\/10\/IMG_5950-16x12.jpg 16w, https:\/\/thelittlerstravel.com\/wp-content\/uploads\/2020\/10\/IMG_5950-1920x1440.jpg 1920w, https:\/\/thelittlerstravel.com\/wp-content\/uploads\/2020\/10\/IMG_5950-600x450.jpg 600w, https:\/\/thelittlerstravel.com\/wp-content\/uploads\/2020\/10\/IMG_5950-800x600.jpg 800w, https:\/\/thelittlerstravel.com\/wp-content\/uploads\/2020\/10\/IMG_5950-141x106.jpg 141w, https:\/\/thelittlerstravel.com\/wp-content\/uploads\/2020\/10\/IMG_5950-380x285.jpg 380w, https:\/\/thelittlerstravel.com\/wp-content\/uploads\/2020\/10\/IMG_5950-247x186.jpg 247w\" sizes=\"auto, (max-width: 1024px) 100vw, 1024px\" \/><\/figure><\/div><div class=\"coblocks-gallery--item\"><figure class=\"coblocks-gallery--figure has-margin-left-5 has-margin-left-mobile-5 has-margin-right-5 has-margin-right-mobile-5\"><img loading=\"lazy\" decoding=\"async\" width=\"1024\" height=\"768\" src=\"https:\/\/thelittlerstravel.com\/wp-content\/uploads\/2020\/10\/IMG_5961-1024x768.jpg\" alt=\"Refugio Antia\u00e9reo\" data-id=\"3236\" data-link=\"https:\/\/thelittlerstravel.com\/img_5961\/\" class=\"wp-image-3236\" srcset=\"https:\/\/thelittlerstravel.com\/wp-content\/uploads\/2020\/10\/IMG_5961-1024x768.jpg 1024w, https:\/\/thelittlerstravel.com\/wp-content\/uploads\/2020\/10\/IMG_5961-300x225.jpg 300w, https:\/\/thelittlerstravel.com\/wp-content\/uploads\/2020\/10\/IMG_5961-768x576.jpg 768w, https:\/\/thelittlerstravel.com\/wp-content\/uploads\/2020\/10\/IMG_5961-1536x1152.jpg 1536w, https:\/\/thelittlerstravel.com\/wp-content\/uploads\/2020\/10\/IMG_5961-2048x1536.jpg 2048w, https:\/\/thelittlerstravel.com\/wp-content\/uploads\/2020\/10\/IMG_5961-16x12.jpg 16w, https:\/\/thelittlerstravel.com\/wp-content\/uploads\/2020\/10\/IMG_5961-1920x1440.jpg 1920w, https:\/\/thelittlerstravel.com\/wp-content\/uploads\/2020\/10\/IMG_5961-600x450.jpg 600w, https:\/\/thelittlerstravel.com\/wp-content\/uploads\/2020\/10\/IMG_5961-800x600.jpg 800w, https:\/\/thelittlerstravel.com\/wp-content\/uploads\/2020\/10\/IMG_5961-141x106.jpg 141w, https:\/\/thelittlerstravel.com\/wp-content\/uploads\/2020\/10\/IMG_5961-380x285.jpg 380w, https:\/\/thelittlerstravel.com\/wp-content\/uploads\/2020\/10\/IMG_5961-247x186.jpg 247w\" sizes=\"auto, (max-width: 1024px) 100vw, 1024px\" \/><\/figure><\/div><div class=\"coblocks-gallery--item\"><figure class=\"coblocks-gallery--figure has-margin-left-5 has-margin-left-mobile-5 has-margin-right-5 has-margin-right-mobile-5\"><img loading=\"lazy\" decoding=\"async\" width=\"1024\" height=\"768\" src=\"https:\/\/thelittlerstravel.com\/wp-content\/uploads\/2020\/10\/IMG_5956-1024x768.jpg\" alt=\"Castillo de Denia\" data-id=\"3287\" data-link=\"https:\/\/thelittlerstravel.com\/img_5956\/\" class=\"wp-image-3287\" srcset=\"https:\/\/thelittlerstravel.com\/wp-content\/uploads\/2020\/10\/IMG_5956-1024x768.jpg 1024w, https:\/\/thelittlerstravel.com\/wp-content\/uploads\/2020\/10\/IMG_5956-300x225.jpg 300w, https:\/\/thelittlerstravel.com\/wp-content\/uploads\/2020\/10\/IMG_5956-768x576.jpg 768w, https:\/\/thelittlerstravel.com\/wp-content\/uploads\/2020\/10\/IMG_5956-1536x1152.jpg 1536w, https:\/\/thelittlerstravel.com\/wp-content\/uploads\/2020\/10\/IMG_5956-2048x1536.jpg 2048w, https:\/\/thelittlerstravel.com\/wp-content\/uploads\/2020\/10\/IMG_5956-16x12.jpg 16w, https:\/\/thelittlerstravel.com\/wp-content\/uploads\/2020\/10\/IMG_5956-1920x1440.jpg 1920w, https:\/\/thelittlerstravel.com\/wp-content\/uploads\/2020\/10\/IMG_5956-600x450.jpg 600w, https:\/\/thelittlerstravel.com\/wp-content\/uploads\/2020\/10\/IMG_5956-800x600.jpg 800w, https:\/\/thelittlerstravel.com\/wp-content\/uploads\/2020\/10\/IMG_5956-141x106.jpg 141w, https:\/\/thelittlerstravel.com\/wp-content\/uploads\/2020\/10\/IMG_5956-380x285.jpg 380w, https:\/\/thelittlerstravel.com\/wp-content\/uploads\/2020\/10\/IMG_5956-247x186.jpg 247w\" sizes=\"auto, (max-width: 1024px) 100vw, 1024px\" \/><\/figure><\/div><\/div><\/div><figcaption class=\"coblocks-gallery--caption coblocks-gallery--primary-caption\">Denia&#8217;s Castle and Bomb Shelter<\/figcaption><\/div>\n\n\n\n<p><em><u>D\u00e9nia Castle Visiting Hours<\/u> (Entrance from Calle San Francisco): every day from&nbsp;10:00-00:30<\/em><\/p>\n\n\n\n<p><em><u>Archeological Museum Visiting Hours<\/u>:&nbsp;every day from 10:30-22:00 until the 15th of September, except for Sundays, where it will be closed from 13:30 to 15:00.<\/em><\/p>\n\n\n\n<h3 class=\"has-trawell-cat-2-color has-text-color wp-block-heading\" id=\"where-to-eat\"><span class=\"ez-toc-section\" id=\"Where_to_eat\"><\/span>Where to eat?<span class=\"ez-toc-section-end\"><\/span><\/h3>\n\n\n\n<p>For food, these are our favourite spots:<\/p>\n\n\n\n<ul class=\"is-style-checkbox wp-block-list\"><li>El Baret de Miquel: A restaurant that rejected a Michelin star and offers incredible food at reasonable prices. Of course, you will have to book months in advance to secure a table.<\/li><li>Els Magazinos: located in the city centre you will find the largest choice of food and drink in all of D\u00e9nia. A fully pedestrian promenade where dozens of small merchants offer their specialities from around the world.<\/li><li>Campos street is a pedestrian street packed with restaurants with terraces and other shops. We usually have breakfast in Condado Denia, an old theatre where the breakfasts are delicious and with tasty vegan options.<\/li><li>El Raset: in front of the port you will find a lovely walkway where you will be able to enjoy a great variety of food and drink options. We often go to Ticino, part of El Raset group and where there are more vegetarian options than in the rest of the restaurants in that area. This place has a covered terrace, so it is an ideal place to go with your furry friends.<\/li><li>If you have deeper pockets :), we strongly recommend that you don&#8217;t miss the possibility of dining at Quique Dacosta, which has been awarded with 3 Michelin stars.<\/li><\/ul>\n\n\n\n<div aria-label=\"Carousel Gallery\" class=\"wp-block-coblocks-gallery-carousel has-responsive-height\"><div class=\"is-cropped coblocks-gallery has-no-alignment has-caption-style-dark has-horizontal-gutter has-lightbox\"><div class=\"has-carousel has-carousel-lrg has-aligned-cells\" data-flickity=\"{&quot;autoPlay&quot;:false,&quot;draggable&quot;:true,&quot;pageDots&quot;:false,&quot;prevNextButtons&quot;:true,&quot;wrapAround&quot;:true,&quot;cellAlign&quot;:&quot;left&quot;,&quot;pauseAutoPlayOnHover&quot;:false,&quot;freeScroll&quot;:false,&quot;arrowShape&quot;:{&quot;x0&quot;:10,&quot;x1&quot;:60,&quot;y1&quot;:50,&quot;x2&quot;:65,&quot;y2&quot;:45,&quot;x3&quot;:20},&quot;thumbnails&quot;:false,&quot;responsiveHeight&quot;:true}\"><div class=\"coblocks-gallery--item\"><figure class=\"coblocks-gallery--figure has-margin-left-5 has-margin-left-mobile-5 has-margin-right-5 has-margin-right-mobile-5\"><img loading=\"lazy\" decoding=\"async\" width=\"1024\" height=\"964\" src=\"https:\/\/thelittlerstravel.com\/wp-content\/uploads\/2020\/10\/Captura-de-pantalla-2020-10-06-a-las-19.53.45-1024x964.png\" alt=\"Condado Calle Campos\" data-id=\"3289\" data-link=\"https:\/\/thelittlerstravel.com\/captura-de-pantalla-2020-10-06-a-las-19-53-45\/\" class=\"wp-image-3289\" srcset=\"https:\/\/thelittlerstravel.com\/wp-content\/uploads\/2020\/10\/Captura-de-pantalla-2020-10-06-a-las-19.53.45-1024x964.png 1024w, https:\/\/thelittlerstravel.com\/wp-content\/uploads\/2020\/10\/Captura-de-pantalla-2020-10-06-a-las-19.53.45-300x282.png 300w, https:\/\/thelittlerstravel.com\/wp-content\/uploads\/2020\/10\/Captura-de-pantalla-2020-10-06-a-las-19.53.45-768x723.png 768w, https:\/\/thelittlerstravel.com\/wp-content\/uploads\/2020\/10\/Captura-de-pantalla-2020-10-06-a-las-19.53.45-13x12.png 13w, https:\/\/thelittlerstravel.com\/wp-content\/uploads\/2020\/10\/Captura-de-pantalla-2020-10-06-a-las-19.53.45-600x565.png 600w, https:\/\/thelittlerstravel.com\/wp-content\/uploads\/2020\/10\/Captura-de-pantalla-2020-10-06-a-las-19.53.45-800x753.png 800w, https:\/\/thelittlerstravel.com\/wp-content\/uploads\/2020\/10\/Captura-de-pantalla-2020-10-06-a-las-19.53.45.png 1300w\" sizes=\"auto, (max-width: 1024px) 100vw, 1024px\" \/><\/figure><\/div><div class=\"coblocks-gallery--item\"><figure class=\"coblocks-gallery--figure has-margin-left-5 has-margin-left-mobile-5 has-margin-right-5 has-margin-right-mobile-5\"><img loading=\"lazy\" decoding=\"async\" width=\"768\" height=\"1024\" src=\"https:\/\/thelittlerstravel.com\/wp-content\/uploads\/2020\/10\/IMG_0411-768x1024.jpg\" alt=\"Magazinos\" data-id=\"3290\" data-link=\"https:\/\/thelittlerstravel.com\/img_0411\/\" class=\"wp-image-3290\" srcset=\"https:\/\/thelittlerstravel.com\/wp-content\/uploads\/2020\/10\/IMG_0411-768x1024.jpg 768w, https:\/\/thelittlerstravel.com\/wp-content\/uploads\/2020\/10\/IMG_0411-225x300.jpg 225w, https:\/\/thelittlerstravel.com\/wp-content\/uploads\/2020\/10\/IMG_0411-1152x1536.jpg 1152w, https:\/\/thelittlerstravel.com\/wp-content\/uploads\/2020\/10\/IMG_0411-1536x2048.jpg 1536w, https:\/\/thelittlerstravel.com\/wp-content\/uploads\/2020\/10\/IMG_0411-9x12.jpg 9w, https:\/\/thelittlerstravel.com\/wp-content\/uploads\/2020\/10\/IMG_0411-1440x1920.jpg 1440w, https:\/\/thelittlerstravel.com\/wp-content\/uploads\/2020\/10\/IMG_0411-600x800.jpg 600w, https:\/\/thelittlerstravel.com\/wp-content\/uploads\/2020\/10\/IMG_0411-800x1067.jpg 800w, https:\/\/thelittlerstravel.com\/wp-content\/uploads\/2020\/10\/IMG_0411-380x507.jpg 380w, https:\/\/thelittlerstravel.com\/wp-content\/uploads\/2020\/10\/IMG_0411-247x330.jpg 247w, https:\/\/thelittlerstravel.com\/wp-content\/uploads\/2020\/10\/IMG_0411-278x371.jpg 278w\" sizes=\"auto, (max-width: 768px) 100vw, 768px\" \/><\/figure><\/div><div class=\"coblocks-gallery--item\"><figure class=\"coblocks-gallery--figure has-margin-left-5 has-margin-left-mobile-5 has-margin-right-5 has-margin-right-mobile-5\"><img loading=\"lazy\" decoding=\"async\" width=\"1024\" height=\"768\" src=\"https:\/\/thelittlerstravel.com\/wp-content\/uploads\/2020\/10\/IMG_2184-1024x768.jpg\" alt=\"Baret de Miquel\" data-id=\"3302\" data-link=\"https:\/\/thelittlerstravel.com\/img_2184\/\" class=\"wp-image-3302\" srcset=\"https:\/\/thelittlerstravel.com\/wp-content\/uploads\/2020\/10\/IMG_2184-1024x768.jpg 1024w, https:\/\/thelittlerstravel.com\/wp-content\/uploads\/2020\/10\/IMG_2184-300x225.jpg 300w, https:\/\/thelittlerstravel.com\/wp-content\/uploads\/2020\/10\/IMG_2184-768x576.jpg 768w, https:\/\/thelittlerstravel.com\/wp-content\/uploads\/2020\/10\/IMG_2184-1536x1152.jpg 1536w, https:\/\/thelittlerstravel.com\/wp-content\/uploads\/2020\/10\/IMG_2184-2048x1536.jpg 2048w, https:\/\/thelittlerstravel.com\/wp-content\/uploads\/2020\/10\/IMG_2184-16x12.jpg 16w, https:\/\/thelittlerstravel.com\/wp-content\/uploads\/2020\/10\/IMG_2184-1920x1440.jpg 1920w, https:\/\/thelittlerstravel.com\/wp-content\/uploads\/2020\/10\/IMG_2184-600x450.jpg 600w, https:\/\/thelittlerstravel.com\/wp-content\/uploads\/2020\/10\/IMG_2184-800x600.jpg 800w, https:\/\/thelittlerstravel.com\/wp-content\/uploads\/2020\/10\/IMG_2184-141x106.jpg 141w, https:\/\/thelittlerstravel.com\/wp-content\/uploads\/2020\/10\/IMG_2184-380x285.jpg 380w, https:\/\/thelittlerstravel.com\/wp-content\/uploads\/2020\/10\/IMG_2184-247x186.jpg 247w\" sizes=\"auto, (max-width: 1024px) 100vw, 1024px\" \/><\/figure><\/div><div class=\"coblocks-gallery--item\"><figure class=\"coblocks-gallery--figure has-margin-left-5 has-margin-left-mobile-5 has-margin-right-5 has-margin-right-mobile-5\"><img loading=\"lazy\" decoding=\"async\" width=\"768\" height=\"1024\" src=\"https:\/\/thelittlerstravel.com\/wp-content\/uploads\/2020\/10\/IMG_5804-768x1024.jpg\" alt=\"Teatro y Rte Condado\" data-id=\"3283\" data-link=\"https:\/\/thelittlerstravel.com\/img_5804-2\/\" class=\"wp-image-3283\" srcset=\"https:\/\/thelittlerstravel.com\/wp-content\/uploads\/2020\/10\/IMG_5804-768x1024.jpg 768w, https:\/\/thelittlerstravel.com\/wp-content\/uploads\/2020\/10\/IMG_5804-225x300.jpg 225w, https:\/\/thelittlerstravel.com\/wp-content\/uploads\/2020\/10\/IMG_5804-1152x1536.jpg 1152w, https:\/\/thelittlerstravel.com\/wp-content\/uploads\/2020\/10\/IMG_5804-1536x2048.jpg 1536w, https:\/\/thelittlerstravel.com\/wp-content\/uploads\/2020\/10\/IMG_5804-9x12.jpg 9w, https:\/\/thelittlerstravel.com\/wp-content\/uploads\/2020\/10\/IMG_5804-1440x1920.jpg 1440w, https:\/\/thelittlerstravel.com\/wp-content\/uploads\/2020\/10\/IMG_5804-600x800.jpg 600w, https:\/\/thelittlerstravel.com\/wp-content\/uploads\/2020\/10\/IMG_5804-800x1067.jpg 800w, https:\/\/thelittlerstravel.com\/wp-content\/uploads\/2020\/10\/IMG_5804-380x507.jpg 380w, https:\/\/thelittlerstravel.com\/wp-content\/uploads\/2020\/10\/IMG_5804-247x330.jpg 247w, https:\/\/thelittlerstravel.com\/wp-content\/uploads\/2020\/10\/IMG_5804-278x371.jpg 278w\" sizes=\"auto, (max-width: 768px) 100vw, 768px\" \/><\/figure><\/div><div class=\"coblocks-gallery--item\"><figure class=\"coblocks-gallery--figure has-margin-left-5 has-margin-left-mobile-5 has-margin-right-5 has-margin-right-mobile-5\"><img loading=\"lazy\" decoding=\"async\" width=\"1024\" height=\"768\" src=\"https:\/\/thelittlerstravel.com\/wp-content\/uploads\/2020\/10\/IMG_5805-1024x768.jpg\" alt=\"Calle Campos\" data-id=\"3284\" data-link=\"https:\/\/thelittlerstravel.com\/img_5805-2\/\" class=\"wp-image-3284\" srcset=\"https:\/\/thelittlerstravel.com\/wp-content\/uploads\/2020\/10\/IMG_5805-1024x768.jpg 1024w, https:\/\/thelittlerstravel.com\/wp-content\/uploads\/2020\/10\/IMG_5805-300x225.jpg 300w, https:\/\/thelittlerstravel.com\/wp-content\/uploads\/2020\/10\/IMG_5805-768x576.jpg 768w, https:\/\/thelittlerstravel.com\/wp-content\/uploads\/2020\/10\/IMG_5805-1536x1152.jpg 1536w, https:\/\/thelittlerstravel.com\/wp-content\/uploads\/2020\/10\/IMG_5805-2048x1536.jpg 2048w, https:\/\/thelittlerstravel.com\/wp-content\/uploads\/2020\/10\/IMG_5805-16x12.jpg 16w, https:\/\/thelittlerstravel.com\/wp-content\/uploads\/2020\/10\/IMG_5805-1920x1440.jpg 1920w, https:\/\/thelittlerstravel.com\/wp-content\/uploads\/2020\/10\/IMG_5805-600x450.jpg 600w, https:\/\/thelittlerstravel.com\/wp-content\/uploads\/2020\/10\/IMG_5805-800x600.jpg 800w, https:\/\/thelittlerstravel.com\/wp-content\/uploads\/2020\/10\/IMG_5805-141x106.jpg 141w, https:\/\/thelittlerstravel.com\/wp-content\/uploads\/2020\/10\/IMG_5805-380x285.jpg 380w, https:\/\/thelittlerstravel.com\/wp-content\/uploads\/2020\/10\/IMG_5805-247x186.jpg 247w\" sizes=\"auto, (max-width: 1024px) 100vw, 1024px\" \/><\/figure><\/div><\/div><\/div><\/div>\n\n\n\n<p>At night our options are clear, <a rel=\"noreferrer noopener\" href=\"https:\/\/zensamarina.zensa.es\" target=\"_blank\">Zensa Marina<\/a> and\/or the <a rel=\"noreferrer noopener\" href=\"https:\/\/zensalounge.zensa.es\" target=\"_blank\">Zensa Lounge<\/a>, both with amazing views of the port and marina, where you will enjoy some delicious cocktails.<\/p>\n\n\n\n<div aria-label=\"Carousel Gallery\" class=\"wp-block-coblocks-gallery-carousel has-responsive-height\"><div class=\"is-cropped coblocks-gallery has-no-alignment has-caption-style-dark has-horizontal-gutter has-lightbox\"><div class=\"has-carousel has-carousel-lrg has-aligned-cells\" data-flickity=\"{&quot;autoPlay&quot;:false,&quot;draggable&quot;:true,&quot;pageDots&quot;:false,&quot;prevNextButtons&quot;:true,&quot;wrapAround&quot;:true,&quot;cellAlign&quot;:&quot;left&quot;,&quot;pauseAutoPlayOnHover&quot;:false,&quot;freeScroll&quot;:false,&quot;arrowShape&quot;:{&quot;x0&quot;:10,&quot;x1&quot;:60,&quot;y1&quot;:50,&quot;x2&quot;:65,&quot;y2&quot;:45,&quot;x3&quot;:20},&quot;thumbnails&quot;:false,&quot;responsiveHeight&quot;:true}\"><div class=\"coblocks-gallery--item\"><figure class=\"coblocks-gallery--figure has-margin-left-5 has-margin-left-mobile-5 has-margin-right-5 has-margin-right-mobile-5\"><img loading=\"lazy\" decoding=\"async\" width=\"1024\" height=\"768\" src=\"https:\/\/thelittlerstravel.com\/wp-content\/uploads\/2020\/10\/IMG_2164-1024x768.jpg\" alt=\"Mala Vita\" data-id=\"3227\" data-link=\"https:\/\/thelittlerstravel.com\/img_2164\/\" class=\"wp-image-3227\" srcset=\"https:\/\/thelittlerstravel.com\/wp-content\/uploads\/2020\/10\/IMG_2164-1024x768.jpg 1024w, https:\/\/thelittlerstravel.com\/wp-content\/uploads\/2020\/10\/IMG_2164-300x225.jpg 300w, https:\/\/thelittlerstravel.com\/wp-content\/uploads\/2020\/10\/IMG_2164-768x576.jpg 768w, https:\/\/thelittlerstravel.com\/wp-content\/uploads\/2020\/10\/IMG_2164-1536x1152.jpg 1536w, https:\/\/thelittlerstravel.com\/wp-content\/uploads\/2020\/10\/IMG_2164-2048x1536.jpg 2048w, https:\/\/thelittlerstravel.com\/wp-content\/uploads\/2020\/10\/IMG_2164-16x12.jpg 16w, https:\/\/thelittlerstravel.com\/wp-content\/uploads\/2020\/10\/IMG_2164-1920x1440.jpg 1920w, https:\/\/thelittlerstravel.com\/wp-content\/uploads\/2020\/10\/IMG_2164-600x450.jpg 600w, https:\/\/thelittlerstravel.com\/wp-content\/uploads\/2020\/10\/IMG_2164-800x600.jpg 800w, https:\/\/thelittlerstravel.com\/wp-content\/uploads\/2020\/10\/IMG_2164-141x106.jpg 141w, https:\/\/thelittlerstravel.com\/wp-content\/uploads\/2020\/10\/IMG_2164-380x285.jpg 380w, https:\/\/thelittlerstravel.com\/wp-content\/uploads\/2020\/10\/IMG_2164-247x186.jpg 247w\" sizes=\"auto, (max-width: 1024px) 100vw, 1024px\" \/><\/figure><\/div><div class=\"coblocks-gallery--item\"><figure class=\"coblocks-gallery--figure has-margin-left-5 has-margin-left-mobile-5 has-margin-right-5 has-margin-right-mobile-5\"><img loading=\"lazy\" decoding=\"async\" width=\"768\" height=\"1024\" src=\"https:\/\/thelittlerstravel.com\/wp-content\/uploads\/2020\/10\/IMG_6659-768x1024.jpg\" alt=\"Zensa Lounge\" data-id=\"3292\" data-link=\"https:\/\/thelittlerstravel.com\/img_6659\/\" class=\"wp-image-3292\" srcset=\"https:\/\/thelittlerstravel.com\/wp-content\/uploads\/2020\/10\/IMG_6659-768x1024.jpg 768w, https:\/\/thelittlerstravel.com\/wp-content\/uploads\/2020\/10\/IMG_6659-225x300.jpg 225w, https:\/\/thelittlerstravel.com\/wp-content\/uploads\/2020\/10\/IMG_6659-1152x1536.jpg 1152w, https:\/\/thelittlerstravel.com\/wp-content\/uploads\/2020\/10\/IMG_6659-1536x2048.jpg 1536w, https:\/\/thelittlerstravel.com\/wp-content\/uploads\/2020\/10\/IMG_6659-9x12.jpg 9w, https:\/\/thelittlerstravel.com\/wp-content\/uploads\/2020\/10\/IMG_6659-1440x1920.jpg 1440w, https:\/\/thelittlerstravel.com\/wp-content\/uploads\/2020\/10\/IMG_6659-600x800.jpg 600w, https:\/\/thelittlerstravel.com\/wp-content\/uploads\/2020\/10\/IMG_6659-800x1067.jpg 800w, https:\/\/thelittlerstravel.com\/wp-content\/uploads\/2020\/10\/IMG_6659-380x507.jpg 380w, https:\/\/thelittlerstravel.com\/wp-content\/uploads\/2020\/10\/IMG_6659-247x330.jpg 247w, https:\/\/thelittlerstravel.com\/wp-content\/uploads\/2020\/10\/IMG_6659-278x371.jpg 278w\" sizes=\"auto, (max-width: 768px) 100vw, 768px\" \/><\/figure><\/div><div class=\"coblocks-gallery--item\"><figure class=\"coblocks-gallery--figure has-margin-left-5 has-margin-left-mobile-5 has-margin-right-5 has-margin-right-mobile-5\"><img loading=\"lazy\" decoding=\"async\" width=\"1024\" height=\"768\" src=\"https:\/\/thelittlerstravel.com\/wp-content\/uploads\/2020\/10\/IMG_4015-1024x768.jpg\" alt=\"Zensa Marina\" data-id=\"3229\" data-link=\"https:\/\/thelittlerstravel.com\/img_4015\/\" class=\"wp-image-3229\" srcset=\"https:\/\/thelittlerstravel.com\/wp-content\/uploads\/2020\/10\/IMG_4015-1024x768.jpg 1024w, https:\/\/thelittlerstravel.com\/wp-content\/uploads\/2020\/10\/IMG_4015-300x225.jpg 300w, https:\/\/thelittlerstravel.com\/wp-content\/uploads\/2020\/10\/IMG_4015-768x576.jpg 768w, https:\/\/thelittlerstravel.com\/wp-content\/uploads\/2020\/10\/IMG_4015-1536x1152.jpg 1536w, https:\/\/thelittlerstravel.com\/wp-content\/uploads\/2020\/10\/IMG_4015-2048x1536.jpg 2048w, https:\/\/thelittlerstravel.com\/wp-content\/uploads\/2020\/10\/IMG_4015-16x12.jpg 16w, https:\/\/thelittlerstravel.com\/wp-content\/uploads\/2020\/10\/IMG_4015-1920x1440.jpg 1920w, https:\/\/thelittlerstravel.com\/wp-content\/uploads\/2020\/10\/IMG_4015-600x450.jpg 600w, https:\/\/thelittlerstravel.com\/wp-content\/uploads\/2020\/10\/IMG_4015-800x600.jpg 800w, https:\/\/thelittlerstravel.com\/wp-content\/uploads\/2020\/10\/IMG_4015-141x106.jpg 141w, https:\/\/thelittlerstravel.com\/wp-content\/uploads\/2020\/10\/IMG_4015-380x285.jpg 380w, https:\/\/thelittlerstravel.com\/wp-content\/uploads\/2020\/10\/IMG_4015-247x186.jpg 247w\" sizes=\"auto, (max-width: 1024px) 100vw, 1024px\" \/><\/figure><\/div><div class=\"coblocks-gallery--item\"><figure class=\"coblocks-gallery--figure has-margin-left-5 has-margin-left-mobile-5 has-margin-right-5 has-margin-right-mobile-5\"><img loading=\"lazy\" decoding=\"async\" width=\"1024\" height=\"768\" src=\"https:\/\/thelittlerstravel.com\/wp-content\/uploads\/2020\/10\/IMG_2172-1024x768.jpg\" alt=\"Terraza Mala Vita\" data-id=\"3301\" data-link=\"https:\/\/thelittlerstravel.com\/img_2172\/\" class=\"wp-image-3301\" srcset=\"https:\/\/thelittlerstravel.com\/wp-content\/uploads\/2020\/10\/IMG_2172-1024x768.jpg 1024w, https:\/\/thelittlerstravel.com\/wp-content\/uploads\/2020\/10\/IMG_2172-300x225.jpg 300w, https:\/\/thelittlerstravel.com\/wp-content\/uploads\/2020\/10\/IMG_2172-768x576.jpg 768w, https:\/\/thelittlerstravel.com\/wp-content\/uploads\/2020\/10\/IMG_2172-1536x1152.jpg 1536w, https:\/\/thelittlerstravel.com\/wp-content\/uploads\/2020\/10\/IMG_2172-2048x1536.jpg 2048w, https:\/\/thelittlerstravel.com\/wp-content\/uploads\/2020\/10\/IMG_2172-16x12.jpg 16w, https:\/\/thelittlerstravel.com\/wp-content\/uploads\/2020\/10\/IMG_2172-1920x1440.jpg 1920w, https:\/\/thelittlerstravel.com\/wp-content\/uploads\/2020\/10\/IMG_2172-600x450.jpg 600w, https:\/\/thelittlerstravel.com\/wp-content\/uploads\/2020\/10\/IMG_2172-800x600.jpg 800w, https:\/\/thelittlerstravel.com\/wp-content\/uploads\/2020\/10\/IMG_2172-141x106.jpg 141w, https:\/\/thelittlerstravel.com\/wp-content\/uploads\/2020\/10\/IMG_2172-380x285.jpg 380w, https:\/\/thelittlerstravel.com\/wp-content\/uploads\/2020\/10\/IMG_2172-247x186.jpg 247w\" sizes=\"auto, (max-width: 1024px) 100vw, 1024px\" \/><\/figure><\/div><\/div><\/div><\/div>\n\n\n\n<h2 class=\"has-trawell-cat-2-color has-text-color wp-block-heading\" id=\"day-2-on-the-costa-blanca-javea-xabia\"><span class=\"ez-toc-section\" id=\"Day_2_on_the_Costa_Blanca_%E2%80%93_JaveaXabia\"><\/span>Day 2 on the Costa Blanca &#8211; J\u00e1vea\/X\u00e0bia<span class=\"ez-toc-section-end\"><\/span><\/h2>\n\n\n\n<p>La Vall d\u2019Alcal\u00e0, the village in which we live, is a little over an hour away from Javea\/X\u00e0bia which is our favourite destination and the place of our dreams.<\/p>\n\n\n\n<h3 class=\"has-trawell-cat-2-color has-text-color wp-block-heading\" id=\"city\"><span class=\"ez-toc-section\" id=\"City-2\"><\/span>City<span class=\"ez-toc-section-end\"><\/span><\/h3>\n\n\n\n<p>This town is not massive, although it has everything:<\/p>\n\n\n\n<ul class=\"is-style-checkbox wp-block-list\"><li>On the one hand, <strong>the Arenal<\/strong>, about 10 minutes by car or bike from the city-centre, is the main coastal and tourist area. In this neighbourhood, you will find more bars, restaurants, night clubs and cocktail bars than you can imagine. When you arrive, there is so much on offer that you don&#8217;t know where to go. As this consistently happens to us, we have gotten into a routine and always make a stop at Chabada, where we enjoy a cocktail overlooking the sea and think about where we want to go.<\/li><\/ul>\n\n\n\n<div aria-label=\"Carousel Gallery\" class=\"wp-block-coblocks-gallery-carousel has-responsive-height\"><div class=\"is-cropped coblocks-gallery has-no-alignment has-caption-style-dark has-horizontal-gutter has-lightbox\"><div class=\"has-carousel has-carousel-lrg has-aligned-cells\" data-flickity=\"{&quot;autoPlay&quot;:false,&quot;draggable&quot;:true,&quot;pageDots&quot;:false,&quot;prevNextButtons&quot;:true,&quot;wrapAround&quot;:true,&quot;cellAlign&quot;:&quot;left&quot;,&quot;pauseAutoPlayOnHover&quot;:false,&quot;freeScroll&quot;:false,&quot;arrowShape&quot;:{&quot;x0&quot;:10,&quot;x1&quot;:60,&quot;y1&quot;:50,&quot;x2&quot;:65,&quot;y2&quot;:45,&quot;x3&quot;:20},&quot;thumbnails&quot;:false,&quot;responsiveHeight&quot;:true}\"><div class=\"coblocks-gallery--item\"><figure class=\"coblocks-gallery--figure has-margin-left-5 has-margin-left-mobile-5 has-margin-right-5 has-margin-right-mobile-5\"><img loading=\"lazy\" decoding=\"async\" width=\"768\" height=\"1024\" src=\"https:\/\/thelittlerstravel.com\/wp-content\/uploads\/2020\/10\/IMG_5522-768x1024.jpg\" alt=\"Paseo del Arenal\" data-id=\"3264\" data-link=\"https:\/\/thelittlerstravel.com\/img_5522\/\" class=\"wp-image-3264\" srcset=\"https:\/\/thelittlerstravel.com\/wp-content\/uploads\/2020\/10\/IMG_5522-768x1024.jpg 768w, https:\/\/thelittlerstravel.com\/wp-content\/uploads\/2020\/10\/IMG_5522-225x300.jpg 225w, https:\/\/thelittlerstravel.com\/wp-content\/uploads\/2020\/10\/IMG_5522-1152x1536.jpg 1152w, https:\/\/thelittlerstravel.com\/wp-content\/uploads\/2020\/10\/IMG_5522-1536x2048.jpg 1536w, https:\/\/thelittlerstravel.com\/wp-content\/uploads\/2020\/10\/IMG_5522-9x12.jpg 9w, https:\/\/thelittlerstravel.com\/wp-content\/uploads\/2020\/10\/IMG_5522-1440x1920.jpg 1440w, https:\/\/thelittlerstravel.com\/wp-content\/uploads\/2020\/10\/IMG_5522-600x800.jpg 600w, https:\/\/thelittlerstravel.com\/wp-content\/uploads\/2020\/10\/IMG_5522-800x1067.jpg 800w, https:\/\/thelittlerstravel.com\/wp-content\/uploads\/2020\/10\/IMG_5522-380x507.jpg 380w, https:\/\/thelittlerstravel.com\/wp-content\/uploads\/2020\/10\/IMG_5522-247x330.jpg 247w, https:\/\/thelittlerstravel.com\/wp-content\/uploads\/2020\/10\/IMG_5522-278x371.jpg 278w\" sizes=\"auto, (max-width: 768px) 100vw, 768px\" \/><\/figure><\/div><div class=\"coblocks-gallery--item\"><figure class=\"coblocks-gallery--figure has-margin-left-5 has-margin-left-mobile-5 has-margin-right-5 has-margin-right-mobile-5\"><img loading=\"lazy\" decoding=\"async\" width=\"1024\" height=\"768\" src=\"https:\/\/thelittlerstravel.com\/wp-content\/uploads\/2020\/10\/IMG_7293-1-1024x768.jpg\" alt=\"Cocteler\u00eda en Arenal J\u00e1vea\" data-id=\"3280\" data-link=\"https:\/\/thelittlerstravel.com\/img_7293-2\/\" class=\"wp-image-3280\" srcset=\"https:\/\/thelittlerstravel.com\/wp-content\/uploads\/2020\/10\/IMG_7293-1-1024x768.jpg 1024w, https:\/\/thelittlerstravel.com\/wp-content\/uploads\/2020\/10\/IMG_7293-1-300x225.jpg 300w, https:\/\/thelittlerstravel.com\/wp-content\/uploads\/2020\/10\/IMG_7293-1-768x576.jpg 768w, https:\/\/thelittlerstravel.com\/wp-content\/uploads\/2020\/10\/IMG_7293-1-1536x1152.jpg 1536w, https:\/\/thelittlerstravel.com\/wp-content\/uploads\/2020\/10\/IMG_7293-1-2048x1536.jpg 2048w, https:\/\/thelittlerstravel.com\/wp-content\/uploads\/2020\/10\/IMG_7293-1-16x12.jpg 16w, https:\/\/thelittlerstravel.com\/wp-content\/uploads\/2020\/10\/IMG_7293-1-1920x1440.jpg 1920w, https:\/\/thelittlerstravel.com\/wp-content\/uploads\/2020\/10\/IMG_7293-1-600x450.jpg 600w, https:\/\/thelittlerstravel.com\/wp-content\/uploads\/2020\/10\/IMG_7293-1-800x600.jpg 800w, https:\/\/thelittlerstravel.com\/wp-content\/uploads\/2020\/10\/IMG_7293-1-141x106.jpg 141w, https:\/\/thelittlerstravel.com\/wp-content\/uploads\/2020\/10\/IMG_7293-1-380x285.jpg 380w, https:\/\/thelittlerstravel.com\/wp-content\/uploads\/2020\/10\/IMG_7293-1-247x186.jpg 247w\" sizes=\"auto, (max-width: 1024px) 100vw, 1024px\" \/><\/figure><\/div><div class=\"coblocks-gallery--item\"><figure class=\"coblocks-gallery--figure has-margin-left-5 has-margin-left-mobile-5 has-margin-right-5 has-margin-right-mobile-5\"><img loading=\"lazy\" decoding=\"async\" width=\"768\" height=\"1024\" src=\"https:\/\/thelittlerstravel.com\/wp-content\/uploads\/2020\/10\/IMG_2905-768x1024.jpg\" alt=\"Chabada Arenal J\u00e1vea\" data-id=\"3258\" data-link=\"https:\/\/thelittlerstravel.com\/img_2905\/\" class=\"wp-image-3258\" srcset=\"https:\/\/thelittlerstravel.com\/wp-content\/uploads\/2020\/10\/IMG_2905-768x1024.jpg 768w, https:\/\/thelittlerstravel.com\/wp-content\/uploads\/2020\/10\/IMG_2905-225x300.jpg 225w, https:\/\/thelittlerstravel.com\/wp-content\/uploads\/2020\/10\/IMG_2905-1152x1536.jpg 1152w, https:\/\/thelittlerstravel.com\/wp-content\/uploads\/2020\/10\/IMG_2905-1536x2048.jpg 1536w, https:\/\/thelittlerstravel.com\/wp-content\/uploads\/2020\/10\/IMG_2905-9x12.jpg 9w, https:\/\/thelittlerstravel.com\/wp-content\/uploads\/2020\/10\/IMG_2905-1440x1920.jpg 1440w, https:\/\/thelittlerstravel.com\/wp-content\/uploads\/2020\/10\/IMG_2905-600x800.jpg 600w, https:\/\/thelittlerstravel.com\/wp-content\/uploads\/2020\/10\/IMG_2905-800x1067.jpg 800w, https:\/\/thelittlerstravel.com\/wp-content\/uploads\/2020\/10\/IMG_2905-380x507.jpg 380w, https:\/\/thelittlerstravel.com\/wp-content\/uploads\/2020\/10\/IMG_2905-247x330.jpg 247w, https:\/\/thelittlerstravel.com\/wp-content\/uploads\/2020\/10\/IMG_2905-278x371.jpg 278w\" sizes=\"auto, (max-width: 768px) 100vw, 768px\" \/><\/figure><\/div><\/div><\/div><figcaption class=\"coblocks-gallery--caption coblocks-gallery--primary-caption\">The Arenal in J\u00e1vea<\/figcaption><\/div>\n\n\n\n<ul class=\"is-style-checkbox wp-block-list\"><li>On the other hand, you have <strong>the old town<\/strong>, with its narrow streets and churches full of history, quaint bars and traditional shops. We recommend that you take a walk through its streets and have a tapas in one of the little bars that you will find on either side of the street, and without a doubt, visit San Bartolom\u00e9 church.<\/li><\/ul>\n\n\n\n<div aria-label=\"Carousel Gallery\" class=\"wp-block-coblocks-gallery-carousel has-responsive-height\"><div class=\"is-cropped coblocks-gallery has-no-alignment has-caption-style-dark has-horizontal-gutter has-lightbox\"><div class=\"has-carousel has-carousel-lrg has-aligned-cells\" data-flickity=\"{&quot;autoPlay&quot;:false,&quot;draggable&quot;:true,&quot;pageDots&quot;:false,&quot;prevNextButtons&quot;:true,&quot;wrapAround&quot;:true,&quot;cellAlign&quot;:&quot;left&quot;,&quot;pauseAutoPlayOnHover&quot;:false,&quot;freeScroll&quot;:false,&quot;arrowShape&quot;:{&quot;x0&quot;:10,&quot;x1&quot;:60,&quot;y1&quot;:50,&quot;x2&quot;:65,&quot;y2&quot;:45,&quot;x3&quot;:20},&quot;thumbnails&quot;:false,&quot;responsiveHeight&quot;:true}\"><div class=\"coblocks-gallery--item\"><figure class=\"coblocks-gallery--figure has-margin-left-5 has-margin-left-mobile-5 has-margin-right-5 has-margin-right-mobile-5\"><img loading=\"lazy\" decoding=\"async\" width=\"768\" height=\"1024\" src=\"https:\/\/thelittlerstravel.com\/wp-content\/uploads\/2020\/10\/Javea-1-768x1024.jpg\" alt=\"Iglesia de San Bartolom\u00e9 J\u00e1vea\" data-id=\"3306\" data-link=\"https:\/\/thelittlerstravel.com\/javea-1\/\" class=\"wp-image-3306\" srcset=\"https:\/\/thelittlerstravel.com\/wp-content\/uploads\/2020\/10\/Javea-1-768x1024.jpg 768w, https:\/\/thelittlerstravel.com\/wp-content\/uploads\/2020\/10\/Javea-1-225x300.jpg 225w, https:\/\/thelittlerstravel.com\/wp-content\/uploads\/2020\/10\/Javea-1-1152x1536.jpg 1152w, https:\/\/thelittlerstravel.com\/wp-content\/uploads\/2020\/10\/Javea-1-1536x2048.jpg 1536w, https:\/\/thelittlerstravel.com\/wp-content\/uploads\/2020\/10\/Javea-1-9x12.jpg 9w, https:\/\/thelittlerstravel.com\/wp-content\/uploads\/2020\/10\/Javea-1-1440x1920.jpg 1440w, https:\/\/thelittlerstravel.com\/wp-content\/uploads\/2020\/10\/Javea-1-600x800.jpg 600w, https:\/\/thelittlerstravel.com\/wp-content\/uploads\/2020\/10\/Javea-1-800x1067.jpg 800w, https:\/\/thelittlerstravel.com\/wp-content\/uploads\/2020\/10\/Javea-1-380x507.jpg 380w, https:\/\/thelittlerstravel.com\/wp-content\/uploads\/2020\/10\/Javea-1-247x330.jpg 247w, https:\/\/thelittlerstravel.com\/wp-content\/uploads\/2020\/10\/Javea-1-278x371.jpg 278w\" sizes=\"auto, (max-width: 768px) 100vw, 768px\" \/><\/figure><\/div><div class=\"coblocks-gallery--item\"><figure class=\"coblocks-gallery--figure has-margin-left-5 has-margin-left-mobile-5 has-margin-right-5 has-margin-right-mobile-5\"><img loading=\"lazy\" decoding=\"async\" width=\"768\" height=\"1024\" src=\"https:\/\/thelittlerstravel.com\/wp-content\/uploads\/2020\/10\/IMG_4693-768x1024.jpg\" alt=\"Calle J\u00e1vea\" data-id=\"3305\" data-link=\"https:\/\/thelittlerstravel.com\/img_4693\/\" class=\"wp-image-3305\" srcset=\"https:\/\/thelittlerstravel.com\/wp-content\/uploads\/2020\/10\/IMG_4693-768x1024.jpg 768w, https:\/\/thelittlerstravel.com\/wp-content\/uploads\/2020\/10\/IMG_4693-225x300.jpg 225w, https:\/\/thelittlerstravel.com\/wp-content\/uploads\/2020\/10\/IMG_4693-1152x1536.jpg 1152w, https:\/\/thelittlerstravel.com\/wp-content\/uploads\/2020\/10\/IMG_4693-1536x2048.jpg 1536w, https:\/\/thelittlerstravel.com\/wp-content\/uploads\/2020\/10\/IMG_4693-9x12.jpg 9w, https:\/\/thelittlerstravel.com\/wp-content\/uploads\/2020\/10\/IMG_4693-1440x1920.jpg 1440w, https:\/\/thelittlerstravel.com\/wp-content\/uploads\/2020\/10\/IMG_4693-600x800.jpg 600w, https:\/\/thelittlerstravel.com\/wp-content\/uploads\/2020\/10\/IMG_4693-800x1067.jpg 800w, https:\/\/thelittlerstravel.com\/wp-content\/uploads\/2020\/10\/IMG_4693-380x507.jpg 380w, https:\/\/thelittlerstravel.com\/wp-content\/uploads\/2020\/10\/IMG_4693-247x330.jpg 247w, https:\/\/thelittlerstravel.com\/wp-content\/uploads\/2020\/10\/IMG_4693-278x371.jpg 278w\" sizes=\"auto, (max-width: 768px) 100vw, 768px\" \/><\/figure><\/div><div class=\"coblocks-gallery--item\"><figure class=\"coblocks-gallery--figure has-margin-left-5 has-margin-left-mobile-5 has-margin-right-5 has-margin-right-mobile-5\"><img loading=\"lazy\" decoding=\"async\" width=\"768\" height=\"1024\" src=\"https:\/\/thelittlerstravel.com\/wp-content\/uploads\/2020\/10\/IMG_4692-768x1024.jpg\" alt=\"Calle J\u00e1vea\" data-id=\"3304\" data-link=\"https:\/\/thelittlerstravel.com\/img_4692\/\" class=\"wp-image-3304\" srcset=\"https:\/\/thelittlerstravel.com\/wp-content\/uploads\/2020\/10\/IMG_4692-768x1024.jpg 768w, https:\/\/thelittlerstravel.com\/wp-content\/uploads\/2020\/10\/IMG_4692-225x300.jpg 225w, https:\/\/thelittlerstravel.com\/wp-content\/uploads\/2020\/10\/IMG_4692-1152x1536.jpg 1152w, https:\/\/thelittlerstravel.com\/wp-content\/uploads\/2020\/10\/IMG_4692-1536x2048.jpg 1536w, https:\/\/thelittlerstravel.com\/wp-content\/uploads\/2020\/10\/IMG_4692-9x12.jpg 9w, https:\/\/thelittlerstravel.com\/wp-content\/uploads\/2020\/10\/IMG_4692-1440x1920.jpg 1440w, https:\/\/thelittlerstravel.com\/wp-content\/uploads\/2020\/10\/IMG_4692-600x800.jpg 600w, https:\/\/thelittlerstravel.com\/wp-content\/uploads\/2020\/10\/IMG_4692-800x1067.jpg 800w, https:\/\/thelittlerstravel.com\/wp-content\/uploads\/2020\/10\/IMG_4692-380x507.jpg 380w, https:\/\/thelittlerstravel.com\/wp-content\/uploads\/2020\/10\/IMG_4692-247x330.jpg 247w, https:\/\/thelittlerstravel.com\/wp-content\/uploads\/2020\/10\/IMG_4692-278x371.jpg 278w\" sizes=\"auto, (max-width: 768px) 100vw, 768px\" \/><\/figure><\/div><\/div><\/div><\/div>\n\n\n\n<h3 class=\"has-trawell-cat-2-color has-text-color wp-block-heading\" id=\"nature\"><span class=\"ez-toc-section\" id=\"Nature-2\"><\/span>Nature<span class=\"ez-toc-section-end\"><\/span><\/h3>\n\n\n\n<p>If you feel like a bit of nature, a very beautiful place to visit is the Lighthouse, from where the views of the coast are unbeatable or go to the Montg\u00f3 Natural Park. You can make the most of it and enjoy a nice cycling route, we rent our bicycles from <a rel=\"noreferrer noopener\" href=\"https:\/\/www.xabiasbike.com\/\" target=\"_blank\">Xabia&#8217;s Bike<\/a>.<\/p>\n\n\n\n<div aria-label=\"Carousel Gallery\" class=\"wp-block-coblocks-gallery-carousel has-responsive-height\"><div class=\"is-cropped coblocks-gallery has-no-alignment has-caption-style-dark has-horizontal-gutter has-lightbox\"><div class=\"has-carousel has-carousel-lrg has-aligned-cells\" data-flickity=\"{&quot;autoPlay&quot;:false,&quot;draggable&quot;:true,&quot;pageDots&quot;:false,&quot;prevNextButtons&quot;:true,&quot;wrapAround&quot;:true,&quot;cellAlign&quot;:&quot;left&quot;,&quot;pauseAutoPlayOnHover&quot;:false,&quot;freeScroll&quot;:false,&quot;arrowShape&quot;:{&quot;x0&quot;:10,&quot;x1&quot;:60,&quot;y1&quot;:50,&quot;x2&quot;:65,&quot;y2&quot;:45,&quot;x3&quot;:20},&quot;thumbnails&quot;:false,&quot;responsiveHeight&quot;:true}\"><div class=\"coblocks-gallery--item\"><figure class=\"coblocks-gallery--figure has-margin-left-5 has-margin-left-mobile-5 has-margin-right-5 has-margin-right-mobile-5\"><img loading=\"lazy\" decoding=\"async\" width=\"1024\" height=\"768\" src=\"https:\/\/thelittlerstravel.com\/wp-content\/uploads\/2020\/10\/IMG_0263-1024x768.jpg\" alt=\"Vistas desde el Faro de J\u00e1vea\" data-id=\"3243\" data-link=\"https:\/\/thelittlerstravel.com\/img_0263\/\" class=\"wp-image-3243\" srcset=\"https:\/\/thelittlerstravel.com\/wp-content\/uploads\/2020\/10\/IMG_0263-1024x768.jpg 1024w, https:\/\/thelittlerstravel.com\/wp-content\/uploads\/2020\/10\/IMG_0263-300x225.jpg 300w, https:\/\/thelittlerstravel.com\/wp-content\/uploads\/2020\/10\/IMG_0263-768x576.jpg 768w, https:\/\/thelittlerstravel.com\/wp-content\/uploads\/2020\/10\/IMG_0263-1536x1152.jpg 1536w, https:\/\/thelittlerstravel.com\/wp-content\/uploads\/2020\/10\/IMG_0263-2048x1536.jpg 2048w, https:\/\/thelittlerstravel.com\/wp-content\/uploads\/2020\/10\/IMG_0263-16x12.jpg 16w, https:\/\/thelittlerstravel.com\/wp-content\/uploads\/2020\/10\/IMG_0263-1920x1440.jpg 1920w, https:\/\/thelittlerstravel.com\/wp-content\/uploads\/2020\/10\/IMG_0263-600x450.jpg 600w, https:\/\/thelittlerstravel.com\/wp-content\/uploads\/2020\/10\/IMG_0263-800x600.jpg 800w, https:\/\/thelittlerstravel.com\/wp-content\/uploads\/2020\/10\/IMG_0263-141x106.jpg 141w, https:\/\/thelittlerstravel.com\/wp-content\/uploads\/2020\/10\/IMG_0263-380x285.jpg 380w, https:\/\/thelittlerstravel.com\/wp-content\/uploads\/2020\/10\/IMG_0263-247x186.jpg 247w\" sizes=\"auto, (max-width: 1024px) 100vw, 1024px\" \/><\/figure><\/div><div class=\"coblocks-gallery--item\"><figure class=\"coblocks-gallery--figure has-margin-left-5 has-margin-left-mobile-5 has-margin-right-5 has-margin-right-mobile-5\"><img loading=\"lazy\" decoding=\"async\" width=\"1024\" height=\"768\" src=\"https:\/\/thelittlerstravel.com\/wp-content\/uploads\/2020\/10\/IMG_1155-1024x768.jpg\" alt=\"Vistas desde el Faro de J\u00e1vea\" data-id=\"3253\" data-link=\"https:\/\/thelittlerstravel.com\/img_1155-2\/\" class=\"wp-image-3253\" srcset=\"https:\/\/thelittlerstravel.com\/wp-content\/uploads\/2020\/10\/IMG_1155-1024x768.jpg 1024w, https:\/\/thelittlerstravel.com\/wp-content\/uploads\/2020\/10\/IMG_1155-300x225.jpg 300w, https:\/\/thelittlerstravel.com\/wp-content\/uploads\/2020\/10\/IMG_1155-768x576.jpg 768w, https:\/\/thelittlerstravel.com\/wp-content\/uploads\/2020\/10\/IMG_1155-1536x1152.jpg 1536w, https:\/\/thelittlerstravel.com\/wp-content\/uploads\/2020\/10\/IMG_1155-2048x1536.jpg 2048w, https:\/\/thelittlerstravel.com\/wp-content\/uploads\/2020\/10\/IMG_1155-16x12.jpg 16w, https:\/\/thelittlerstravel.com\/wp-content\/uploads\/2020\/10\/IMG_1155-1920x1440.jpg 1920w, https:\/\/thelittlerstravel.com\/wp-content\/uploads\/2020\/10\/IMG_1155-600x450.jpg 600w, https:\/\/thelittlerstravel.com\/wp-content\/uploads\/2020\/10\/IMG_1155-800x600.jpg 800w, https:\/\/thelittlerstravel.com\/wp-content\/uploads\/2020\/10\/IMG_1155-141x106.jpg 141w, https:\/\/thelittlerstravel.com\/wp-content\/uploads\/2020\/10\/IMG_1155-380x285.jpg 380w, https:\/\/thelittlerstravel.com\/wp-content\/uploads\/2020\/10\/IMG_1155-247x186.jpg 247w\" sizes=\"auto, (max-width: 1024px) 100vw, 1024px\" \/><\/figure><\/div><\/div><\/div><figcaption class=\"coblocks-gallery--caption coblocks-gallery--primary-caption\">Panoramic views from J\u00e1vea&#8217;s Lighthouse<\/figcaption><\/div>\n\n\n\n<h3 class=\"has-trawell-cat-2-color has-text-color wp-block-heading\" id=\"in-high-sea\"><span class=\"ez-toc-section\" id=\"In_High_Sea\"><\/span>In High Sea<span class=\"ez-toc-section-end\"><\/span><\/h3>\n\n\n\n<p>This time, we were a group of 8 friends, so we decided to rent a yacht to spend the day out on the Mediterranean Sea.<\/p>\n\n\n\n<p>The company we used was <a rel=\"noreferrer noopener\" target=\"_blank\" href=\"https:\/\/areanautica.com\/en\/\">\u00c1rea N\u00e1utica J\u00e1vea<\/a> and both the company and the captain, Mart\u00edn, made of this day an unforgettable experience.<br>They offered us the best options at a reasonable price, which included everything we needed for the day. <br>We rented the Trawler for 8 hours with a captain, and all of the boats include snorkelling gear. Still, they also give you several options to choose from such as, half or full-day rental, with or without a captain, you can rent a paddle surfboard, reserve a paella that they will deliver to you at lunchtime on a boat\u2026 they literally offer you everything you need for your day to be perfect, and so it was.<\/p>\n\n\n\n<div aria-label=\"Carousel Gallery\" class=\"wp-block-coblocks-gallery-carousel has-responsive-height\"><div class=\"is-cropped coblocks-gallery has-no-alignment has-caption-style-dark has-horizontal-gutter has-lightbox\"><div class=\"has-carousel has-carousel-lrg has-aligned-cells\" data-flickity=\"{&quot;autoPlay&quot;:false,&quot;draggable&quot;:true,&quot;pageDots&quot;:false,&quot;prevNextButtons&quot;:true,&quot;wrapAround&quot;:true,&quot;cellAlign&quot;:&quot;left&quot;,&quot;pauseAutoPlayOnHover&quot;:false,&quot;freeScroll&quot;:false,&quot;arrowShape&quot;:{&quot;x0&quot;:10,&quot;x1&quot;:60,&quot;y1&quot;:50,&quot;x2&quot;:65,&quot;y2&quot;:45,&quot;x3&quot;:20},&quot;thumbnails&quot;:false,&quot;responsiveHeight&quot;:true}\"><div class=\"coblocks-gallery--item\"><figure class=\"coblocks-gallery--figure has-margin-left-5 has-margin-left-mobile-5 has-margin-right-5 has-margin-right-mobile-5\"><img loading=\"lazy\" decoding=\"async\" width=\"1024\" height=\"576\" src=\"https:\/\/thelittlerstravel.com\/wp-content\/uploads\/2020\/10\/BE63AD44DFAB30F66CC8D49FEAC4AA1A-1024x576.jpg\" alt=\"Barco Trawler\" data-id=\"3242\" data-link=\"https:\/\/thelittlerstravel.com\/be63ad44dfab30f66cc8d49feac4aa1a\/\" class=\"wp-image-3242\" srcset=\"https:\/\/thelittlerstravel.com\/wp-content\/uploads\/2020\/10\/BE63AD44DFAB30F66CC8D49FEAC4AA1A-1024x576.jpg 1024w, https:\/\/thelittlerstravel.com\/wp-content\/uploads\/2020\/10\/BE63AD44DFAB30F66CC8D49FEAC4AA1A-300x169.jpg 300w, https:\/\/thelittlerstravel.com\/wp-content\/uploads\/2020\/10\/BE63AD44DFAB30F66CC8D49FEAC4AA1A-768x432.jpg 768w, https:\/\/thelittlerstravel.com\/wp-content\/uploads\/2020\/10\/BE63AD44DFAB30F66CC8D49FEAC4AA1A-1536x864.jpg 1536w, https:\/\/thelittlerstravel.com\/wp-content\/uploads\/2020\/10\/BE63AD44DFAB30F66CC8D49FEAC4AA1A-2048x1152.jpg 2048w, https:\/\/thelittlerstravel.com\/wp-content\/uploads\/2020\/10\/BE63AD44DFAB30F66CC8D49FEAC4AA1A-16x9.jpg 16w, https:\/\/thelittlerstravel.com\/wp-content\/uploads\/2020\/10\/BE63AD44DFAB30F66CC8D49FEAC4AA1A-1920x1080.jpg 1920w, https:\/\/thelittlerstravel.com\/wp-content\/uploads\/2020\/10\/BE63AD44DFAB30F66CC8D49FEAC4AA1A-600x338.jpg 600w, https:\/\/thelittlerstravel.com\/wp-content\/uploads\/2020\/10\/BE63AD44DFAB30F66CC8D49FEAC4AA1A-800x450.jpg 800w, https:\/\/thelittlerstravel.com\/wp-content\/uploads\/2020\/10\/BE63AD44DFAB30F66CC8D49FEAC4AA1A-1200x675.jpg 1200w, https:\/\/thelittlerstravel.com\/wp-content\/uploads\/2020\/10\/BE63AD44DFAB30F66CC8D49FEAC4AA1A-585x330.jpg 585w, https:\/\/thelittlerstravel.com\/wp-content\/uploads\/2020\/10\/BE63AD44DFAB30F66CC8D49FEAC4AA1A-385x217.jpg 385w, https:\/\/thelittlerstravel.com\/wp-content\/uploads\/2020\/10\/BE63AD44DFAB30F66CC8D49FEAC4AA1A-380x214.jpg 380w, https:\/\/thelittlerstravel.com\/wp-content\/uploads\/2020\/10\/BE63AD44DFAB30F66CC8D49FEAC4AA1A-247x139.jpg 247w, https:\/\/thelittlerstravel.com\/wp-content\/uploads\/2020\/10\/BE63AD44DFAB30F66CC8D49FEAC4AA1A-278x157.jpg 278w, https:\/\/thelittlerstravel.com\/wp-content\/uploads\/2020\/10\/BE63AD44DFAB30F66CC8D49FEAC4AA1A-178x101.jpg 178w\" sizes=\"auto, (max-width: 1024px) 100vw, 1024px\" \/><\/figure><\/div><div class=\"coblocks-gallery--item\"><figure class=\"coblocks-gallery--figure has-margin-left-5 has-margin-left-mobile-5 has-margin-right-5 has-margin-right-mobile-5\"><img loading=\"lazy\" decoding=\"async\" width=\"1024\" height=\"578\" src=\"https:\/\/thelittlerstravel.com\/wp-content\/uploads\/2020\/10\/IMG_0338-1024x578.jpg\" alt=\"Delfines en J\u00e1vea\" data-id=\"3250\" data-link=\"https:\/\/thelittlerstravel.com\/img_0338\/\" class=\"wp-image-3250\" srcset=\"https:\/\/thelittlerstravel.com\/wp-content\/uploads\/2020\/10\/IMG_0338-1024x578.jpg 1024w, https:\/\/thelittlerstravel.com\/wp-content\/uploads\/2020\/10\/IMG_0338-300x169.jpg 300w, https:\/\/thelittlerstravel.com\/wp-content\/uploads\/2020\/10\/IMG_0338-768x433.jpg 768w, https:\/\/thelittlerstravel.com\/wp-content\/uploads\/2020\/10\/IMG_0338-1536x867.jpg 1536w, https:\/\/thelittlerstravel.com\/wp-content\/uploads\/2020\/10\/IMG_0338-2048x1155.jpg 2048w, https:\/\/thelittlerstravel.com\/wp-content\/uploads\/2020\/10\/IMG_0338-16x9.jpg 16w, https:\/\/thelittlerstravel.com\/wp-content\/uploads\/2020\/10\/IMG_0338-1920x1083.jpg 1920w, https:\/\/thelittlerstravel.com\/wp-content\/uploads\/2020\/10\/IMG_0338-600x339.jpg 600w, https:\/\/thelittlerstravel.com\/wp-content\/uploads\/2020\/10\/IMG_0338-800x451.jpg 800w, https:\/\/thelittlerstravel.com\/wp-content\/uploads\/2020\/10\/IMG_0338-585x330.jpg 585w, https:\/\/thelittlerstravel.com\/wp-content\/uploads\/2020\/10\/IMG_0338-385x217.jpg 385w, https:\/\/thelittlerstravel.com\/wp-content\/uploads\/2020\/10\/IMG_0338-380x214.jpg 380w, https:\/\/thelittlerstravel.com\/wp-content\/uploads\/2020\/10\/IMG_0338-247x139.jpg 247w, https:\/\/thelittlerstravel.com\/wp-content\/uploads\/2020\/10\/IMG_0338-278x157.jpg 278w, https:\/\/thelittlerstravel.com\/wp-content\/uploads\/2020\/10\/IMG_0338-178x101.jpg 178w\" sizes=\"auto, (max-width: 1024px) 100vw, 1024px\" \/><\/figure><\/div><div class=\"coblocks-gallery--item\"><figure class=\"coblocks-gallery--figure has-margin-left-5 has-margin-left-mobile-5 has-margin-right-5 has-margin-right-mobile-5\"><img loading=\"lazy\" decoding=\"async\" width=\"1024\" height=\"768\" src=\"https:\/\/thelittlerstravel.com\/wp-content\/uploads\/2020\/10\/IMG_2938-1024x768.jpg\" alt=\"Fondeando en J\u00e1vea\" data-id=\"3259\" data-link=\"https:\/\/thelittlerstravel.com\/img_2938\/\" class=\"wp-image-3259\" srcset=\"https:\/\/thelittlerstravel.com\/wp-content\/uploads\/2020\/10\/IMG_2938-1024x768.jpg 1024w, https:\/\/thelittlerstravel.com\/wp-content\/uploads\/2020\/10\/IMG_2938-300x225.jpg 300w, https:\/\/thelittlerstravel.com\/wp-content\/uploads\/2020\/10\/IMG_2938-768x576.jpg 768w, https:\/\/thelittlerstravel.com\/wp-content\/uploads\/2020\/10\/IMG_2938-1536x1152.jpg 1536w, https:\/\/thelittlerstravel.com\/wp-content\/uploads\/2020\/10\/IMG_2938-2048x1536.jpg 2048w, https:\/\/thelittlerstravel.com\/wp-content\/uploads\/2020\/10\/IMG_2938-16x12.jpg 16w, https:\/\/thelittlerstravel.com\/wp-content\/uploads\/2020\/10\/IMG_2938-1920x1440.jpg 1920w, https:\/\/thelittlerstravel.com\/wp-content\/uploads\/2020\/10\/IMG_2938-600x450.jpg 600w, https:\/\/thelittlerstravel.com\/wp-content\/uploads\/2020\/10\/IMG_2938-800x600.jpg 800w, https:\/\/thelittlerstravel.com\/wp-content\/uploads\/2020\/10\/IMG_2938-141x106.jpg 141w, https:\/\/thelittlerstravel.com\/wp-content\/uploads\/2020\/10\/IMG_2938-380x285.jpg 380w, https:\/\/thelittlerstravel.com\/wp-content\/uploads\/2020\/10\/IMG_2938-247x186.jpg 247w\" sizes=\"auto, (max-width: 1024px) 100vw, 1024px\" \/><\/figure><\/div><div class=\"coblocks-gallery--item\"><figure class=\"coblocks-gallery--figure has-margin-left-5 has-margin-left-mobile-5 has-margin-right-5 has-margin-right-mobile-5\"><img loading=\"lazy\" decoding=\"async\" width=\"1024\" height=\"768\" src=\"https:\/\/thelittlerstravel.com\/wp-content\/uploads\/2020\/10\/IMG_0370-1024x768.jpg\" alt=\"Cueva de J\u00e1vea\" data-id=\"3252\" data-link=\"https:\/\/thelittlerstravel.com\/img_0370\/\" class=\"wp-image-3252\" srcset=\"https:\/\/thelittlerstravel.com\/wp-content\/uploads\/2020\/10\/IMG_0370-1024x768.jpg 1024w, https:\/\/thelittlerstravel.com\/wp-content\/uploads\/2020\/10\/IMG_0370-300x225.jpg 300w, https:\/\/thelittlerstravel.com\/wp-content\/uploads\/2020\/10\/IMG_0370-768x576.jpg 768w, https:\/\/thelittlerstravel.com\/wp-content\/uploads\/2020\/10\/IMG_0370-1536x1152.jpg 1536w, https:\/\/thelittlerstravel.com\/wp-content\/uploads\/2020\/10\/IMG_0370-2048x1536.jpg 2048w, https:\/\/thelittlerstravel.com\/wp-content\/uploads\/2020\/10\/IMG_0370-16x12.jpg 16w, https:\/\/thelittlerstravel.com\/wp-content\/uploads\/2020\/10\/IMG_0370-1920x1440.jpg 1920w, https:\/\/thelittlerstravel.com\/wp-content\/uploads\/2020\/10\/IMG_0370-600x450.jpg 600w, https:\/\/thelittlerstravel.com\/wp-content\/uploads\/2020\/10\/IMG_0370-800x600.jpg 800w, https:\/\/thelittlerstravel.com\/wp-content\/uploads\/2020\/10\/IMG_0370-141x106.jpg 141w, https:\/\/thelittlerstravel.com\/wp-content\/uploads\/2020\/10\/IMG_0370-380x285.jpg 380w, https:\/\/thelittlerstravel.com\/wp-content\/uploads\/2020\/10\/IMG_0370-247x186.jpg 247w\" sizes=\"auto, (max-width: 1024px) 100vw, 1024px\" \/><\/figure><\/div><div class=\"coblocks-gallery--item\"><figure class=\"coblocks-gallery--figure has-margin-left-5 has-margin-left-mobile-5 has-margin-right-5 has-margin-right-mobile-5\"><img loading=\"lazy\" decoding=\"async\" width=\"768\" height=\"1024\" src=\"https:\/\/thelittlerstravel.com\/wp-content\/uploads\/2020\/10\/IMG_0302-768x1024.jpg\" alt=\"Alquiler de barcos en J\u00e1vea\" data-id=\"3248\" data-link=\"https:\/\/thelittlerstravel.com\/img_0302\/\" class=\"wp-image-3248\" srcset=\"https:\/\/thelittlerstravel.com\/wp-content\/uploads\/2020\/10\/IMG_0302-768x1024.jpg 768w, https:\/\/thelittlerstravel.com\/wp-content\/uploads\/2020\/10\/IMG_0302-225x300.jpg 225w, https:\/\/thelittlerstravel.com\/wp-content\/uploads\/2020\/10\/IMG_0302-1152x1536.jpg 1152w, https:\/\/thelittlerstravel.com\/wp-content\/uploads\/2020\/10\/IMG_0302-1536x2048.jpg 1536w, https:\/\/thelittlerstravel.com\/wp-content\/uploads\/2020\/10\/IMG_0302-9x12.jpg 9w, https:\/\/thelittlerstravel.com\/wp-content\/uploads\/2020\/10\/IMG_0302-1440x1920.jpg 1440w, https:\/\/thelittlerstravel.com\/wp-content\/uploads\/2020\/10\/IMG_0302-600x800.jpg 600w, https:\/\/thelittlerstravel.com\/wp-content\/uploads\/2020\/10\/IMG_0302-800x1067.jpg 800w, https:\/\/thelittlerstravel.com\/wp-content\/uploads\/2020\/10\/IMG_0302-380x507.jpg 380w, https:\/\/thelittlerstravel.com\/wp-content\/uploads\/2020\/10\/IMG_0302-247x330.jpg 247w, https:\/\/thelittlerstravel.com\/wp-content\/uploads\/2020\/10\/IMG_0302-278x371.jpg 278w\" sizes=\"auto, (max-width: 768px) 100vw, 768px\" \/><\/figure><\/div><div class=\"coblocks-gallery--item\"><figure class=\"coblocks-gallery--figure has-margin-left-5 has-margin-left-mobile-5 has-margin-right-5 has-margin-right-mobile-5\"><img loading=\"lazy\" decoding=\"async\" width=\"1024\" height=\"768\" src=\"https:\/\/thelittlerstravel.com\/wp-content\/uploads\/2020\/10\/IMG_2593-1024x768.jpg\" alt=\"Cala en J\u00e1vea\" data-id=\"3257\" data-link=\"https:\/\/thelittlerstravel.com\/img_2593\/\" class=\"wp-image-3257\" srcset=\"https:\/\/thelittlerstravel.com\/wp-content\/uploads\/2020\/10\/IMG_2593-1024x768.jpg 1024w, https:\/\/thelittlerstravel.com\/wp-content\/uploads\/2020\/10\/IMG_2593-300x225.jpg 300w, https:\/\/thelittlerstravel.com\/wp-content\/uploads\/2020\/10\/IMG_2593-768x576.jpg 768w, https:\/\/thelittlerstravel.com\/wp-content\/uploads\/2020\/10\/IMG_2593-1536x1152.jpg 1536w, https:\/\/thelittlerstravel.com\/wp-content\/uploads\/2020\/10\/IMG_2593-2048x1536.jpg 2048w, https:\/\/thelittlerstravel.com\/wp-content\/uploads\/2020\/10\/IMG_2593-16x12.jpg 16w, https:\/\/thelittlerstravel.com\/wp-content\/uploads\/2020\/10\/IMG_2593-1920x1440.jpg 1920w, https:\/\/thelittlerstravel.com\/wp-content\/uploads\/2020\/10\/IMG_2593-600x450.jpg 600w, https:\/\/thelittlerstravel.com\/wp-content\/uploads\/2020\/10\/IMG_2593-800x600.jpg 800w, https:\/\/thelittlerstravel.com\/wp-content\/uploads\/2020\/10\/IMG_2593-141x106.jpg 141w, https:\/\/thelittlerstravel.com\/wp-content\/uploads\/2020\/10\/IMG_2593-380x285.jpg 380w, https:\/\/thelittlerstravel.com\/wp-content\/uploads\/2020\/10\/IMG_2593-247x186.jpg 247w\" sizes=\"auto, (max-width: 1024px) 100vw, 1024px\" \/><\/figure><\/div><div class=\"coblocks-gallery--item\"><figure class=\"coblocks-gallery--figure has-margin-left-5 has-margin-left-mobile-5 has-margin-right-5 has-margin-right-mobile-5\"><img loading=\"lazy\" decoding=\"async\" width=\"1024\" height=\"768\" src=\"https:\/\/thelittlerstravel.com\/wp-content\/uploads\/2020\/10\/IMG_0288-1024x768.jpg\" alt=\"Alquiler barco \u00c1rea Na\u00fatica\" data-id=\"3246\" data-link=\"https:\/\/thelittlerstravel.com\/img_0288\/\" class=\"wp-image-3246\" srcset=\"https:\/\/thelittlerstravel.com\/wp-content\/uploads\/2020\/10\/IMG_0288-1024x768.jpg 1024w, https:\/\/thelittlerstravel.com\/wp-content\/uploads\/2020\/10\/IMG_0288-300x225.jpg 300w, https:\/\/thelittlerstravel.com\/wp-content\/uploads\/2020\/10\/IMG_0288-768x576.jpg 768w, https:\/\/thelittlerstravel.com\/wp-content\/uploads\/2020\/10\/IMG_0288-1536x1152.jpg 1536w, https:\/\/thelittlerstravel.com\/wp-content\/uploads\/2020\/10\/IMG_0288-2048x1536.jpg 2048w, https:\/\/thelittlerstravel.com\/wp-content\/uploads\/2020\/10\/IMG_0288-16x12.jpg 16w, https:\/\/thelittlerstravel.com\/wp-content\/uploads\/2020\/10\/IMG_0288-1920x1440.jpg 1920w, https:\/\/thelittlerstravel.com\/wp-content\/uploads\/2020\/10\/IMG_0288-600x450.jpg 600w, https:\/\/thelittlerstravel.com\/wp-content\/uploads\/2020\/10\/IMG_0288-800x600.jpg 800w, https:\/\/thelittlerstravel.com\/wp-content\/uploads\/2020\/10\/IMG_0288-141x106.jpg 141w, https:\/\/thelittlerstravel.com\/wp-content\/uploads\/2020\/10\/IMG_0288-380x285.jpg 380w, https:\/\/thelittlerstravel.com\/wp-content\/uploads\/2020\/10\/IMG_0288-247x186.jpg 247w\" sizes=\"auto, (max-width: 1024px) 100vw, 1024px\" \/><\/figure><\/div><div class=\"coblocks-gallery--item\"><figure class=\"coblocks-gallery--figure has-margin-left-5 has-margin-left-mobile-5 has-margin-right-5 has-margin-right-mobile-5\"><img loading=\"lazy\" decoding=\"async\" width=\"1024\" height=\"768\" src=\"https:\/\/thelittlerstravel.com\/wp-content\/uploads\/2020\/10\/IMG_1410-1024x768.jpg\" alt=\"Navegando \u00c1rena Na\u00fatica J\u00e1vea\" data-id=\"3254\" data-link=\"https:\/\/thelittlerstravel.com\/img_1410\/\" class=\"wp-image-3254\" srcset=\"https:\/\/thelittlerstravel.com\/wp-content\/uploads\/2020\/10\/IMG_1410-1024x768.jpg 1024w, https:\/\/thelittlerstravel.com\/wp-content\/uploads\/2020\/10\/IMG_1410-300x225.jpg 300w, https:\/\/thelittlerstravel.com\/wp-content\/uploads\/2020\/10\/IMG_1410-768x576.jpg 768w, https:\/\/thelittlerstravel.com\/wp-content\/uploads\/2020\/10\/IMG_1410-1536x1152.jpg 1536w, https:\/\/thelittlerstravel.com\/wp-content\/uploads\/2020\/10\/IMG_1410-2048x1536.jpg 2048w, https:\/\/thelittlerstravel.com\/wp-content\/uploads\/2020\/10\/IMG_1410-16x12.jpg 16w, https:\/\/thelittlerstravel.com\/wp-content\/uploads\/2020\/10\/IMG_1410-1920x1440.jpg 1920w, https:\/\/thelittlerstravel.com\/wp-content\/uploads\/2020\/10\/IMG_1410-600x450.jpg 600w, https:\/\/thelittlerstravel.com\/wp-content\/uploads\/2020\/10\/IMG_1410-800x600.jpg 800w, https:\/\/thelittlerstravel.com\/wp-content\/uploads\/2020\/10\/IMG_1410-141x106.jpg 141w, https:\/\/thelittlerstravel.com\/wp-content\/uploads\/2020\/10\/IMG_1410-380x285.jpg 380w, https:\/\/thelittlerstravel.com\/wp-content\/uploads\/2020\/10\/IMG_1410-247x186.jpg 247w\" sizes=\"auto, (max-width: 1024px) 100vw, 1024px\" \/><\/figure><\/div><div class=\"coblocks-gallery--item\"><figure class=\"coblocks-gallery--figure has-margin-left-5 has-margin-left-mobile-5 has-margin-right-5 has-margin-right-mobile-5\"><img loading=\"lazy\" decoding=\"async\" width=\"1024\" height=\"768\" src=\"https:\/\/thelittlerstravel.com\/wp-content\/uploads\/2020\/10\/IMG_5134-1024x768.jpg\" alt=\"Navegando con \u00c1rea N\u00e1utica J\u00e1vea\" data-id=\"3230\" data-link=\"https:\/\/thelittlerstravel.com\/img_5134\/\" class=\"wp-image-3230\" srcset=\"https:\/\/thelittlerstravel.com\/wp-content\/uploads\/2020\/10\/IMG_5134-1024x768.jpg 1024w, https:\/\/thelittlerstravel.com\/wp-content\/uploads\/2020\/10\/IMG_5134-300x225.jpg 300w, https:\/\/thelittlerstravel.com\/wp-content\/uploads\/2020\/10\/IMG_5134-768x576.jpg 768w, https:\/\/thelittlerstravel.com\/wp-content\/uploads\/2020\/10\/IMG_5134-1536x1152.jpg 1536w, https:\/\/thelittlerstravel.com\/wp-content\/uploads\/2020\/10\/IMG_5134-2048x1536.jpg 2048w, https:\/\/thelittlerstravel.com\/wp-content\/uploads\/2020\/10\/IMG_5134-16x12.jpg 16w, https:\/\/thelittlerstravel.com\/wp-content\/uploads\/2020\/10\/IMG_5134-1920x1440.jpg 1920w, https:\/\/thelittlerstravel.com\/wp-content\/uploads\/2020\/10\/IMG_5134-600x450.jpg 600w, https:\/\/thelittlerstravel.com\/wp-content\/uploads\/2020\/10\/IMG_5134-800x600.jpg 800w, https:\/\/thelittlerstravel.com\/wp-content\/uploads\/2020\/10\/IMG_5134-141x106.jpg 141w, https:\/\/thelittlerstravel.com\/wp-content\/uploads\/2020\/10\/IMG_5134-380x285.jpg 380w, https:\/\/thelittlerstravel.com\/wp-content\/uploads\/2020\/10\/IMG_5134-247x186.jpg 247w\" sizes=\"auto, (max-width: 1024px) 100vw, 1024px\" \/><\/figure><\/div><div class=\"coblocks-gallery--item\"><figure class=\"coblocks-gallery--figure has-margin-left-5 has-margin-left-mobile-5 has-margin-right-5 has-margin-right-mobile-5\"><img loading=\"lazy\" decoding=\"async\" width=\"1024\" height=\"768\" src=\"https:\/\/thelittlerstravel.com\/wp-content\/uploads\/2020\/10\/IMG_0289-1024x768.jpg\" alt=\"Fondear con barco \u00c1rea Na\u00fatica J\u00e1vea\" data-id=\"3247\" data-link=\"https:\/\/thelittlerstravel.com\/img_0289\/\" class=\"wp-image-3247\" srcset=\"https:\/\/thelittlerstravel.com\/wp-content\/uploads\/2020\/10\/IMG_0289-1024x768.jpg 1024w, https:\/\/thelittlerstravel.com\/wp-content\/uploads\/2020\/10\/IMG_0289-300x225.jpg 300w, https:\/\/thelittlerstravel.com\/wp-content\/uploads\/2020\/10\/IMG_0289-768x576.jpg 768w, https:\/\/thelittlerstravel.com\/wp-content\/uploads\/2020\/10\/IMG_0289-1536x1152.jpg 1536w, https:\/\/thelittlerstravel.com\/wp-content\/uploads\/2020\/10\/IMG_0289-2048x1536.jpg 2048w, https:\/\/thelittlerstravel.com\/wp-content\/uploads\/2020\/10\/IMG_0289-16x12.jpg 16w, https:\/\/thelittlerstravel.com\/wp-content\/uploads\/2020\/10\/IMG_0289-1920x1440.jpg 1920w, https:\/\/thelittlerstravel.com\/wp-content\/uploads\/2020\/10\/IMG_0289-600x450.jpg 600w, https:\/\/thelittlerstravel.com\/wp-content\/uploads\/2020\/10\/IMG_0289-800x600.jpg 800w, https:\/\/thelittlerstravel.com\/wp-content\/uploads\/2020\/10\/IMG_0289-141x106.jpg 141w, https:\/\/thelittlerstravel.com\/wp-content\/uploads\/2020\/10\/IMG_0289-380x285.jpg 380w, https:\/\/thelittlerstravel.com\/wp-content\/uploads\/2020\/10\/IMG_0289-247x186.jpg 247w\" sizes=\"auto, (max-width: 1024px) 100vw, 1024px\" \/><\/figure><\/div><div class=\"coblocks-gallery--item\"><figure class=\"coblocks-gallery--figure has-margin-left-5 has-margin-left-mobile-5 has-margin-right-5 has-margin-right-mobile-5\"><img loading=\"lazy\" decoding=\"async\" width=\"1024\" height=\"768\" src=\"https:\/\/thelittlerstravel.com\/wp-content\/uploads\/2020\/10\/IMG_0313-1024x768.jpg\" alt=\"Barco \u00c1rea N\u00e1utica J\u00e1vea\" data-id=\"3249\" data-link=\"https:\/\/thelittlerstravel.com\/img_0313\/\" class=\"wp-image-3249\" srcset=\"https:\/\/thelittlerstravel.com\/wp-content\/uploads\/2020\/10\/IMG_0313-1024x768.jpg 1024w, https:\/\/thelittlerstravel.com\/wp-content\/uploads\/2020\/10\/IMG_0313-300x225.jpg 300w, https:\/\/thelittlerstravel.com\/wp-content\/uploads\/2020\/10\/IMG_0313-768x576.jpg 768w, https:\/\/thelittlerstravel.com\/wp-content\/uploads\/2020\/10\/IMG_0313-1536x1152.jpg 1536w, https:\/\/thelittlerstravel.com\/wp-content\/uploads\/2020\/10\/IMG_0313-2048x1536.jpg 2048w, https:\/\/thelittlerstravel.com\/wp-content\/uploads\/2020\/10\/IMG_0313-16x12.jpg 16w, https:\/\/thelittlerstravel.com\/wp-content\/uploads\/2020\/10\/IMG_0313-1920x1440.jpg 1920w, https:\/\/thelittlerstravel.com\/wp-content\/uploads\/2020\/10\/IMG_0313-600x450.jpg 600w, https:\/\/thelittlerstravel.com\/wp-content\/uploads\/2020\/10\/IMG_0313-800x600.jpg 800w, https:\/\/thelittlerstravel.com\/wp-content\/uploads\/2020\/10\/IMG_0313-141x106.jpg 141w, https:\/\/thelittlerstravel.com\/wp-content\/uploads\/2020\/10\/IMG_0313-380x285.jpg 380w, https:\/\/thelittlerstravel.com\/wp-content\/uploads\/2020\/10\/IMG_0313-247x186.jpg 247w\" sizes=\"auto, (max-width: 1024px) 100vw, 1024px\" \/><\/figure><\/div><div class=\"coblocks-gallery--item\"><figure class=\"coblocks-gallery--figure has-margin-left-5 has-margin-left-mobile-5 has-margin-right-5 has-margin-right-mobile-5\"><img loading=\"lazy\" decoding=\"async\" width=\"1024\" height=\"768\" src=\"https:\/\/thelittlerstravel.com\/wp-content\/uploads\/2020\/10\/IMG_0369-1024x768.jpg\" alt=\"Navegar con \u00c1rea Na\u00fatica J\u00e1vea\" data-id=\"3251\" data-link=\"https:\/\/thelittlerstravel.com\/img_0369\/\" class=\"wp-image-3251\" srcset=\"https:\/\/thelittlerstravel.com\/wp-content\/uploads\/2020\/10\/IMG_0369-1024x768.jpg 1024w, https:\/\/thelittlerstravel.com\/wp-content\/uploads\/2020\/10\/IMG_0369-300x225.jpg 300w, https:\/\/thelittlerstravel.com\/wp-content\/uploads\/2020\/10\/IMG_0369-768x576.jpg 768w, https:\/\/thelittlerstravel.com\/wp-content\/uploads\/2020\/10\/IMG_0369-1536x1152.jpg 1536w, https:\/\/thelittlerstravel.com\/wp-content\/uploads\/2020\/10\/IMG_0369-2048x1536.jpg 2048w, https:\/\/thelittlerstravel.com\/wp-content\/uploads\/2020\/10\/IMG_0369-16x12.jpg 16w, https:\/\/thelittlerstravel.com\/wp-content\/uploads\/2020\/10\/IMG_0369-1920x1440.jpg 1920w, https:\/\/thelittlerstravel.com\/wp-content\/uploads\/2020\/10\/IMG_0369-600x450.jpg 600w, https:\/\/thelittlerstravel.com\/wp-content\/uploads\/2020\/10\/IMG_0369-800x600.jpg 800w, https:\/\/thelittlerstravel.com\/wp-content\/uploads\/2020\/10\/IMG_0369-141x106.jpg 141w, https:\/\/thelittlerstravel.com\/wp-content\/uploads\/2020\/10\/IMG_0369-380x285.jpg 380w, https:\/\/thelittlerstravel.com\/wp-content\/uploads\/2020\/10\/IMG_0369-247x186.jpg 247w\" sizes=\"auto, (max-width: 1024px) 100vw, 1024px\" \/><\/figure><\/div><div class=\"coblocks-gallery--item\"><figure class=\"coblocks-gallery--figure has-margin-left-5 has-margin-left-mobile-5 has-margin-right-5 has-margin-right-mobile-5\"><img loading=\"lazy\" decoding=\"async\" width=\"1024\" height=\"768\" src=\"https:\/\/thelittlerstravel.com\/wp-content\/uploads\/2020\/10\/IMG_0282-1024x768.jpg\" alt=\"Trawler \u00c1rea Na\u00fatica J\u00e1vea\" data-id=\"3244\" data-link=\"https:\/\/thelittlerstravel.com\/img_0282\/\" class=\"wp-image-3244\" srcset=\"https:\/\/thelittlerstravel.com\/wp-content\/uploads\/2020\/10\/IMG_0282-1024x768.jpg 1024w, https:\/\/thelittlerstravel.com\/wp-content\/uploads\/2020\/10\/IMG_0282-300x225.jpg 300w, https:\/\/thelittlerstravel.com\/wp-content\/uploads\/2020\/10\/IMG_0282-768x576.jpg 768w, https:\/\/thelittlerstravel.com\/wp-content\/uploads\/2020\/10\/IMG_0282-1536x1152.jpg 1536w, https:\/\/thelittlerstravel.com\/wp-content\/uploads\/2020\/10\/IMG_0282-2048x1536.jpg 2048w, https:\/\/thelittlerstravel.com\/wp-content\/uploads\/2020\/10\/IMG_0282-16x12.jpg 16w, https:\/\/thelittlerstravel.com\/wp-content\/uploads\/2020\/10\/IMG_0282-1920x1440.jpg 1920w, https:\/\/thelittlerstravel.com\/wp-content\/uploads\/2020\/10\/IMG_0282-600x450.jpg 600w, https:\/\/thelittlerstravel.com\/wp-content\/uploads\/2020\/10\/IMG_0282-800x600.jpg 800w, https:\/\/thelittlerstravel.com\/wp-content\/uploads\/2020\/10\/IMG_0282-141x106.jpg 141w, https:\/\/thelittlerstravel.com\/wp-content\/uploads\/2020\/10\/IMG_0282-380x285.jpg 380w, https:\/\/thelittlerstravel.com\/wp-content\/uploads\/2020\/10\/IMG_0282-247x186.jpg 247w\" sizes=\"auto, (max-width: 1024px) 100vw, 1024px\" \/><\/figure><\/div><\/div><\/div><figcaption class=\"coblocks-gallery--caption coblocks-gallery--primary-caption\">Day at sea in J\u00e1vea with \u00c1rea Na\u00fatica<\/figcaption><\/div>\n\n\n\n<p>We started at the Club N\u00e1utico de J\u00e1vea, although you can also embark from the Club N\u00e1utico de D\u00e9nia. There, the captain was waiting for us at reception, and we recommend you arrive 15 minutes before the scheduled time to leave on time.  Once aboard, we set off, and we navigated along the coast of J\u00e1vea, we dropped anchor in the best coves, including Portixol, La Sardinera, Cap Negre and La Granadella, considered one of the best and most beautiful coves. We paddle surfed and Snorkelled around marine caves, sailed to Cap de la Nao, and even spotted a pod of dolphins which swam playfully by our side. This really was the best experience!<\/p>\n\n\n\n<p>The views and coves that you will see from the yacht will make you fall in love, so save at least one day of your holiday to visit them all.<\/p>\n\n\n\n<h3 class=\"has-trawell-cat-2-color has-text-color wp-block-heading\" id=\"where-to-eat\"><span class=\"ez-toc-section\" id=\"Where_to_eat-2\"><\/span>Where to eat?<span class=\"ez-toc-section-end\"><\/span><\/h3>\n\n\n\n<p>When it comes to food, we are lovers of Indian food, and here, we&#8217;re spoilt for choice. Normally, we go to the Rani Palace as the food is delicious and they also let us bring our dogs Mojito and Teabag.<br>If we go with a larger group, depending on what we fancy, we opt for:<\/p>\n\n\n\n<ul class=\"is-style-checkbox wp-block-list\"><li>Cala Clemence, in Cala del Portixol, away from the hustle and bustle, in a tiny cove and a very picturesque location. Right next to the restaurant, just before the beach, you will find the famous blue door that is popular amongst influencers.<\/li><li>Cala Bandida, here you don&#8217;t need to book, not even for a tasty paella. Their kitchen is open for most of the day, and the quality and variety of dishes is incredible, so it is always a good option when you&#8217;re with a larger group. The restaurant is in J\u00e1vea port and with some amazing sea views.<\/li><li>La Siesta: always ideal for cocktails or dining overlooking the Mediterranean sea. They have a wide variety of dishes so it will surely please everyone. This place is a nest of influencers as the location, and the views are magical. Ready, steady \u2026 pose!<\/li><li>If none of the above convinces you, you can always take a pleasant walk along the Arenal and decide the option that most appeals to you at that moment.<\/li><\/ul>\n\n\n\n<div aria-label=\"Carousel Gallery\" class=\"wp-block-coblocks-gallery-carousel has-responsive-height\"><div class=\"is-cropped coblocks-gallery has-no-alignment has-caption-style-dark has-horizontal-gutter has-lightbox\"><div class=\"has-carousel has-carousel-lrg has-aligned-cells\" data-flickity=\"{&quot;autoPlay&quot;:false,&quot;draggable&quot;:true,&quot;pageDots&quot;:false,&quot;prevNextButtons&quot;:true,&quot;wrapAround&quot;:true,&quot;cellAlign&quot;:&quot;left&quot;,&quot;pauseAutoPlayOnHover&quot;:false,&quot;freeScroll&quot;:false,&quot;arrowShape&quot;:{&quot;x0&quot;:10,&quot;x1&quot;:60,&quot;y1&quot;:50,&quot;x2&quot;:65,&quot;y2&quot;:45,&quot;x3&quot;:20},&quot;thumbnails&quot;:false,&quot;responsiveHeight&quot;:true}\"><div class=\"coblocks-gallery--item\"><figure class=\"coblocks-gallery--figure has-margin-left-5 has-margin-left-mobile-5 has-margin-right-5 has-margin-right-mobile-5\"><img loading=\"lazy\" decoding=\"async\" width=\"768\" height=\"1024\" src=\"https:\/\/thelittlerstravel.com\/wp-content\/uploads\/2020\/10\/IMG_2459-768x1024.jpg\" alt=\"Cala Clemence\" data-id=\"3256\" data-link=\"https:\/\/thelittlerstravel.com\/img_2459\/\" class=\"wp-image-3256\" srcset=\"https:\/\/thelittlerstravel.com\/wp-content\/uploads\/2020\/10\/IMG_2459-768x1024.jpg 768w, https:\/\/thelittlerstravel.com\/wp-content\/uploads\/2020\/10\/IMG_2459-225x300.jpg 225w, https:\/\/thelittlerstravel.com\/wp-content\/uploads\/2020\/10\/IMG_2459-1152x1536.jpg 1152w, https:\/\/thelittlerstravel.com\/wp-content\/uploads\/2020\/10\/IMG_2459-1536x2048.jpg 1536w, https:\/\/thelittlerstravel.com\/wp-content\/uploads\/2020\/10\/IMG_2459-9x12.jpg 9w, https:\/\/thelittlerstravel.com\/wp-content\/uploads\/2020\/10\/IMG_2459-1440x1920.jpg 1440w, https:\/\/thelittlerstravel.com\/wp-content\/uploads\/2020\/10\/IMG_2459-600x800.jpg 600w, https:\/\/thelittlerstravel.com\/wp-content\/uploads\/2020\/10\/IMG_2459-800x1067.jpg 800w, https:\/\/thelittlerstravel.com\/wp-content\/uploads\/2020\/10\/IMG_2459-380x507.jpg 380w, https:\/\/thelittlerstravel.com\/wp-content\/uploads\/2020\/10\/IMG_2459-247x330.jpg 247w, https:\/\/thelittlerstravel.com\/wp-content\/uploads\/2020\/10\/IMG_2459-278x371.jpg 278w\" sizes=\"auto, (max-width: 768px) 100vw, 768px\" \/><\/figure><\/div><div class=\"coblocks-gallery--item\"><figure class=\"coblocks-gallery--figure has-margin-left-5 has-margin-left-mobile-5 has-margin-right-5 has-margin-right-mobile-5\"><img loading=\"lazy\" decoding=\"async\" width=\"1024\" height=\"768\" src=\"https:\/\/thelittlerstravel.com\/wp-content\/uploads\/2020\/10\/IMG_2371-1024x768.jpg\" alt=\"Arenal de J\u00e1vea\" data-id=\"3255\" data-link=\"https:\/\/thelittlerstravel.com\/img_2371\/\" class=\"wp-image-3255\" srcset=\"https:\/\/thelittlerstravel.com\/wp-content\/uploads\/2020\/10\/IMG_2371-1024x768.jpg 1024w, https:\/\/thelittlerstravel.com\/wp-content\/uploads\/2020\/10\/IMG_2371-300x225.jpg 300w, https:\/\/thelittlerstravel.com\/wp-content\/uploads\/2020\/10\/IMG_2371-768x576.jpg 768w, https:\/\/thelittlerstravel.com\/wp-content\/uploads\/2020\/10\/IMG_2371-1536x1152.jpg 1536w, https:\/\/thelittlerstravel.com\/wp-content\/uploads\/2020\/10\/IMG_2371-2048x1536.jpg 2048w, https:\/\/thelittlerstravel.com\/wp-content\/uploads\/2020\/10\/IMG_2371-16x12.jpg 16w, https:\/\/thelittlerstravel.com\/wp-content\/uploads\/2020\/10\/IMG_2371-1920x1440.jpg 1920w, https:\/\/thelittlerstravel.com\/wp-content\/uploads\/2020\/10\/IMG_2371-600x450.jpg 600w, https:\/\/thelittlerstravel.com\/wp-content\/uploads\/2020\/10\/IMG_2371-800x600.jpg 800w, https:\/\/thelittlerstravel.com\/wp-content\/uploads\/2020\/10\/IMG_2371-141x106.jpg 141w, https:\/\/thelittlerstravel.com\/wp-content\/uploads\/2020\/10\/IMG_2371-380x285.jpg 380w, https:\/\/thelittlerstravel.com\/wp-content\/uploads\/2020\/10\/IMG_2371-247x186.jpg 247w\" sizes=\"auto, (max-width: 1024px) 100vw, 1024px\" \/><\/figure><\/div><div class=\"coblocks-gallery--item\"><figure class=\"coblocks-gallery--figure has-margin-left-5 has-margin-left-mobile-5 has-margin-right-5 has-margin-right-mobile-5\"><img loading=\"lazy\" decoding=\"async\" width=\"768\" height=\"1024\" src=\"https:\/\/thelittlerstravel.com\/wp-content\/uploads\/2020\/10\/IMG_3192-768x1024.jpg\" alt=\"Arenal de J\u00e1vea\" data-id=\"3279\" data-link=\"https:\/\/thelittlerstravel.com\/img_3192\/\" class=\"wp-image-3279\" srcset=\"https:\/\/thelittlerstravel.com\/wp-content\/uploads\/2020\/10\/IMG_3192-768x1024.jpg 768w, https:\/\/thelittlerstravel.com\/wp-content\/uploads\/2020\/10\/IMG_3192-225x300.jpg 225w, https:\/\/thelittlerstravel.com\/wp-content\/uploads\/2020\/10\/IMG_3192-1152x1536.jpg 1152w, https:\/\/thelittlerstravel.com\/wp-content\/uploads\/2020\/10\/IMG_3192-1536x2048.jpg 1536w, https:\/\/thelittlerstravel.com\/wp-content\/uploads\/2020\/10\/IMG_3192-9x12.jpg 9w, https:\/\/thelittlerstravel.com\/wp-content\/uploads\/2020\/10\/IMG_3192-1440x1920.jpg 1440w, https:\/\/thelittlerstravel.com\/wp-content\/uploads\/2020\/10\/IMG_3192-600x800.jpg 600w, https:\/\/thelittlerstravel.com\/wp-content\/uploads\/2020\/10\/IMG_3192-800x1067.jpg 800w, https:\/\/thelittlerstravel.com\/wp-content\/uploads\/2020\/10\/IMG_3192-380x507.jpg 380w, https:\/\/thelittlerstravel.com\/wp-content\/uploads\/2020\/10\/IMG_3192-247x330.jpg 247w, https:\/\/thelittlerstravel.com\/wp-content\/uploads\/2020\/10\/IMG_3192-278x371.jpg 278w\" sizes=\"auto, (max-width: 768px) 100vw, 768px\" \/><\/figure><\/div><div class=\"coblocks-gallery--item\"><figure class=\"coblocks-gallery--figure has-margin-left-5 has-margin-left-mobile-5 has-margin-right-5 has-margin-right-mobile-5\"><img loading=\"lazy\" decoding=\"async\" width=\"1024\" height=\"768\" src=\"https:\/\/thelittlerstravel.com\/wp-content\/uploads\/2020\/10\/IMG_4186-1024x768.jpg\" alt=\"Cala Clemence\" data-id=\"3260\" data-link=\"https:\/\/thelittlerstravel.com\/img_4186\/\" class=\"wp-image-3260\" srcset=\"https:\/\/thelittlerstravel.com\/wp-content\/uploads\/2020\/10\/IMG_4186-1024x768.jpg 1024w, https:\/\/thelittlerstravel.com\/wp-content\/uploads\/2020\/10\/IMG_4186-300x225.jpg 300w, https:\/\/thelittlerstravel.com\/wp-content\/uploads\/2020\/10\/IMG_4186-768x576.jpg 768w, https:\/\/thelittlerstravel.com\/wp-content\/uploads\/2020\/10\/IMG_4186-1536x1152.jpg 1536w, https:\/\/thelittlerstravel.com\/wp-content\/uploads\/2020\/10\/IMG_4186-2048x1536.jpg 2048w, https:\/\/thelittlerstravel.com\/wp-content\/uploads\/2020\/10\/IMG_4186-16x12.jpg 16w, https:\/\/thelittlerstravel.com\/wp-content\/uploads\/2020\/10\/IMG_4186-1920x1440.jpg 1920w, https:\/\/thelittlerstravel.com\/wp-content\/uploads\/2020\/10\/IMG_4186-600x450.jpg 600w, https:\/\/thelittlerstravel.com\/wp-content\/uploads\/2020\/10\/IMG_4186-800x600.jpg 800w, https:\/\/thelittlerstravel.com\/wp-content\/uploads\/2020\/10\/IMG_4186-141x106.jpg 141w, https:\/\/thelittlerstravel.com\/wp-content\/uploads\/2020\/10\/IMG_4186-380x285.jpg 380w, https:\/\/thelittlerstravel.com\/wp-content\/uploads\/2020\/10\/IMG_4186-247x186.jpg 247w\" sizes=\"auto, (max-width: 1024px) 100vw, 1024px\" \/><\/figure><\/div><div class=\"coblocks-gallery--item\"><figure class=\"coblocks-gallery--figure has-margin-left-5 has-margin-left-mobile-5 has-margin-right-5 has-margin-right-mobile-5\"><img loading=\"lazy\" decoding=\"async\" width=\"768\" height=\"1024\" src=\"https:\/\/thelittlerstravel.com\/wp-content\/uploads\/2020\/10\/IMG_6177-768x1024.jpg\" alt=\"La Siesta\" data-id=\"3303\" data-link=\"https:\/\/thelittlerstravel.com\/img_6177\/\" class=\"wp-image-3303\" srcset=\"https:\/\/thelittlerstravel.com\/wp-content\/uploads\/2020\/10\/IMG_6177-768x1024.jpg 768w, https:\/\/thelittlerstravel.com\/wp-content\/uploads\/2020\/10\/IMG_6177-225x300.jpg 225w, https:\/\/thelittlerstravel.com\/wp-content\/uploads\/2020\/10\/IMG_6177-1152x1536.jpg 1152w, https:\/\/thelittlerstravel.com\/wp-content\/uploads\/2020\/10\/IMG_6177-1536x2048.jpg 1536w, https:\/\/thelittlerstravel.com\/wp-content\/uploads\/2020\/10\/IMG_6177-9x12.jpg 9w, https:\/\/thelittlerstravel.com\/wp-content\/uploads\/2020\/10\/IMG_6177-1440x1920.jpg 1440w, https:\/\/thelittlerstravel.com\/wp-content\/uploads\/2020\/10\/IMG_6177-600x800.jpg 600w, https:\/\/thelittlerstravel.com\/wp-content\/uploads\/2020\/10\/IMG_6177-800x1067.jpg 800w, https:\/\/thelittlerstravel.com\/wp-content\/uploads\/2020\/10\/IMG_6177-380x507.jpg 380w, https:\/\/thelittlerstravel.com\/wp-content\/uploads\/2020\/10\/IMG_6177-247x330.jpg 247w, https:\/\/thelittlerstravel.com\/wp-content\/uploads\/2020\/10\/IMG_6177-278x371.jpg 278w\" sizes=\"auto, (max-width: 768px) 100vw, 768px\" \/><\/figure><\/div><\/div><\/div><\/div>\n\n\n\n<p>At <strong>night<\/strong>, don&#8217;t miss Achill. This has always been our favourite place to spend the night partying. It&#8217;s a nightclub with good music, a terrace and an excellent atmosphere in the Arenal.<\/p>\n\n\n\n<h2 class=\"has-trawell-cat-2-color has-text-color wp-block-heading\" id=\"day-3-on-the-costa-blanca-from-javea-to-altea\"><span class=\"ez-toc-section\" id=\"Day_3_on_the_Costa_Blanca_%E2%80%93_from_Javea_to_Altea\"><\/span>Day 3 on the Costa Blanca &#8211; from Javea to Altea<span class=\"ez-toc-section-end\"><\/span><\/h2>\n\n\n\n<p>For your third day, we recommend you take a short road-trip and drive through various picturesque coastal towns. <br>Even though you could spend days and days enjoying the area&#8217;s magnificent beaches, hiking trails or visiting the famous Riuraus, which is a traditional building of the Marina Alta, and getting lost in all the streets of these magnificent cities and towns, for us, the following places are the best that the area has to offer.<\/p>\n\n\n\n<p>If we have spent the night in J\u00e1vea, we will start our tour in Benitatxell and we will finish in Altea.<\/p>\n\n\n\n<h3 class=\"has-trawell-cat-2-color has-text-color wp-block-heading\" id=\"benitatxell\"><span class=\"ez-toc-section\" id=\"Benitatxell\"><\/span>Benitatxell<span class=\"ez-toc-section-end\"><\/span><\/h3>\n\n\n\n<p>As we start our route, we arrive at Benitatxell, and our favourite place is <strong>the Cova dels Arcs<\/strong>, in Cumbre del Sol, a cave with natural arches that looks like something out of a fairy tale. Find out more <a rel=\"noreferrer noopener\" href=\"http:\/\/www.turismo.elpoblenoudebenitatxell.com\/en\/que-ver\/espacios-naturales\/4-cova-dels-arcs\" target=\"_blank\">here<\/a>.<\/p>\n\n\n\n<p>If you fancy spending some time on the beach, the most famous is <strong>Moraig beach<\/strong>, which is ideal to visit, if you go during low season, and which is a perfect time to take it all in.<\/p>\n\n\n\n<h3 class=\"has-trawell-cat-2-color has-text-color wp-block-heading\" id=\"moraira\"><span class=\"ez-toc-section\" id=\"Moraira\"><\/span>Moraira<span class=\"ez-toc-section-end\"><\/span><\/h3>\n\n\n\n<p>In Moraira, what we like the most is the <strong>castle<\/strong> on the seashore, a fortress that defended this city from pirates. We are sure that the views of the port, the breeze and the bright colours will make you fall in love with Moraira.<\/p>\n\n\n\n<p>If you want to stay a little longer, we recommend taking a short hiking route to <strong>Torre Vigia Cap d&#8217;Or<\/strong>, from where the views are spectacular. You can check out the route <a rel=\"noreferrer noopener\" href=\"http:\/\/www.turismoteuladamoraira.com\/teumor\/web_php\/index.php?contenido=showRuta&amp;id=9&amp;idNivel=0&amp;mapa=true&amp;mode=folder&amp;order=asc\" target=\"_blank\">here.<\/a><\/p>\n\n\n\n<div aria-label=\"Carousel Gallery\" class=\"wp-block-coblocks-gallery-carousel has-responsive-height\"><div class=\"is-cropped coblocks-gallery has-no-alignment has-caption-style-dark has-horizontal-gutter has-lightbox\"><div class=\"has-carousel has-carousel-lrg has-aligned-cells\" data-flickity=\"{&quot;autoPlay&quot;:false,&quot;draggable&quot;:true,&quot;pageDots&quot;:false,&quot;prevNextButtons&quot;:true,&quot;wrapAround&quot;:true,&quot;cellAlign&quot;:&quot;left&quot;,&quot;pauseAutoPlayOnHover&quot;:false,&quot;freeScroll&quot;:false,&quot;arrowShape&quot;:{&quot;x0&quot;:10,&quot;x1&quot;:60,&quot;y1&quot;:50,&quot;x2&quot;:65,&quot;y2&quot;:45,&quot;x3&quot;:20},&quot;thumbnails&quot;:false,&quot;responsiveHeight&quot;:true}\"><div class=\"coblocks-gallery--item\"><figure class=\"coblocks-gallery--figure has-margin-left-5 has-margin-left-mobile-5 has-margin-right-5 has-margin-right-mobile-5\"><img loading=\"lazy\" decoding=\"async\" width=\"1024\" height=\"768\" src=\"https:\/\/thelittlerstravel.com\/wp-content\/uploads\/2020\/10\/IMG_1565-1024x768.jpg\" alt=\"Puerto de Moraira\" data-id=\"3270\" data-link=\"https:\/\/thelittlerstravel.com\/img_1565\/\" class=\"wp-image-3270\" srcset=\"https:\/\/thelittlerstravel.com\/wp-content\/uploads\/2020\/10\/IMG_1565-1024x768.jpg 1024w, https:\/\/thelittlerstravel.com\/wp-content\/uploads\/2020\/10\/IMG_1565-300x225.jpg 300w, https:\/\/thelittlerstravel.com\/wp-content\/uploads\/2020\/10\/IMG_1565-768x576.jpg 768w, https:\/\/thelittlerstravel.com\/wp-content\/uploads\/2020\/10\/IMG_1565-1536x1152.jpg 1536w, https:\/\/thelittlerstravel.com\/wp-content\/uploads\/2020\/10\/IMG_1565-2048x1536.jpg 2048w, https:\/\/thelittlerstravel.com\/wp-content\/uploads\/2020\/10\/IMG_1565-16x12.jpg 16w, https:\/\/thelittlerstravel.com\/wp-content\/uploads\/2020\/10\/IMG_1565-1920x1440.jpg 1920w, https:\/\/thelittlerstravel.com\/wp-content\/uploads\/2020\/10\/IMG_1565-600x450.jpg 600w, https:\/\/thelittlerstravel.com\/wp-content\/uploads\/2020\/10\/IMG_1565-800x600.jpg 800w, https:\/\/thelittlerstravel.com\/wp-content\/uploads\/2020\/10\/IMG_1565-141x106.jpg 141w, https:\/\/thelittlerstravel.com\/wp-content\/uploads\/2020\/10\/IMG_1565-380x285.jpg 380w, https:\/\/thelittlerstravel.com\/wp-content\/uploads\/2020\/10\/IMG_1565-247x186.jpg 247w\" sizes=\"auto, (max-width: 1024px) 100vw, 1024px\" \/><\/figure><\/div><div class=\"coblocks-gallery--item\"><figure class=\"coblocks-gallery--figure has-margin-left-5 has-margin-left-mobile-5 has-margin-right-5 has-margin-right-mobile-5\"><img loading=\"lazy\" decoding=\"async\" width=\"1024\" height=\"768\" src=\"https:\/\/thelittlerstravel.com\/wp-content\/uploads\/2020\/10\/IMG_1933-1024x768.jpg\" alt=\"Paseo y Castillo de Moraira\" data-id=\"3271\" data-link=\"https:\/\/thelittlerstravel.com\/img_1933\/\" class=\"wp-image-3271\" srcset=\"https:\/\/thelittlerstravel.com\/wp-content\/uploads\/2020\/10\/IMG_1933-1024x768.jpg 1024w, https:\/\/thelittlerstravel.com\/wp-content\/uploads\/2020\/10\/IMG_1933-300x225.jpg 300w, https:\/\/thelittlerstravel.com\/wp-content\/uploads\/2020\/10\/IMG_1933-768x576.jpg 768w, https:\/\/thelittlerstravel.com\/wp-content\/uploads\/2020\/10\/IMG_1933-1536x1152.jpg 1536w, https:\/\/thelittlerstravel.com\/wp-content\/uploads\/2020\/10\/IMG_1933-2048x1536.jpg 2048w, https:\/\/thelittlerstravel.com\/wp-content\/uploads\/2020\/10\/IMG_1933-16x12.jpg 16w, https:\/\/thelittlerstravel.com\/wp-content\/uploads\/2020\/10\/IMG_1933-1920x1440.jpg 1920w, https:\/\/thelittlerstravel.com\/wp-content\/uploads\/2020\/10\/IMG_1933-600x450.jpg 600w, https:\/\/thelittlerstravel.com\/wp-content\/uploads\/2020\/10\/IMG_1933-800x600.jpg 800w, https:\/\/thelittlerstravel.com\/wp-content\/uploads\/2020\/10\/IMG_1933-141x106.jpg 141w, https:\/\/thelittlerstravel.com\/wp-content\/uploads\/2020\/10\/IMG_1933-380x285.jpg 380w, https:\/\/thelittlerstravel.com\/wp-content\/uploads\/2020\/10\/IMG_1933-247x186.jpg 247w\" sizes=\"auto, (max-width: 1024px) 100vw, 1024px\" \/><\/figure><\/div><\/div><\/div><\/div>\n\n\n\n<h3 class=\"has-trawell-cat-2-color has-text-color wp-block-heading\" id=\"benissa\"><span class=\"ez-toc-section\" id=\"Benissa\"><\/span>Benissa<span class=\"ez-toc-section-end\"><\/span><\/h3>\n\n\n\n<p>From Benissa, a town that is close to Moraira, we would recommend that you don&#8217;t miss the <strong>Sierra de Bernia<\/strong>, with a natural tunnel that crosses through the mountain and takes you to incomparable views. Find the route <a rel=\"noreferrer noopener\" href=\"https:\/\/en.benissa.net\/ver\/81\/pr-cv-7-b%c3rnia--pr-cv-436-font-de-b%c3rnia.html\" target=\"_blank\">here<\/a>.<\/p>\n\n\n\n<p>Additionally, this town has several coves and beaches to visit where you can spend days enjoying them all:<\/p>\n\n\n\n<ul class=\"is-style-checkbox wp-block-list\"><li>Cala Baladrar: surrounded by pine trees and gravel<\/li><li>Cala La Llobella: ideal for snorkelling and diving<\/li><li>Playa Les Bassetes: from where you can also access the Ecological route.<\/li><li>Playa La Fustera: where you can visit the Cova de la Fustera<\/li><li>Cala Pinets: with a natural pool for children<\/li><li>Platgeta de l&#8217;Advocat: With space for children and ideal for snorkelling<\/li><\/ul>\n\n\n\n<h3 class=\"has-trawell-cat-2-color has-text-color wp-block-heading\" id=\"calpe\"><span class=\"ez-toc-section\" id=\"Calpe\"><\/span>Calpe<span class=\"ez-toc-section-end\"><\/span><\/h3>\n\n\n\n<p>If you like hiking, we recommend you climb the <strong>Pe\u00f1\u00f3n de Ifach<\/strong>, from which the views are amazing. Find out how to get there <a rel=\"noreferrer noopener\" href=\"https:\/\/www.calpe.es\/en\/discover-calpe\/itinerary\" target=\"_blank\">here<\/a>.<\/p>\n\n\n\n<p>On the other hand, if you decide to take a walk around, what better way than to start with a Roman site known for <strong>Los Ba\u00f1os de la Reina<\/strong> and <strong>the Roman Baths<\/strong>, almost at the foot of the Pe\u00f1\u00f3n de Ifach.<\/p>\n\n\n\n<p>If we walk for about 30 minutes, we will arrive at the <strong>Old Town<\/strong> where you will find:<\/p>\n\n\n\n<ul class=\"is-style-checkbox wp-block-list\"><li>El Forat de la Mar: A breach that occurred in the city walls during an attack by the French.<\/li><li>Wall and Tower of la Pieza: from the 15th century.<\/li><\/ul>\n\n\n\n<p>And as an interesting extra, if you visit Calpe from Monday to Friday, at 5:00 p.m. the fish auction begins in the Port&#8217;s fish market, an absolute experience to see in this fishing town.<\/p>\n\n\n\n<h3 class=\"has-trawell-cat-2-color has-text-color wp-block-heading\" id=\"altea\"><span class=\"ez-toc-section\" id=\"Altea\"><\/span>Altea<span class=\"ez-toc-section-end\"><\/span><\/h3>\n\n\n\n<p>By the time you get to Altea, you will think that nothing can surprise you anymore, but this town will leave you with you gobsmacked.<\/p>\n\n\n\n<p>Without a doubt, <strong>wandering around<\/strong> the town is a must in Altea, visit the old town to coat yourself with its essence.<\/p>\n\n\n\n<p>Stroll its cobbled streets with white fa\u00e7ades and admire the Mediterranean dome of the <strong>Church of Nuestra Se\u00f1ora del Consuelo.<\/strong><\/p>\n\n\n\n<div aria-label=\"Carousel Gallery\" class=\"wp-block-coblocks-gallery-carousel has-responsive-height\"><div class=\"is-cropped coblocks-gallery has-no-alignment has-caption-style-dark has-horizontal-gutter has-lightbox\"><div class=\"has-carousel has-carousel-lrg has-aligned-cells\" data-flickity=\"{&quot;autoPlay&quot;:false,&quot;draggable&quot;:true,&quot;pageDots&quot;:false,&quot;prevNextButtons&quot;:true,&quot;wrapAround&quot;:true,&quot;cellAlign&quot;:&quot;left&quot;,&quot;pauseAutoPlayOnHover&quot;:false,&quot;freeScroll&quot;:false,&quot;arrowShape&quot;:{&quot;x0&quot;:10,&quot;x1&quot;:60,&quot;y1&quot;:50,&quot;x2&quot;:65,&quot;y2&quot;:45,&quot;x3&quot;:20},&quot;thumbnails&quot;:false,&quot;responsiveHeight&quot;:true}\"><div class=\"coblocks-gallery--item\"><figure class=\"coblocks-gallery--figure has-margin-left-5 has-margin-left-mobile-5 has-margin-right-5 has-margin-right-mobile-5\"><img loading=\"lazy\" decoding=\"async\" width=\"1024\" height=\"768\" src=\"https:\/\/thelittlerstravel.com\/wp-content\/uploads\/2020\/10\/IMG_4410-1024x768.jpg\" alt=\"Iglesia Altea\" data-id=\"3276\" data-link=\"https:\/\/thelittlerstravel.com\/img_4410\/\" class=\"wp-image-3276\" srcset=\"https:\/\/thelittlerstravel.com\/wp-content\/uploads\/2020\/10\/IMG_4410-1024x768.jpg 1024w, https:\/\/thelittlerstravel.com\/wp-content\/uploads\/2020\/10\/IMG_4410-300x225.jpg 300w, https:\/\/thelittlerstravel.com\/wp-content\/uploads\/2020\/10\/IMG_4410-768x576.jpg 768w, https:\/\/thelittlerstravel.com\/wp-content\/uploads\/2020\/10\/IMG_4410-1536x1152.jpg 1536w, https:\/\/thelittlerstravel.com\/wp-content\/uploads\/2020\/10\/IMG_4410-2048x1536.jpg 2048w, https:\/\/thelittlerstravel.com\/wp-content\/uploads\/2020\/10\/IMG_4410-16x12.jpg 16w, https:\/\/thelittlerstravel.com\/wp-content\/uploads\/2020\/10\/IMG_4410-1920x1440.jpg 1920w, https:\/\/thelittlerstravel.com\/wp-content\/uploads\/2020\/10\/IMG_4410-600x450.jpg 600w, https:\/\/thelittlerstravel.com\/wp-content\/uploads\/2020\/10\/IMG_4410-800x600.jpg 800w, https:\/\/thelittlerstravel.com\/wp-content\/uploads\/2020\/10\/IMG_4410-141x106.jpg 141w, https:\/\/thelittlerstravel.com\/wp-content\/uploads\/2020\/10\/IMG_4410-380x285.jpg 380w, https:\/\/thelittlerstravel.com\/wp-content\/uploads\/2020\/10\/IMG_4410-247x186.jpg 247w\" sizes=\"auto, (max-width: 1024px) 100vw, 1024px\" \/><\/figure><\/div><div class=\"coblocks-gallery--item\"><figure class=\"coblocks-gallery--figure has-margin-left-5 has-margin-left-mobile-5 has-margin-right-5 has-margin-right-mobile-5\"><img loading=\"lazy\" decoding=\"async\" width=\"1024\" height=\"768\" src=\"https:\/\/thelittlerstravel.com\/wp-content\/uploads\/2020\/10\/IMG_4405-1024x768.jpg\" alt=\"Mirador de Altea\" data-id=\"3275\" data-link=\"https:\/\/thelittlerstravel.com\/img_4405\/\" class=\"wp-image-3275\" srcset=\"https:\/\/thelittlerstravel.com\/wp-content\/uploads\/2020\/10\/IMG_4405-1024x768.jpg 1024w, https:\/\/thelittlerstravel.com\/wp-content\/uploads\/2020\/10\/IMG_4405-300x225.jpg 300w, https:\/\/thelittlerstravel.com\/wp-content\/uploads\/2020\/10\/IMG_4405-768x576.jpg 768w, https:\/\/thelittlerstravel.com\/wp-content\/uploads\/2020\/10\/IMG_4405-1536x1152.jpg 1536w, https:\/\/thelittlerstravel.com\/wp-content\/uploads\/2020\/10\/IMG_4405-2048x1536.jpg 2048w, https:\/\/thelittlerstravel.com\/wp-content\/uploads\/2020\/10\/IMG_4405-16x12.jpg 16w, https:\/\/thelittlerstravel.com\/wp-content\/uploads\/2020\/10\/IMG_4405-1920x1440.jpg 1920w, https:\/\/thelittlerstravel.com\/wp-content\/uploads\/2020\/10\/IMG_4405-600x450.jpg 600w, https:\/\/thelittlerstravel.com\/wp-content\/uploads\/2020\/10\/IMG_4405-800x600.jpg 800w, https:\/\/thelittlerstravel.com\/wp-content\/uploads\/2020\/10\/IMG_4405-141x106.jpg 141w, https:\/\/thelittlerstravel.com\/wp-content\/uploads\/2020\/10\/IMG_4405-380x285.jpg 380w, https:\/\/thelittlerstravel.com\/wp-content\/uploads\/2020\/10\/IMG_4405-247x186.jpg 247w\" sizes=\"auto, (max-width: 1024px) 100vw, 1024px\" \/><\/figure><\/div><div class=\"coblocks-gallery--item\"><figure class=\"coblocks-gallery--figure has-margin-left-5 has-margin-left-mobile-5 has-margin-right-5 has-margin-right-mobile-5\"><img loading=\"lazy\" decoding=\"async\" width=\"768\" height=\"1024\" src=\"https:\/\/thelittlerstravel.com\/wp-content\/uploads\/2020\/10\/IMG_4411-768x1024.jpg\" alt=\"Calles de Altea\" data-id=\"3277\" data-link=\"https:\/\/thelittlerstravel.com\/img_4411\/\" class=\"wp-image-3277\" srcset=\"https:\/\/thelittlerstravel.com\/wp-content\/uploads\/2020\/10\/IMG_4411-768x1024.jpg 768w, https:\/\/thelittlerstravel.com\/wp-content\/uploads\/2020\/10\/IMG_4411-225x300.jpg 225w, https:\/\/thelittlerstravel.com\/wp-content\/uploads\/2020\/10\/IMG_4411-1152x1536.jpg 1152w, https:\/\/thelittlerstravel.com\/wp-content\/uploads\/2020\/10\/IMG_4411-1536x2048.jpg 1536w, https:\/\/thelittlerstravel.com\/wp-content\/uploads\/2020\/10\/IMG_4411-9x12.jpg 9w, https:\/\/thelittlerstravel.com\/wp-content\/uploads\/2020\/10\/IMG_4411-1440x1920.jpg 1440w, https:\/\/thelittlerstravel.com\/wp-content\/uploads\/2020\/10\/IMG_4411-600x800.jpg 600w, https:\/\/thelittlerstravel.com\/wp-content\/uploads\/2020\/10\/IMG_4411-800x1067.jpg 800w, https:\/\/thelittlerstravel.com\/wp-content\/uploads\/2020\/10\/IMG_4411-380x507.jpg 380w, https:\/\/thelittlerstravel.com\/wp-content\/uploads\/2020\/10\/IMG_4411-247x330.jpg 247w, https:\/\/thelittlerstravel.com\/wp-content\/uploads\/2020\/10\/IMG_4411-278x371.jpg 278w\" sizes=\"auto, (max-width: 768px) 100vw, 768px\" \/><\/figure><\/div><div class=\"coblocks-gallery--item\"><figure class=\"coblocks-gallery--figure has-margin-left-5 has-margin-left-mobile-5 has-margin-right-5 has-margin-right-mobile-5\"><img loading=\"lazy\" decoding=\"async\" width=\"1024\" height=\"768\" src=\"https:\/\/thelittlerstravel.com\/wp-content\/uploads\/2020\/10\/IMG_4424-1024x768.jpg\" alt=\"Paseando por Altea\" data-id=\"3278\" data-link=\"https:\/\/thelittlerstravel.com\/img_4424\/\" class=\"wp-image-3278\" srcset=\"https:\/\/thelittlerstravel.com\/wp-content\/uploads\/2020\/10\/IMG_4424-1024x768.jpg 1024w, https:\/\/thelittlerstravel.com\/wp-content\/uploads\/2020\/10\/IMG_4424-300x225.jpg 300w, https:\/\/thelittlerstravel.com\/wp-content\/uploads\/2020\/10\/IMG_4424-768x576.jpg 768w, https:\/\/thelittlerstravel.com\/wp-content\/uploads\/2020\/10\/IMG_4424-1536x1152.jpg 1536w, https:\/\/thelittlerstravel.com\/wp-content\/uploads\/2020\/10\/IMG_4424-2048x1536.jpg 2048w, https:\/\/thelittlerstravel.com\/wp-content\/uploads\/2020\/10\/IMG_4424-16x12.jpg 16w, https:\/\/thelittlerstravel.com\/wp-content\/uploads\/2020\/10\/IMG_4424-1920x1440.jpg 1920w, https:\/\/thelittlerstravel.com\/wp-content\/uploads\/2020\/10\/IMG_4424-600x450.jpg 600w, https:\/\/thelittlerstravel.com\/wp-content\/uploads\/2020\/10\/IMG_4424-800x600.jpg 800w, https:\/\/thelittlerstravel.com\/wp-content\/uploads\/2020\/10\/IMG_4424-141x106.jpg 141w, https:\/\/thelittlerstravel.com\/wp-content\/uploads\/2020\/10\/IMG_4424-380x285.jpg 380w, https:\/\/thelittlerstravel.com\/wp-content\/uploads\/2020\/10\/IMG_4424-247x186.jpg 247w\" sizes=\"auto, (max-width: 1024px) 100vw, 1024px\" \/><\/figure><\/div><\/div><\/div><\/div>\n\n\n\n<p>The most beautiful<strong> streets<\/strong>: Calle Santa B\u00e1rbara with views of the Mediterranean Sea and Casa Cervantes, Calle Mayor, Calle Cura Llinares and Calle San Miguel<\/p>\n\n\n\n<p>While wandering around, you will find a viewpoint at the square where you can see the bay, the Pe\u00f1\u00f3n de Ifach and the skyscrapers of Benidorm.<\/p>\n\n\n\n<h2 class=\"has-trawell-cat-2-color has-text-color wp-block-heading\" id=\"tips\"><span class=\"ez-toc-section\" id=\"Tips\"><\/span>Tips<span class=\"ez-toc-section-end\"><\/span><\/h2>\n\n\n\n<ul class=\"is-style-checkbox wp-block-list\"><li>If you are going to visit this beautiful coast, it makes sense that you&#8217;ll also want to enjoy it with your pet, so here is an updated list of <a rel=\"noreferrer noopener\" href=\"https:\/\/www.redcanina.es\/playas-para-perros-en-espana\/\" target=\"_blank\">beaches for dogs<\/a>. Enjoy them!<\/li><li>This is a tourist map of the Marina Alta area with thousands of things to do, both sun and beach and up in the scenic mountains.<\/li><\/ul>\n\n\n\n<div aria-label=\"Carousel Gallery\" class=\"wp-block-coblocks-gallery-carousel has-responsive-height\"><div class=\"is-cropped coblocks-gallery has-no-alignment has-caption-style-dark has-horizontal-gutter has-lightbox\"><div class=\"has-carousel has-carousel-lrg has-aligned-cells\" data-flickity=\"{&quot;autoPlay&quot;:false,&quot;draggable&quot;:true,&quot;pageDots&quot;:false,&quot;prevNextButtons&quot;:true,&quot;wrapAround&quot;:true,&quot;cellAlign&quot;:&quot;left&quot;,&quot;pauseAutoPlayOnHover&quot;:false,&quot;freeScroll&quot;:false,&quot;arrowShape&quot;:{&quot;x0&quot;:10,&quot;x1&quot;:60,&quot;y1&quot;:50,&quot;x2&quot;:65,&quot;y2&quot;:45,&quot;x3&quot;:20},&quot;thumbnails&quot;:false,&quot;responsiveHeight&quot;:true}\"><div class=\"coblocks-gallery--item\"><figure class=\"coblocks-gallery--figure has-margin-left-5 has-margin-left-mobile-5 has-margin-right-5 has-margin-right-mobile-5\"><img loading=\"lazy\" decoding=\"async\" width=\"721\" height=\"1024\" src=\"https:\/\/thelittlerstravel.com\/wp-content\/uploads\/2020\/07\/IMG_5789-721x1024.jpg\" alt=\"Mapa Tur\u00edstico de la Marina Alta\" data-id=\"2720\" data-link=\"https:\/\/thelittlerstravel.com\/img_5789\/\" class=\"wp-image-2720\" srcset=\"https:\/\/thelittlerstravel.com\/wp-content\/uploads\/2020\/07\/IMG_5789-721x1024.jpg 721w, https:\/\/thelittlerstravel.com\/wp-content\/uploads\/2020\/07\/IMG_5789-211x300.jpg 211w, https:\/\/thelittlerstravel.com\/wp-content\/uploads\/2020\/07\/IMG_5789-768x1091.jpg 768w, https:\/\/thelittlerstravel.com\/wp-content\/uploads\/2020\/07\/IMG_5789-1081x1536.jpg 1081w, https:\/\/thelittlerstravel.com\/wp-content\/uploads\/2020\/07\/IMG_5789-1442x2048.jpg 1442w, https:\/\/thelittlerstravel.com\/wp-content\/uploads\/2020\/07\/IMG_5789-1352x1920.jpg 1352w, https:\/\/thelittlerstravel.com\/wp-content\/uploads\/2020\/07\/IMG_5789-600x852.jpg 600w, https:\/\/thelittlerstravel.com\/wp-content\/uploads\/2020\/07\/IMG_5789-800x1136.jpg 800w\" sizes=\"auto, (max-width: 721px) 100vw, 721px\" \/><\/figure><\/div><div class=\"coblocks-gallery--item\"><figure class=\"coblocks-gallery--figure has-margin-left-5 has-margin-left-mobile-5 has-margin-right-5 has-margin-right-mobile-5\"><img loading=\"lazy\" decoding=\"async\" width=\"726\" height=\"1024\" src=\"https:\/\/thelittlerstravel.com\/wp-content\/uploads\/2020\/07\/IMG_5788-726x1024.jpg\" alt=\"Mapa Tur\u00edstico de la Marina Alta\" data-id=\"2719\" data-link=\"https:\/\/thelittlerstravel.com\/img_5788\/\" class=\"wp-image-2719\" srcset=\"https:\/\/thelittlerstravel.com\/wp-content\/uploads\/2020\/07\/IMG_5788-726x1024.jpg 726w, https:\/\/thelittlerstravel.com\/wp-content\/uploads\/2020\/07\/IMG_5788-213x300.jpg 213w, https:\/\/thelittlerstravel.com\/wp-content\/uploads\/2020\/07\/IMG_5788-768x1083.jpg 768w, https:\/\/thelittlerstravel.com\/wp-content\/uploads\/2020\/07\/IMG_5788-1090x1536.jpg 1090w, https:\/\/thelittlerstravel.com\/wp-content\/uploads\/2020\/07\/IMG_5788-1453x2048.jpg 1453w, https:\/\/thelittlerstravel.com\/wp-content\/uploads\/2020\/07\/IMG_5788-1362x1920.jpg 1362w, https:\/\/thelittlerstravel.com\/wp-content\/uploads\/2020\/07\/IMG_5788-600x846.jpg 600w, https:\/\/thelittlerstravel.com\/wp-content\/uploads\/2020\/07\/IMG_5788-800x1128.jpg 800w\" sizes=\"auto, (max-width: 726px) 100vw, 726px\" \/><\/figure><\/div><\/div><\/div><\/div>\n\n\n\n<h2 class=\"has-trawell-cat-2-color has-text-color wp-block-heading\" id=\"block-08b11eaa-7fbe-4e96-a9df-0d15411c25ec\"><span class=\"ez-toc-section\" id=\"Useful_Information_%E2%80%93_Javea\"><\/span>Useful Information &#8211; Javea<span class=\"ez-toc-section-end\"><\/span><\/h2>\n\n\n\n<figure class=\"wp-block-table\"><table class=\"has-background has-fixed-layout\" style=\"background-color:#fcf0ef\"><tbody><tr><td><strong>Currency: <\/strong>Euro<\/td><td><strong>Type of Tourism:<\/strong> City\/Nature<\/td><td><strong>Safe to Drink Tap Water:<\/strong> Yes<\/td><\/tr><tr><td><strong>Weather:<\/strong> 25\u00baC in July<\/td><td><strong>Average Cost:<\/strong> 3\/5<\/td><td><strong>Driving Side: <\/strong>Right Hand Side<\/td><\/tr><tr><td><strong>Time Zone: <\/strong>UTC\/GMT +2<\/td><td><strong>Socket Type:<\/strong> Type F<\/td><td><strong>Best Form of Transport:<\/strong> Car<\/td><\/tr><tr><td><strong>Population:<\/strong> 27.000 (Javea)<\/td><td><strong>VISA Required:<\/strong> No<\/td><td><strong>Safety:<\/strong> 4\/5<\/td><\/tr><tr><td><strong>Languages:<\/strong> Valenciano and Spanish<\/td><td><strong>Veggie Friendly:<\/strong> 3\/5<\/td><td><strong>Children Friendly:<\/strong> Yes<\/td><\/tr><\/tbody><\/table><\/figure>\n","protected":false},"excerpt":{"rendered":"<p>The other day, we spent a few days on the coast of Alicante, and needless to say, we loved it. We couldn&#8217;t believe how fortunate we are to live close to paradise such as this so, in this post, we want to tell you which places and activities on the Costa Blanca are our favourites. [&hellip;]<\/p>\n","protected":false},"author":1,"featured_media":3291,"comment_status":"open","ping_status":"open","sticky":false,"template":"","format":"standard","meta":{"_coblocks_attr":"","_coblocks_dimensions":"","_coblocks_responsive_height":"","_coblocks_accordion_ie_support":"","footnotes":""},"categories":[4],"tags":[254,251,253,255,248,250,249,252],"class_list":["post-2993","post","type-post","status-publish","format-standard","has-post-thumbnail","hentry","category-europe","tag-altea","tag-benissa","tag-benitatxell","tag-calpe","tag-costa-blanca","tag-denia","tag-javea","tag-moraira"],"_links":{"self":[{"href":"https:\/\/thelittlerstravel.com\/en\/wp-json\/wp\/v2\/posts\/2993","targetHints":{"allow":["GET"]}}],"collection":[{"href":"https:\/\/thelittlerstravel.com\/en\/wp-json\/wp\/v2\/posts"}],"about":[{"href":"https:\/\/thelittlerstravel.com\/en\/wp-json\/wp\/v2\/types\/post"}],"author":[{"embeddable":true,"href":"https:\/\/thelittlerstravel.com\/en\/wp-json\/wp\/v2\/users\/1"}],"replies":[{"embeddable":true,"href":"https:\/\/thelittlerstravel.com\/en\/wp-json\/wp\/v2\/comments?post=2993"}],"version-history":[{"count":60,"href":"https:\/\/thelittlerstravel.com\/en\/wp-json\/wp\/v2\/posts\/2993\/revisions"}],"predecessor-version":[{"id":4380,"href":"https:\/\/thelittlerstravel.com\/en\/wp-json\/wp\/v2\/posts\/2993\/revisions\/4380"}],"wp:featuredmedia":[{"embeddable":true,"href":"https:\/\/thelittlerstravel.com\/en\/wp-json\/wp\/v2\/media\/3291"}],"wp:attachment":[{"href":"https:\/\/thelittlerstravel.com\/en\/wp-json\/wp\/v2\/media?parent=2993"}],"wp:term":[{"taxonomy":"category","embeddable":true,"href":"https:\/\/thelittlerstravel.com\/en\/wp-json\/wp\/v2\/categories?post=2993"},{"taxonomy":"post_tag","embeddable":true,"href":"https:\/\/thelittlerstravel.com\/en\/wp-json\/wp\/v2\/tags?post=2993"}],"curies":[{"name":"wp","href":"https:\/\/api.w.org\/{rel}","templated":true}]}}