{"id":2189,"date":"2022-01-26T17:13:57","date_gmt":"2022-01-26T17:13:57","guid":{"rendered":"https:\/\/thelittlerstravel.com\/?p=2189"},"modified":"2022-01-26T17:14:36","modified_gmt":"2022-01-26T17:14:36","slug":"3-dias-en-el-idilico-cancun","status":"publish","type":"post","link":"https:\/\/thelittlerstravel.com\/es\/2022\/01\/3-dias-en-el-idilico-cancun\/","title":{"rendered":"3 d\u00edas en el id\u00edlico Canc\u00fan"},"content":{"rendered":"<p>En nuestro tour en coche por M\u00e9xico tuvimos la gran suerte de pasar varios d\u00edas en Canc\u00fan y en sus alrededores.<br>Cada zona de M\u00e9xico est\u00e1 llena de maravillosos lugares y Canc\u00fan, no se queda corto. En unas 2 horas alrededor de esta zona tur\u00edstica, puedes encontrar ruinas mayas, cenotes, playas de arena blanca y aguas turquesas, una de las Maravillas del Mundo, parques de atracciones&#8230; y un sin fin de cosas que har\u00e1n que, si viajas a Canc\u00fan, tus vacaciones, se queden cortas.<\/p>\n\n\n\n<div id=\"ez-toc-container\" class=\"ez-toc-v2_0_82_2 counter-hierarchy ez-toc-counter ez-toc-custom ez-toc-container-direction\">\n<p class=\"ez-toc-title\" style=\"cursor:inherit\">Nuestro Viaje<\/p>\n<label for=\"ez-toc-cssicon-toggle-item-69f212a3636aa\" class=\"ez-toc-cssicon-toggle-label\"><span class=\"\"><span class=\"eztoc-hide\" style=\"display:none;\">Toggle<\/span><span class=\"ez-toc-icon-toggle-span\"><svg style=\"fill: #444444;color:#444444\" xmlns=\"http:\/\/www.w3.org\/2000\/svg\" class=\"list-377408\" width=\"20px\" height=\"20px\" viewbox=\"0 0 24 24\" fill=\"none\"><path d=\"M6 6H4v2h2V6zm14 0H8v2h12V6zM4 11h2v2H4v-2zm16 0H8v2h12v-2zM4 16h2v2H4v-2zm16 0H8v2h12v-2z\" fill=\"currentColor\"><\/path><\/svg><svg style=\"fill: #444444;color:#444444\" class=\"arrow-unsorted-368013\" xmlns=\"http:\/\/www.w3.org\/2000\/svg\" width=\"10px\" height=\"10px\" viewbox=\"0 0 24 24\" version=\"1.2\" baseprofile=\"tiny\"><path d=\"M18.2 9.3l-6.2-6.3-6.2 6.3c-.2.2-.3.4-.3.7s.1.5.3.7c.2.2.4.3.7.3h11c.3 0 .5-.1.7-.3.2-.2.3-.5.3-.7s-.1-.5-.3-.7zM5.8 14.7l6.2 6.3 6.2-6.3c.2-.2.3-.5.3-.7s-.1-.5-.3-.7c-.2-.2-.4-.3-.7-.3h-11c-.3 0-.5.1-.7.3-.2.2-.3.5-.3.7s.1.5.3.7z\"\/><\/svg><\/span><\/span><\/label><input type=\"checkbox\"  id=\"ez-toc-cssicon-toggle-item-69f212a3636aa\"  aria-label=\"Alternar\" \/><nav><ul class='ez-toc-list ez-toc-list-level-1' ><li class='ez-toc-page-1 ez-toc-heading-level-2'><a class=\"ez-toc-link ez-toc-heading-1\" href=\"https:\/\/thelittlerstravel.com\/es\/2022\/01\/3-dias-en-el-idilico-cancun\/#Dia_1_en_Cancun_%E2%80%93_Bacalar\" >D\u00eda 1 en Canc\u00fan &#8211; Bacalar<\/a><ul class='ez-toc-list-level-3' ><li class='ez-toc-heading-level-3'><a class=\"ez-toc-link ez-toc-heading-2\" href=\"https:\/\/thelittlerstravel.com\/es\/2022\/01\/3-dias-en-el-idilico-cancun\/#El_Cenote_Azul\" >El Cenote Azul<\/a><\/li><li class='ez-toc-page-1 ez-toc-heading-level-3'><a class=\"ez-toc-link ez-toc-heading-3\" href=\"https:\/\/thelittlerstravel.com\/es\/2022\/01\/3-dias-en-el-idilico-cancun\/#Hotel_Aluxe\" >Hotel Aluxe<\/a><\/li><li class='ez-toc-page-1 ez-toc-heading-level-3'><a class=\"ez-toc-link ez-toc-heading-4\" href=\"https:\/\/thelittlerstravel.com\/es\/2022\/01\/3-dias-en-el-idilico-cancun\/#Playa_del_Carmen\" >Playa del Carmen<\/a><\/li><\/ul><\/li><li class='ez-toc-page-1 ez-toc-heading-level-2'><a class=\"ez-toc-link ez-toc-heading-5\" href=\"https:\/\/thelittlerstravel.com\/es\/2022\/01\/3-dias-en-el-idilico-cancun\/#Dia_2_en_Cancun_%E2%80%93_Xcaret_Theme_Park\" >D\u00eda 2 en Canc\u00fan &#8211; Xcaret Theme Park<\/a><ul class='ez-toc-list-level-3' ><li class='ez-toc-heading-level-3'><a class=\"ez-toc-link ez-toc-heading-6\" href=\"https:\/\/thelittlerstravel.com\/es\/2022\/01\/3-dias-en-el-idilico-cancun\/#La_experiencia_de_nadar_con_delfines\" >La experiencia de nadar con delfines<\/a><\/li><li class='ez-toc-page-1 ez-toc-heading-level-3'><a class=\"ez-toc-link ez-toc-heading-7\" href=\"https:\/\/thelittlerstravel.com\/es\/2022\/01\/3-dias-en-el-idilico-cancun\/#Actividades_en_XCaret\" >Actividades en XCaret<\/a><\/li><\/ul><\/li><li class='ez-toc-page-1 ez-toc-heading-level-2'><a class=\"ez-toc-link ez-toc-heading-8\" href=\"https:\/\/thelittlerstravel.com\/es\/2022\/01\/3-dias-en-el-idilico-cancun\/#Dia_3_en_Cancun_%E2%80%93_Chichen_Itza\" >D\u00eda 3 en Canc\u00fan &#8211; Chich\u00e9n Itz\u00e1<\/a><ul class='ez-toc-list-level-3' ><li class='ez-toc-heading-level-3'><a class=\"ez-toc-link ez-toc-heading-9\" href=\"https:\/\/thelittlerstravel.com\/es\/2022\/01\/3-dias-en-el-idilico-cancun\/#Cenote_Suytun\" >Cenote Suytun<\/a><\/li><li class='ez-toc-page-1 ez-toc-heading-level-3'><a class=\"ez-toc-link ez-toc-heading-10\" href=\"https:\/\/thelittlerstravel.com\/es\/2022\/01\/3-dias-en-el-idilico-cancun\/#Chichen_Itza\" >Chich\u00e9n Itz\u00e1<\/a><\/li><li class='ez-toc-page-1 ez-toc-heading-level-3'><a class=\"ez-toc-link ez-toc-heading-11\" href=\"https:\/\/thelittlerstravel.com\/es\/2022\/01\/3-dias-en-el-idilico-cancun\/#Playa_del_Carmen-2\" >Playa del Carmen<\/a><\/li><\/ul><\/li><li class='ez-toc-page-1 ez-toc-heading-level-2'><a class=\"ez-toc-link ez-toc-heading-12\" href=\"https:\/\/thelittlerstravel.com\/es\/2022\/01\/3-dias-en-el-idilico-cancun\/#Consejos\" >Consejos<\/a><\/li><li class='ez-toc-page-1 ez-toc-heading-level-2'><a class=\"ez-toc-link ez-toc-heading-13\" href=\"https:\/\/thelittlerstravel.com\/es\/2022\/01\/3-dias-en-el-idilico-cancun\/#Informacion_Util\" >Informaci\u00f3n \u00datil<\/a><\/li><\/ul><\/nav><\/div>\n<h2 class=\"has-trawell-cat-2-color has-text-color wp-block-heading\" id=\"dia-1-en-cancun-bacalar\"><span class=\"ez-toc-section\" id=\"Dia_1_en_Cancun_%E2%80%93_Bacalar\"><\/span>D\u00eda 1 en Canc\u00fan &#8211; Bacalar<span class=\"ez-toc-section-end\"><\/span><\/h2>\n\n\n\n<p>Nos despertamos en San Cristobal de las Casas y nos pusimos en ruta hacia Bacalar. Pasamos el d\u00eda en este lugar paradis\u00edaco y cenamos en la tur\u00edstica Playa del Carmen.<\/p>\n\n\n\n<h3 class=\"has-trawell-cat-2-color has-text-color wp-block-heading\" id=\"el-cenote-azul\"><span class=\"ez-toc-section\" id=\"El_Cenote_Azul\"><\/span>El Cenote Azul<span class=\"ez-toc-section-end\"><\/span><\/h3>\n\n\n\n<p>Nuestra primera parada fue este gran cenote, tan grande era, que parec\u00eda un lago.<\/p>\n\n\n\n<p>Nos dimos cuenta de que para visitarlo, ten\u00edas que pasar por dentro de un restaurante y pagar una entrada, pero nos permitieron ir a una terraza para verlo desde all\u00ed sin pagar y eso fue m\u00e1s que suficiente para nosotros. <br>Desde la terraza, pod\u00edamos ver a algunas personas nadando en \u00e9l, y de verlos, ya nos temblaban las piernas porque solo en la orilla del cenote ya hab\u00eda 90 metros de profundidad.<\/p>\n\n\n\n<p>Nuestros amigos volaron el dron y sacaron unas im\u00e1genes incre\u00edbles y desde las alturas, se pod\u00eda apreciar bien que era un cenote, que es un \u00e1rea natural con agua no conectada de ninguna manera a un mar o a un r\u00edo y que obtiene el agua de los suministros subterr\u00e1neos naturales. <\/p>\n\n\n\n<div class=\"wp-block-image\"><figure class=\"aligncenter size-large is-resized\"><img loading=\"lazy\" decoding=\"async\" src=\"https:\/\/thelittlerstravel.com\/wp-content\/uploads\/2020\/06\/IMG_6492-1024x768.jpg\" alt=\"Cenote azul\" class=\"wp-image-2301\" width=\"476\" height=\"357\" srcset=\"https:\/\/thelittlerstravel.com\/wp-content\/uploads\/2020\/06\/IMG_6492-1024x768.jpg 1024w, https:\/\/thelittlerstravel.com\/wp-content\/uploads\/2020\/06\/IMG_6492-300x225.jpg 300w, https:\/\/thelittlerstravel.com\/wp-content\/uploads\/2020\/06\/IMG_6492-768x576.jpg 768w, https:\/\/thelittlerstravel.com\/wp-content\/uploads\/2020\/06\/IMG_6492-1536x1152.jpg 1536w, https:\/\/thelittlerstravel.com\/wp-content\/uploads\/2020\/06\/IMG_6492-2048x1536.jpg 2048w, https:\/\/thelittlerstravel.com\/wp-content\/uploads\/2020\/06\/IMG_6492-1920x1440.jpg 1920w, https:\/\/thelittlerstravel.com\/wp-content\/uploads\/2020\/06\/IMG_6492-600x450.jpg 600w, https:\/\/thelittlerstravel.com\/wp-content\/uploads\/2020\/06\/IMG_6492-800x600.jpg 800w, https:\/\/thelittlerstravel.com\/wp-content\/uploads\/2020\/06\/IMG_6492-141x106.jpg 141w, https:\/\/thelittlerstravel.com\/wp-content\/uploads\/2020\/06\/IMG_6492-380x285.jpg 380w, https:\/\/thelittlerstravel.com\/wp-content\/uploads\/2020\/06\/IMG_6492-247x186.jpg 247w\" sizes=\"auto, (max-width: 476px) 100vw, 476px\" \/><figcaption>Cenote Azul<\/figcaption><\/figure><\/div>\n\n\n\n<p>Solo estuvimos en esa terraza unos 15 minutos, y solo ese tiempo bajo el sol de noviembre, fue suficiente para que nuestra piel se chamuscara. <\/p>\n\n\n\n<h3 class=\"has-trawell-cat-2-color has-text-color wp-block-heading\" id=\"hotel-aluxe\"><span class=\"ez-toc-section\" id=\"Hotel_Aluxe\"><\/span>Hotel Aluxe<span class=\"ez-toc-section-end\"><\/span><\/h3>\n\n\n\n<p>Decidimos ir a este hotel en la zona del Balneario Cocolitos porque ten\u00eda acceso a las playas de aguas turquesas e instagrameables de Bacalar. <br>Para poder acceder a la playa, solo necesit\u00e1bamos comer all\u00ed y luego pod\u00edamos disfrutar de la playa, y s\u00ed, en ese orden exacto. <br>Cuando llegamos, est\u00e1bamos tan acalorados que, pensamos en darnos un chapuz\u00f3n y sacarnos algunas fotos antes de comer, pero nuestro plan pronto se desmoron\u00f3, ya que, nos pararon r\u00e1pidamente y nos explicaron que, necesit\u00e1bamos comer antes de poder siquiera acercarnos al agua. Nos comentaron que hac\u00edan esto para asegurarse de que \u00edbamos a consumir y no solo est\u00e1bamos all\u00ed por las fotos&#8230; <br>Suponemos que nuestra apariencia, con la c\u00e1mara, la pamela y el ba\u00f1ador de postureo, daba a entender que est\u00e1bamos planeando huir despu\u00e9s del ba\u00f1o y que efectivamente est\u00e1bamos all\u00ed solo por las fotos.<\/p>\n\n\n\n<p>Disfrutamos de una comida incre\u00edble en una caba\u00f1a de madera con vistas al para\u00edso, disfrutando del sol, del sonido del mar y de unas raciones de comida enormes.<br>Por supuesto, con esas raciones, deber\u00edan de entender porqu\u00e9 nos quer\u00edamos sacar las fotos antes de comer&#8230;<\/p>\n\n\n\n<p>Al terminar, tuvimos el permiso concedido y fuimos por fin a nadar. <br>Alejado de la orilla, hab\u00eda un peque\u00f1o muelle en donde una pareja disfrutaba de un c\u00f3ctel tras otro tumbados en las hamacas, lejos del ruido de los ni\u00f1os y del restaurante. <br>Ese era definitivamente el mejor lugar en todo el hotel, pero no tuvimos la oportunidad de disfrutarlo (a pesar de estar al acecho), ya que deb\u00edan de estar pegados a las hamacas, porque ninguno de ellos se movi\u00f3, ni siquiera para ir al ba\u00f1o.<\/p>\n\n\n\n<div aria-label=\"Carousel Gallery\" class=\"wp-block-coblocks-gallery-carousel has-responsive-height\"><div class=\"is-cropped coblocks-gallery has-no-alignment has-caption-style-dark has-horizontal-gutter has-lightbox\"><div class=\"has-carousel has-carousel-lrg has-aligned-cells\" data-flickity=\"{&quot;autoPlay&quot;:false,&quot;draggable&quot;:true,&quot;pageDots&quot;:false,&quot;prevNextButtons&quot;:true,&quot;wrapAround&quot;:true,&quot;cellAlign&quot;:&quot;left&quot;,&quot;pauseAutoPlayOnHover&quot;:false,&quot;freeScroll&quot;:false,&quot;arrowShape&quot;:{&quot;x0&quot;:10,&quot;x1&quot;:60,&quot;y1&quot;:50,&quot;x2&quot;:65,&quot;y2&quot;:45,&quot;x3&quot;:20},&quot;thumbnails&quot;:false,&quot;responsiveHeight&quot;:true}\"><div class=\"coblocks-gallery--item\"><figure class=\"coblocks-gallery--figure has-margin-left-5 has-margin-left-mobile-5 has-margin-right-5 has-margin-right-mobile-5\"><img loading=\"lazy\" decoding=\"async\" width=\"1024\" height=\"768\" src=\"https:\/\/thelittlerstravel.com\/wp-content\/uploads\/2020\/06\/IMG_1113-1024x768.jpg\" alt=\"Hotel Aluxe\" data-id=\"2266\" data-link=\"https:\/\/thelittlerstravel.com\/img_1113\/\" class=\"wp-image-2266\" srcset=\"https:\/\/thelittlerstravel.com\/wp-content\/uploads\/2020\/06\/IMG_1113-1024x768.jpg 1024w, https:\/\/thelittlerstravel.com\/wp-content\/uploads\/2020\/06\/IMG_1113-300x225.jpg 300w, https:\/\/thelittlerstravel.com\/wp-content\/uploads\/2020\/06\/IMG_1113-768x576.jpg 768w, https:\/\/thelittlerstravel.com\/wp-content\/uploads\/2020\/06\/IMG_1113-1536x1152.jpg 1536w, https:\/\/thelittlerstravel.com\/wp-content\/uploads\/2020\/06\/IMG_1113-2048x1536.jpg 2048w, https:\/\/thelittlerstravel.com\/wp-content\/uploads\/2020\/06\/IMG_1113-1920x1440.jpg 1920w, https:\/\/thelittlerstravel.com\/wp-content\/uploads\/2020\/06\/IMG_1113-600x450.jpg 600w, https:\/\/thelittlerstravel.com\/wp-content\/uploads\/2020\/06\/IMG_1113-800x600.jpg 800w, https:\/\/thelittlerstravel.com\/wp-content\/uploads\/2020\/06\/IMG_1113-141x106.jpg 141w, https:\/\/thelittlerstravel.com\/wp-content\/uploads\/2020\/06\/IMG_1113-380x285.jpg 380w, https:\/\/thelittlerstravel.com\/wp-content\/uploads\/2020\/06\/IMG_1113-247x186.jpg 247w\" sizes=\"auto, (max-width: 1024px) 100vw, 1024px\" \/><\/figure><\/div><div class=\"coblocks-gallery--item\"><figure class=\"coblocks-gallery--figure has-margin-left-5 has-margin-left-mobile-5 has-margin-right-5 has-margin-right-mobile-5\"><img loading=\"lazy\" decoding=\"async\" width=\"1024\" height=\"768\" src=\"https:\/\/thelittlerstravel.com\/wp-content\/uploads\/2020\/06\/IMG_9249-1024x768.jpg\" alt=\"Muelle hotel Aluxe\" data-id=\"2309\" data-link=\"https:\/\/thelittlerstravel.com\/img_9249\/\" class=\"wp-image-2309\" srcset=\"https:\/\/thelittlerstravel.com\/wp-content\/uploads\/2020\/06\/IMG_9249-1024x768.jpg 1024w, https:\/\/thelittlerstravel.com\/wp-content\/uploads\/2020\/06\/IMG_9249-300x225.jpg 300w, https:\/\/thelittlerstravel.com\/wp-content\/uploads\/2020\/06\/IMG_9249-768x576.jpg 768w, https:\/\/thelittlerstravel.com\/wp-content\/uploads\/2020\/06\/IMG_9249-1536x1152.jpg 1536w, https:\/\/thelittlerstravel.com\/wp-content\/uploads\/2020\/06\/IMG_9249-2048x1536.jpg 2048w, https:\/\/thelittlerstravel.com\/wp-content\/uploads\/2020\/06\/IMG_9249-1920x1440.jpg 1920w, https:\/\/thelittlerstravel.com\/wp-content\/uploads\/2020\/06\/IMG_9249-600x450.jpg 600w, https:\/\/thelittlerstravel.com\/wp-content\/uploads\/2020\/06\/IMG_9249-800x600.jpg 800w, https:\/\/thelittlerstravel.com\/wp-content\/uploads\/2020\/06\/IMG_9249-141x106.jpg 141w, https:\/\/thelittlerstravel.com\/wp-content\/uploads\/2020\/06\/IMG_9249-380x285.jpg 380w, https:\/\/thelittlerstravel.com\/wp-content\/uploads\/2020\/06\/IMG_9249-247x186.jpg 247w\" sizes=\"auto, (max-width: 1024px) 100vw, 1024px\" \/><\/figure><\/div><div class=\"coblocks-gallery--item\"><figure class=\"coblocks-gallery--figure has-margin-left-5 has-margin-left-mobile-5 has-margin-right-5 has-margin-right-mobile-5\"><img loading=\"lazy\" decoding=\"async\" width=\"1024\" height=\"768\" src=\"https:\/\/thelittlerstravel.com\/wp-content\/uploads\/2020\/06\/IMG_3541-1024x768.jpg\" alt=\"Balneario Cocolitos\" data-id=\"2289\" data-link=\"https:\/\/thelittlerstravel.com\/img_3541\/\" class=\"wp-image-2289\" srcset=\"https:\/\/thelittlerstravel.com\/wp-content\/uploads\/2020\/06\/IMG_3541-1024x768.jpg 1024w, https:\/\/thelittlerstravel.com\/wp-content\/uploads\/2020\/06\/IMG_3541-300x225.jpg 300w, https:\/\/thelittlerstravel.com\/wp-content\/uploads\/2020\/06\/IMG_3541-768x576.jpg 768w, https:\/\/thelittlerstravel.com\/wp-content\/uploads\/2020\/06\/IMG_3541-1536x1152.jpg 1536w, https:\/\/thelittlerstravel.com\/wp-content\/uploads\/2020\/06\/IMG_3541-2048x1536.jpg 2048w, https:\/\/thelittlerstravel.com\/wp-content\/uploads\/2020\/06\/IMG_3541-1920x1440.jpg 1920w, https:\/\/thelittlerstravel.com\/wp-content\/uploads\/2020\/06\/IMG_3541-600x450.jpg 600w, https:\/\/thelittlerstravel.com\/wp-content\/uploads\/2020\/06\/IMG_3541-800x600.jpg 800w, https:\/\/thelittlerstravel.com\/wp-content\/uploads\/2020\/06\/IMG_3541-141x106.jpg 141w, https:\/\/thelittlerstravel.com\/wp-content\/uploads\/2020\/06\/IMG_3541-380x285.jpg 380w, https:\/\/thelittlerstravel.com\/wp-content\/uploads\/2020\/06\/IMG_3541-247x186.jpg 247w\" sizes=\"auto, (max-width: 1024px) 100vw, 1024px\" \/><\/figure><\/div><div class=\"coblocks-gallery--item\"><figure class=\"coblocks-gallery--figure has-margin-left-5 has-margin-left-mobile-5 has-margin-right-5 has-margin-right-mobile-5\"><img loading=\"lazy\" decoding=\"async\" width=\"768\" height=\"1024\" src=\"https:\/\/thelittlerstravel.com\/wp-content\/uploads\/2020\/06\/IMG_1950-768x1024.jpg\" alt=\"Columpio Aluxe\" data-id=\"2284\" data-link=\"https:\/\/thelittlerstravel.com\/img_1950\/\" class=\"wp-image-2284\" srcset=\"https:\/\/thelittlerstravel.com\/wp-content\/uploads\/2020\/06\/IMG_1950-768x1024.jpg 768w, https:\/\/thelittlerstravel.com\/wp-content\/uploads\/2020\/06\/IMG_1950-225x300.jpg 225w, https:\/\/thelittlerstravel.com\/wp-content\/uploads\/2020\/06\/IMG_1950-1152x1536.jpg 1152w, https:\/\/thelittlerstravel.com\/wp-content\/uploads\/2020\/06\/IMG_1950-1536x2048.jpg 1536w, https:\/\/thelittlerstravel.com\/wp-content\/uploads\/2020\/06\/IMG_1950-1440x1920.jpg 1440w, https:\/\/thelittlerstravel.com\/wp-content\/uploads\/2020\/06\/IMG_1950-600x800.jpg 600w, https:\/\/thelittlerstravel.com\/wp-content\/uploads\/2020\/06\/IMG_1950-800x1067.jpg 800w, https:\/\/thelittlerstravel.com\/wp-content\/uploads\/2020\/06\/IMG_1950-380x507.jpg 380w, https:\/\/thelittlerstravel.com\/wp-content\/uploads\/2020\/06\/IMG_1950-247x330.jpg 247w, https:\/\/thelittlerstravel.com\/wp-content\/uploads\/2020\/06\/IMG_1950-278x371.jpg 278w\" sizes=\"auto, (max-width: 768px) 100vw, 768px\" \/><\/figure><\/div><div class=\"coblocks-gallery--item\"><figure class=\"coblocks-gallery--figure has-margin-left-5 has-margin-left-mobile-5 has-margin-right-5 has-margin-right-mobile-5\"><img loading=\"lazy\" decoding=\"async\" width=\"768\" height=\"1024\" src=\"https:\/\/thelittlerstravel.com\/wp-content\/uploads\/2020\/06\/IMG_2256-768x1024.jpg\" alt=\"Columpio Hotel Aluxe\" data-id=\"2285\" data-link=\"https:\/\/thelittlerstravel.com\/img_2256\/\" class=\"wp-image-2285\" srcset=\"https:\/\/thelittlerstravel.com\/wp-content\/uploads\/2020\/06\/IMG_2256-768x1024.jpg 768w, https:\/\/thelittlerstravel.com\/wp-content\/uploads\/2020\/06\/IMG_2256-225x300.jpg 225w, https:\/\/thelittlerstravel.com\/wp-content\/uploads\/2020\/06\/IMG_2256-1152x1536.jpg 1152w, https:\/\/thelittlerstravel.com\/wp-content\/uploads\/2020\/06\/IMG_2256-1536x2048.jpg 1536w, https:\/\/thelittlerstravel.com\/wp-content\/uploads\/2020\/06\/IMG_2256-1440x1920.jpg 1440w, https:\/\/thelittlerstravel.com\/wp-content\/uploads\/2020\/06\/IMG_2256-600x800.jpg 600w, https:\/\/thelittlerstravel.com\/wp-content\/uploads\/2020\/06\/IMG_2256-800x1067.jpg 800w, https:\/\/thelittlerstravel.com\/wp-content\/uploads\/2020\/06\/IMG_2256-380x507.jpg 380w, https:\/\/thelittlerstravel.com\/wp-content\/uploads\/2020\/06\/IMG_2256-247x330.jpg 247w, https:\/\/thelittlerstravel.com\/wp-content\/uploads\/2020\/06\/IMG_2256-278x371.jpg 278w\" sizes=\"auto, (max-width: 768px) 100vw, 768px\" \/><\/figure><\/div><div class=\"coblocks-gallery--item\"><figure class=\"coblocks-gallery--figure has-margin-left-5 has-margin-left-mobile-5 has-margin-right-5 has-margin-right-mobile-5\"><img loading=\"lazy\" decoding=\"async\" width=\"1024\" height=\"768\" src=\"https:\/\/thelittlerstravel.com\/wp-content\/uploads\/2020\/06\/IMG_1125-1024x768.jpg\" alt=\"Barco en hotel Aluxe\" data-id=\"2267\" data-link=\"https:\/\/thelittlerstravel.com\/img_1125\/\" class=\"wp-image-2267\" srcset=\"https:\/\/thelittlerstravel.com\/wp-content\/uploads\/2020\/06\/IMG_1125-1024x768.jpg 1024w, https:\/\/thelittlerstravel.com\/wp-content\/uploads\/2020\/06\/IMG_1125-300x225.jpg 300w, https:\/\/thelittlerstravel.com\/wp-content\/uploads\/2020\/06\/IMG_1125-768x576.jpg 768w, https:\/\/thelittlerstravel.com\/wp-content\/uploads\/2020\/06\/IMG_1125-1536x1152.jpg 1536w, https:\/\/thelittlerstravel.com\/wp-content\/uploads\/2020\/06\/IMG_1125-2048x1536.jpg 2048w, https:\/\/thelittlerstravel.com\/wp-content\/uploads\/2020\/06\/IMG_1125-1920x1440.jpg 1920w, https:\/\/thelittlerstravel.com\/wp-content\/uploads\/2020\/06\/IMG_1125-600x450.jpg 600w, https:\/\/thelittlerstravel.com\/wp-content\/uploads\/2020\/06\/IMG_1125-800x600.jpg 800w, https:\/\/thelittlerstravel.com\/wp-content\/uploads\/2020\/06\/IMG_1125-141x106.jpg 141w, https:\/\/thelittlerstravel.com\/wp-content\/uploads\/2020\/06\/IMG_1125-380x285.jpg 380w, https:\/\/thelittlerstravel.com\/wp-content\/uploads\/2020\/06\/IMG_1125-247x186.jpg 247w\" sizes=\"auto, (max-width: 1024px) 100vw, 1024px\" \/><\/figure><\/div><\/div><\/div><figcaption class=\"coblocks-gallery--caption coblocks-gallery--primary-caption\">Hotel Aluxe en la zona del Balneario Cocolitos<\/figcaption><\/div>\n\n\n\n<p>El mar era tan transparente que daba la impresi\u00f3n de estar entrando a una piscina, adem\u00e1s, ten\u00eda unos 1,5 metros \/ 50 pies de profundidad ya desde la misma orilla, no hab\u00eda arena ni rocas en la playa y pasabas directamente del camino del hotel al mar y adem\u00e1s, los primeros metros del suelo del mar estaban cubiertos con baldosas antideslizantes, as\u00ed que todo esto hac\u00eda que tuvieras que esforzarte en pensar que estabas, en realidad,  entrando al mar.<\/p>\n\n\n\n<p>El espacio del que m\u00e1s disfrutamos fue un columpio sobre el mar, que monopolizamos durante media hora tomando miles de fotos, y fuimos tan afortunados que pudimos sacar un par de ellas sin ni\u00f1os.<\/p>\n\n\n\n<p>Despu\u00e9s de nuestra sesi\u00f3n de postureo, nuestros maridos decidieron imitarnos haciendo exactamente las mismas poses mientras nosotras disfrutamos de unos c\u00f3cteles en nuestra caba\u00f1a de madera y pens\u00e1bamos en alquilar unos kayaks. <br>En pocos minutos ya est\u00e1bamos todos subidos en los kayaks remando mar adentro, y las fotos que tomamos en ese mar, al igual que el tiempo que pasamos en Bacalar, fueron inmejorables.<\/p>\n\n\n\n<div aria-label=\"Carousel Gallery\" class=\"wp-block-coblocks-gallery-carousel has-responsive-height\"><div class=\"is-cropped coblocks-gallery has-no-alignment has-caption-style-dark has-horizontal-gutter has-lightbox\"><div class=\"has-carousel has-carousel-lrg has-aligned-cells\" data-flickity=\"{&quot;autoPlay&quot;:false,&quot;draggable&quot;:true,&quot;pageDots&quot;:false,&quot;prevNextButtons&quot;:true,&quot;wrapAround&quot;:true,&quot;cellAlign&quot;:&quot;left&quot;,&quot;pauseAutoPlayOnHover&quot;:false,&quot;freeScroll&quot;:false,&quot;arrowShape&quot;:{&quot;x0&quot;:10,&quot;x1&quot;:60,&quot;y1&quot;:50,&quot;x2&quot;:65,&quot;y2&quot;:45,&quot;x3&quot;:20},&quot;thumbnails&quot;:false,&quot;responsiveHeight&quot;:true}\"><div class=\"coblocks-gallery--item\"><figure class=\"coblocks-gallery--figure has-margin-left-5 has-margin-left-mobile-5 has-margin-right-5 has-margin-right-mobile-5\"><img loading=\"lazy\" decoding=\"async\" width=\"1024\" height=\"768\" src=\"https:\/\/thelittlerstravel.com\/wp-content\/uploads\/2020\/06\/IMG_1231-1024x768.jpg\" alt=\"Kayak en hotel Aluxe\" data-id=\"2274\" data-link=\"https:\/\/thelittlerstravel.com\/img_1231\/\" class=\"wp-image-2274\" srcset=\"https:\/\/thelittlerstravel.com\/wp-content\/uploads\/2020\/06\/IMG_1231-1024x768.jpg 1024w, https:\/\/thelittlerstravel.com\/wp-content\/uploads\/2020\/06\/IMG_1231-300x225.jpg 300w, https:\/\/thelittlerstravel.com\/wp-content\/uploads\/2020\/06\/IMG_1231-768x576.jpg 768w, https:\/\/thelittlerstravel.com\/wp-content\/uploads\/2020\/06\/IMG_1231-1536x1152.jpg 1536w, https:\/\/thelittlerstravel.com\/wp-content\/uploads\/2020\/06\/IMG_1231-2048x1536.jpg 2048w, https:\/\/thelittlerstravel.com\/wp-content\/uploads\/2020\/06\/IMG_1231-1920x1440.jpg 1920w, https:\/\/thelittlerstravel.com\/wp-content\/uploads\/2020\/06\/IMG_1231-600x450.jpg 600w, https:\/\/thelittlerstravel.com\/wp-content\/uploads\/2020\/06\/IMG_1231-800x600.jpg 800w, https:\/\/thelittlerstravel.com\/wp-content\/uploads\/2020\/06\/IMG_1231-141x106.jpg 141w, https:\/\/thelittlerstravel.com\/wp-content\/uploads\/2020\/06\/IMG_1231-380x285.jpg 380w, https:\/\/thelittlerstravel.com\/wp-content\/uploads\/2020\/06\/IMG_1231-247x186.jpg 247w\" sizes=\"auto, (max-width: 1024px) 100vw, 1024px\" \/><\/figure><\/div><div class=\"coblocks-gallery--item\"><figure class=\"coblocks-gallery--figure has-margin-left-5 has-margin-left-mobile-5 has-margin-right-5 has-margin-right-mobile-5\"><img loading=\"lazy\" decoding=\"async\" width=\"1024\" height=\"768\" src=\"https:\/\/thelittlerstravel.com\/wp-content\/uploads\/2020\/06\/IMG_1176-1024x768.jpg\" alt=\"Kayak Hotel Aluxe Bacalar\" data-id=\"2269\" data-link=\"https:\/\/thelittlerstravel.com\/img_1176\/\" class=\"wp-image-2269\" srcset=\"https:\/\/thelittlerstravel.com\/wp-content\/uploads\/2020\/06\/IMG_1176-1024x768.jpg 1024w, https:\/\/thelittlerstravel.com\/wp-content\/uploads\/2020\/06\/IMG_1176-300x225.jpg 300w, https:\/\/thelittlerstravel.com\/wp-content\/uploads\/2020\/06\/IMG_1176-768x576.jpg 768w, https:\/\/thelittlerstravel.com\/wp-content\/uploads\/2020\/06\/IMG_1176-1536x1152.jpg 1536w, https:\/\/thelittlerstravel.com\/wp-content\/uploads\/2020\/06\/IMG_1176-2048x1536.jpg 2048w, https:\/\/thelittlerstravel.com\/wp-content\/uploads\/2020\/06\/IMG_1176-1920x1440.jpg 1920w, https:\/\/thelittlerstravel.com\/wp-content\/uploads\/2020\/06\/IMG_1176-600x450.jpg 600w, https:\/\/thelittlerstravel.com\/wp-content\/uploads\/2020\/06\/IMG_1176-800x600.jpg 800w, https:\/\/thelittlerstravel.com\/wp-content\/uploads\/2020\/06\/IMG_1176-141x106.jpg 141w, https:\/\/thelittlerstravel.com\/wp-content\/uploads\/2020\/06\/IMG_1176-380x285.jpg 380w, https:\/\/thelittlerstravel.com\/wp-content\/uploads\/2020\/06\/IMG_1176-247x186.jpg 247w\" sizes=\"auto, (max-width: 1024px) 100vw, 1024px\" \/><\/figure><\/div><div class=\"coblocks-gallery--item\"><figure class=\"coblocks-gallery--figure has-margin-left-5 has-margin-left-mobile-5 has-margin-right-5 has-margin-right-mobile-5\"><img loading=\"lazy\" decoding=\"async\" width=\"768\" height=\"1024\" src=\"https:\/\/thelittlerstravel.com\/wp-content\/uploads\/2020\/06\/IMG_1194-768x1024.jpg\" alt=\"Kayak Hotel Aluxe Bacalar\" data-id=\"2272\" data-link=\"https:\/\/thelittlerstravel.com\/img_1194\/\" class=\"wp-image-2272\" srcset=\"https:\/\/thelittlerstravel.com\/wp-content\/uploads\/2020\/06\/IMG_1194-768x1024.jpg 768w, https:\/\/thelittlerstravel.com\/wp-content\/uploads\/2020\/06\/IMG_1194-225x300.jpg 225w, https:\/\/thelittlerstravel.com\/wp-content\/uploads\/2020\/06\/IMG_1194-1152x1536.jpg 1152w, https:\/\/thelittlerstravel.com\/wp-content\/uploads\/2020\/06\/IMG_1194-1536x2048.jpg 1536w, https:\/\/thelittlerstravel.com\/wp-content\/uploads\/2020\/06\/IMG_1194-1440x1920.jpg 1440w, https:\/\/thelittlerstravel.com\/wp-content\/uploads\/2020\/06\/IMG_1194-600x800.jpg 600w, https:\/\/thelittlerstravel.com\/wp-content\/uploads\/2020\/06\/IMG_1194-800x1067.jpg 800w, https:\/\/thelittlerstravel.com\/wp-content\/uploads\/2020\/06\/IMG_1194-380x507.jpg 380w, https:\/\/thelittlerstravel.com\/wp-content\/uploads\/2020\/06\/IMG_1194-247x330.jpg 247w, https:\/\/thelittlerstravel.com\/wp-content\/uploads\/2020\/06\/IMG_1194-278x371.jpg 278w\" sizes=\"auto, (max-width: 768px) 100vw, 768px\" \/><\/figure><\/div><div class=\"coblocks-gallery--item\"><figure class=\"coblocks-gallery--figure has-margin-left-5 has-margin-left-mobile-5 has-margin-right-5 has-margin-right-mobile-5\"><img loading=\"lazy\" decoding=\"async\" width=\"1024\" height=\"768\" src=\"https:\/\/thelittlerstravel.com\/wp-content\/uploads\/2020\/06\/IMG_3378-1024x768.jpg\" alt=\"Balneario Cocolitos kayak\" data-id=\"2288\" data-link=\"https:\/\/thelittlerstravel.com\/img_3378\/\" class=\"wp-image-2288\" srcset=\"https:\/\/thelittlerstravel.com\/wp-content\/uploads\/2020\/06\/IMG_3378-1024x768.jpg 1024w, https:\/\/thelittlerstravel.com\/wp-content\/uploads\/2020\/06\/IMG_3378-300x225.jpg 300w, https:\/\/thelittlerstravel.com\/wp-content\/uploads\/2020\/06\/IMG_3378-768x576.jpg 768w, https:\/\/thelittlerstravel.com\/wp-content\/uploads\/2020\/06\/IMG_3378-1536x1152.jpg 1536w, https:\/\/thelittlerstravel.com\/wp-content\/uploads\/2020\/06\/IMG_3378-2048x1536.jpg 2048w, https:\/\/thelittlerstravel.com\/wp-content\/uploads\/2020\/06\/IMG_3378-1920x1440.jpg 1920w, https:\/\/thelittlerstravel.com\/wp-content\/uploads\/2020\/06\/IMG_3378-600x450.jpg 600w, https:\/\/thelittlerstravel.com\/wp-content\/uploads\/2020\/06\/IMG_3378-800x600.jpg 800w, https:\/\/thelittlerstravel.com\/wp-content\/uploads\/2020\/06\/IMG_3378-141x106.jpg 141w, https:\/\/thelittlerstravel.com\/wp-content\/uploads\/2020\/06\/IMG_3378-380x285.jpg 380w, https:\/\/thelittlerstravel.com\/wp-content\/uploads\/2020\/06\/IMG_3378-247x186.jpg 247w\" sizes=\"auto, (max-width: 1024px) 100vw, 1024px\" \/><\/figure><\/div><div class=\"coblocks-gallery--item\"><figure class=\"coblocks-gallery--figure has-margin-left-5 has-margin-left-mobile-5 has-margin-right-5 has-margin-right-mobile-5\"><img loading=\"lazy\" decoding=\"async\" width=\"1024\" height=\"768\" src=\"https:\/\/thelittlerstravel.com\/wp-content\/uploads\/2020\/06\/IMG_1224-1024x768.jpg\" alt=\"Agua turquesa Bacalar\" data-id=\"2273\" data-link=\"https:\/\/thelittlerstravel.com\/img_1224\/\" class=\"wp-image-2273\" srcset=\"https:\/\/thelittlerstravel.com\/wp-content\/uploads\/2020\/06\/IMG_1224-1024x768.jpg 1024w, https:\/\/thelittlerstravel.com\/wp-content\/uploads\/2020\/06\/IMG_1224-300x225.jpg 300w, https:\/\/thelittlerstravel.com\/wp-content\/uploads\/2020\/06\/IMG_1224-768x576.jpg 768w, https:\/\/thelittlerstravel.com\/wp-content\/uploads\/2020\/06\/IMG_1224-1536x1152.jpg 1536w, https:\/\/thelittlerstravel.com\/wp-content\/uploads\/2020\/06\/IMG_1224-2048x1536.jpg 2048w, https:\/\/thelittlerstravel.com\/wp-content\/uploads\/2020\/06\/IMG_1224-1920x1440.jpg 1920w, https:\/\/thelittlerstravel.com\/wp-content\/uploads\/2020\/06\/IMG_1224-600x450.jpg 600w, https:\/\/thelittlerstravel.com\/wp-content\/uploads\/2020\/06\/IMG_1224-800x600.jpg 800w, https:\/\/thelittlerstravel.com\/wp-content\/uploads\/2020\/06\/IMG_1224-141x106.jpg 141w, https:\/\/thelittlerstravel.com\/wp-content\/uploads\/2020\/06\/IMG_1224-380x285.jpg 380w, https:\/\/thelittlerstravel.com\/wp-content\/uploads\/2020\/06\/IMG_1224-247x186.jpg 247w\" sizes=\"auto, (max-width: 1024px) 100vw, 1024px\" \/><\/figure><\/div><div class=\"coblocks-gallery--item\"><figure class=\"coblocks-gallery--figure has-margin-left-5 has-margin-left-mobile-5 has-margin-right-5 has-margin-right-mobile-5\"><img loading=\"lazy\" decoding=\"async\" width=\"768\" height=\"1024\" src=\"https:\/\/thelittlerstravel.com\/wp-content\/uploads\/2020\/06\/IMG_1193-768x1024.jpg\" alt=\"Kayak en Bacalar\" data-id=\"2271\" data-link=\"https:\/\/thelittlerstravel.com\/img_1193\/\" class=\"wp-image-2271\" srcset=\"https:\/\/thelittlerstravel.com\/wp-content\/uploads\/2020\/06\/IMG_1193-768x1024.jpg 768w, https:\/\/thelittlerstravel.com\/wp-content\/uploads\/2020\/06\/IMG_1193-225x300.jpg 225w, https:\/\/thelittlerstravel.com\/wp-content\/uploads\/2020\/06\/IMG_1193-1152x1536.jpg 1152w, https:\/\/thelittlerstravel.com\/wp-content\/uploads\/2020\/06\/IMG_1193-1536x2048.jpg 1536w, https:\/\/thelittlerstravel.com\/wp-content\/uploads\/2020\/06\/IMG_1193-1440x1920.jpg 1440w, https:\/\/thelittlerstravel.com\/wp-content\/uploads\/2020\/06\/IMG_1193-600x800.jpg 600w, https:\/\/thelittlerstravel.com\/wp-content\/uploads\/2020\/06\/IMG_1193-800x1067.jpg 800w, https:\/\/thelittlerstravel.com\/wp-content\/uploads\/2020\/06\/IMG_1193-380x507.jpg 380w, https:\/\/thelittlerstravel.com\/wp-content\/uploads\/2020\/06\/IMG_1193-247x330.jpg 247w, https:\/\/thelittlerstravel.com\/wp-content\/uploads\/2020\/06\/IMG_1193-278x371.jpg 278w\" sizes=\"auto, (max-width: 768px) 100vw, 768px\" \/><\/figure><\/div><\/div><\/div><figcaption class=\"coblocks-gallery--caption coblocks-gallery--primary-caption\">Kayak en el Hotel Aluxe Bacalar<\/figcaption><\/div>\n\n\n\n<h3 class=\"has-trawell-cat-2-color has-text-color wp-block-heading\" id=\"playa-del-carmen\"><span class=\"ez-toc-section\" id=\"Playa_del_Carmen\"><\/span>Playa del Carmen<span class=\"ez-toc-section-end\"><\/span><\/h3>\n\n\n\n<p>Despu\u00e9s de 2.5 horas m\u00e1s de coche, llegamos a Playa del Carmen. <br>Nuestros amigos hab\u00edan reservado un apartamento s\u00faper lujoso con piscina, jacuzzi y todos los excesos que puedas imaginar, era la casa de los sue\u00f1os de cualquiera.<br>Tan bonito era que, de solo alojarnos en ese apartamento, ya se nos cre\u00f3 la urgencia de ponernos &#8220;fif\u00eds&#8221; (como dicen en M\u00e9xico a lo elegante y pijo) para salir a dar un paseo para conocer la ciudad.<\/p>\n\n\n\n<p>Al lado del apartamento ten\u00edamos la Quinta Avenida, la calle comercial principal y adem\u00e1s peatonal en donde puedes encontrar cualquier tienda, restaurante, cafeter\u00eda &#8230; y que siempre est\u00e1 llena de m\u00fasica y gente.<\/p>\n\n\n\n<p>Est\u00e1bamos deseando comer pasta y pizza, as\u00ed que paramos en un restaurante italiano llamado Il Baretto que nos encant\u00f3 y para rematar, caminando de vuelta a casa, nos tomamos un helado de Amorino. <\/p>\n\n\n\n<p>Pocas cosas m\u00e1s le pod\u00edamos pedir a ese d\u00eda!<\/p>\n\n\n\n<h2 class=\"has-trawell-cat-2-color has-text-color wp-block-heading\" id=\"dia-2-en-cancun-xcaret-theme-park\"><span class=\"ez-toc-section\" id=\"Dia_2_en_Cancun_%E2%80%93_Xcaret_Theme_Park\"><\/span>D\u00eda 2 en Canc\u00fan &#8211; Xcaret Theme Park<span class=\"ez-toc-section-end\"><\/span><\/h2>\n\n\n\n<p>Nos despertamos sin conocer el plan del d\u00eda porque era una sorpresa que nos hab\u00edan preparado nuestros amigos. <br>Solo nos dijeron que nos pusi\u00e9ramos un traje de ba\u00f1o. Elegimos un ba\u00f1ador, de esos con los que apenas te puedes mover, pero que, quedan genial en las fotos en las que solo necesitas posar y el paisaje hace el resto.<br>Al salir y ver la cara de nuestros amigos, supimos que esa no era la elecci\u00f3n id\u00f3nea para el plan del d\u00eda.<\/p>\n\n\n\n<p>\u00a1Y menos mal que nos cambiamos, porque nos llevaron al parque tem\u00e1tico XCaret!<\/p>\n\n\n\n<p>Est\u00e1bamos entusiasmados con la aventura y como los dem\u00e1s ni\u00f1os, no pod\u00edamos esperar para aparcar el coche y entrar al parque.<br>Ya desde el principio, nos encant\u00f3 porque te invitaban a dejar tu crema solar en la entrada y te daban crema solar org\u00e1nica para que no afectara a las plantas ni a los animales del parque. Nos sorprendi\u00f3 que los animales de este parque estaban en unas condiciones much\u00edsimo m\u00e1s buenas que los animales de otros zoos o parques.<\/p>\n\n\n\n<div aria-label=\"Carousel Gallery\" class=\"wp-block-coblocks-gallery-carousel\"><div class=\"is-cropped coblocks-gallery has-no-alignment has-caption-style-dark has-horizontal-gutter\"><div class=\"has-carousel has-carousel-lrg\" style=\"height:353px\" data-flickity=\"{&quot;autoPlay&quot;:false,&quot;draggable&quot;:true,&quot;pageDots&quot;:false,&quot;prevNextButtons&quot;:true,&quot;wrapAround&quot;:true,&quot;cellAlign&quot;:&quot;center&quot;,&quot;pauseAutoPlayOnHover&quot;:false,&quot;freeScroll&quot;:false,&quot;arrowShape&quot;:{&quot;x0&quot;:10,&quot;x1&quot;:60,&quot;y1&quot;:50,&quot;x2&quot;:65,&quot;y2&quot;:45,&quot;x3&quot;:20},&quot;thumbnails&quot;:false,&quot;responsiveHeight&quot;:false}\"><div class=\"coblocks-gallery--item\"><figure class=\"coblocks-gallery--figure has-margin-left-5 has-margin-left-mobile-5 has-margin-right-5 has-margin-right-mobile-5\"><img loading=\"lazy\" decoding=\"async\" width=\"768\" height=\"1024\" src=\"https:\/\/thelittlerstravel.com\/wp-content\/uploads\/2020\/06\/IMG_6530-768x1024.jpg\" alt=\"Entrada Xcaret\" data-id=\"2302\" data-link=\"https:\/\/thelittlerstravel.com\/img_6530\/\" class=\"wp-image-2302\" srcset=\"https:\/\/thelittlerstravel.com\/wp-content\/uploads\/2020\/06\/IMG_6530-768x1024.jpg 768w, https:\/\/thelittlerstravel.com\/wp-content\/uploads\/2020\/06\/IMG_6530-225x300.jpg 225w, https:\/\/thelittlerstravel.com\/wp-content\/uploads\/2020\/06\/IMG_6530-1152x1536.jpg 1152w, https:\/\/thelittlerstravel.com\/wp-content\/uploads\/2020\/06\/IMG_6530-1536x2048.jpg 1536w, https:\/\/thelittlerstravel.com\/wp-content\/uploads\/2020\/06\/IMG_6530-1440x1920.jpg 1440w, https:\/\/thelittlerstravel.com\/wp-content\/uploads\/2020\/06\/IMG_6530-600x800.jpg 600w, https:\/\/thelittlerstravel.com\/wp-content\/uploads\/2020\/06\/IMG_6530-800x1067.jpg 800w, https:\/\/thelittlerstravel.com\/wp-content\/uploads\/2020\/06\/IMG_6530-380x507.jpg 380w, https:\/\/thelittlerstravel.com\/wp-content\/uploads\/2020\/06\/IMG_6530-247x330.jpg 247w, https:\/\/thelittlerstravel.com\/wp-content\/uploads\/2020\/06\/IMG_6530-278x371.jpg 278w\" sizes=\"auto, (max-width: 768px) 100vw, 768px\" \/><\/figure><\/div><\/div><\/div><figcaption class=\"coblocks-gallery--caption coblocks-gallery--primary-caption\">Entrada Xcaret M\u00e9xico<\/figcaption><\/div>\n\n\n\n<p>Pero justo en la entrada, ya nos empez\u00f3 a doler el alma, solo de pensar en la cantidad de dinero que se hab\u00edan gastado nuestros amigos porque, solo la entrada al parque tem\u00e1tico, era ya muy cara (alrededor de 100$, d\u00f3lares estadounidenses y no pesos mexicanos)<\/p>\n\n\n\n<h3 class=\"has-trawell-cat-2-color has-text-color wp-block-heading\" id=\"la-experiencia-de-nadar-con-delfines\"><span class=\"ez-toc-section\" id=\"La_experiencia_de_nadar_con_delfines\"><\/span>La experiencia de nadar con delfines<span class=\"ez-toc-section-end\"><\/span><\/h3>\n\n\n\n<p>Parece que todo lo anterior no era suficiente, as\u00ed que nuestros amigos tambi\u00e9n reservaron otra actividad adicional y tambi\u00e9n sorpresa \u00a1nadar con delfines!<\/p>\n\n\n\n<p>Aunque, especialmente Sonia, no es muy fan de nadar en el mar o en los r\u00edos, la experiencia no tuvo desperdicio y todos terminamos disfrutando al m\u00e1ximo de cada segundo. <\/p>\n\n\n\n<p>Entramos en un espacio de mar acotado en el que pudimos nadar con un delf\u00edn e incluso acariciarlo. Definitivamente fue una experiencia que nunca vamos a olvidar.<\/p>\n\n\n\n<div aria-label=\"Carousel Gallery\" class=\"wp-block-coblocks-gallery-carousel\"><div class=\"is-cropped coblocks-gallery has-no-alignment has-caption-style-dark has-horizontal-gutter\"><div class=\"has-carousel has-carousel-lrg\" style=\"height:355px\" data-flickity=\"{&quot;autoPlay&quot;:false,&quot;draggable&quot;:true,&quot;pageDots&quot;:false,&quot;prevNextButtons&quot;:true,&quot;wrapAround&quot;:true,&quot;cellAlign&quot;:&quot;center&quot;,&quot;pauseAutoPlayOnHover&quot;:false,&quot;freeScroll&quot;:false,&quot;arrowShape&quot;:{&quot;x0&quot;:10,&quot;x1&quot;:60,&quot;y1&quot;:50,&quot;x2&quot;:65,&quot;y2&quot;:45,&quot;x3&quot;:20},&quot;thumbnails&quot;:false,&quot;responsiveHeight&quot;:false}\"><div class=\"coblocks-gallery--item\"><figure class=\"coblocks-gallery--figure has-margin-left-5 has-margin-left-mobile-5 has-margin-right-5 has-margin-right-mobile-5\"><img loading=\"lazy\" decoding=\"async\" width=\"1024\" height=\"768\" src=\"https:\/\/thelittlerstravel.com\/wp-content\/uploads\/2020\/06\/IMG_1898-1024x768.jpg\" alt=\"Nadando con delfines XCaret\" data-id=\"2283\" data-link=\"https:\/\/thelittlerstravel.com\/img_1898\/\" class=\"wp-image-2283\" srcset=\"https:\/\/thelittlerstravel.com\/wp-content\/uploads\/2020\/06\/IMG_1898-1024x768.jpg 1024w, https:\/\/thelittlerstravel.com\/wp-content\/uploads\/2020\/06\/IMG_1898-300x225.jpg 300w, https:\/\/thelittlerstravel.com\/wp-content\/uploads\/2020\/06\/IMG_1898-768x576.jpg 768w, https:\/\/thelittlerstravel.com\/wp-content\/uploads\/2020\/06\/IMG_1898-1536x1152.jpg 1536w, https:\/\/thelittlerstravel.com\/wp-content\/uploads\/2020\/06\/IMG_1898-2048x1536.jpg 2048w, https:\/\/thelittlerstravel.com\/wp-content\/uploads\/2020\/06\/IMG_1898-1920x1440.jpg 1920w, https:\/\/thelittlerstravel.com\/wp-content\/uploads\/2020\/06\/IMG_1898-600x450.jpg 600w, https:\/\/thelittlerstravel.com\/wp-content\/uploads\/2020\/06\/IMG_1898-800x600.jpg 800w, https:\/\/thelittlerstravel.com\/wp-content\/uploads\/2020\/06\/IMG_1898-141x106.jpg 141w, https:\/\/thelittlerstravel.com\/wp-content\/uploads\/2020\/06\/IMG_1898-380x285.jpg 380w, https:\/\/thelittlerstravel.com\/wp-content\/uploads\/2020\/06\/IMG_1898-247x186.jpg 247w\" sizes=\"auto, (max-width: 1024px) 100vw, 1024px\" \/><\/figure><\/div><\/div><\/div><figcaption class=\"coblocks-gallery--caption coblocks-gallery--primary-caption\">Nadando con delfines XCaret<\/figcaption><\/div>\n\n\n\n<p>Durante todo el rato que se est\u00e1 con el delf\u00edn, hay un fot\u00f3grafo que va sacando fotos de toda la experiencia y por supuesto, no est\u00e1 permitido que saques tus propias fotos, ni siquiera mientras est\u00e1s esperando en las gradas. <br>De esa manera, al terminar, todos corrimos a ver las fotos que nos hab\u00edan sacado con el delf\u00edn e incluso consideramos la opci\u00f3n de comprar algunas para tener un recuerdo de esta incre\u00edble experiencia&#8230; pero los precios eran simplemente desorbitados, unos 40$ por foto y, algo as\u00ed como, 250$ por un pack de varias fotos.<br>Seguro que el due\u00f1o de XCaret no comparte mi misma opini\u00f3n, pero regalar, aunque sea, una foto a las personas que han pagado un ri\u00f1\u00f3n por la entrada al parque y por hacer esta actividad, no estar\u00eda de m\u00e1s.<\/p>\n\n\n\n<p>Adem\u00e1s, mientras est\u00e1s viendo las fotos en el ordenador, prep\u00e1rate porque constantemente te recordar\u00e1n que las fotos ser\u00e1n eliminadas a las 15h de ese mismo d\u00eda. Pero te podemos confirmar que, despu\u00e9s de unos d\u00edas, continuar\u00e1n envi\u00e1ndote correos electr\u00f3nicos con ofertas del 30% o incluso del 50%. As\u00ed que si quieres comprarlas, te recomendar\u00edamos que esperaras una semana m\u00e1s o menos. No te las dejar\u00e1n a un precio decente, pero s\u00ed m\u00e1s baratas que en el parque.<\/p>\n\n\n\n<h3 class=\"has-trawell-cat-2-color has-text-color wp-block-heading\" id=\"actividades-en-xcaret\"><span class=\"ez-toc-section\" id=\"Actividades_en_XCaret\"><\/span>Actividades en XCaret<span class=\"ez-toc-section-end\"><\/span><\/h3>\n\n\n\n<p>Entre miles de otras cosas, nos encant\u00f3 que la comida estuviera incluida (esto no sucede en ning\u00fan otro parque tem\u00e1tico que hayamos visitado) y adem\u00e1s era un buffet realmente completo con comida buen\u00edsima y variada. <\/p>\n\n\n\n<p>El d\u00eda estuvo lleno de experiencias y la verdad es que en este parque las horas te pasan volando. <br>Pudimos ver muchos animales, una verdadera pir\u00e1mide mayas, un espect\u00e1culo de caballos, nadamos en una gruta de 5 km e incluso pudimos ver un espect\u00e1culo acerca de la historia mexicana, las fiestas y las tradiciones t\u00edpicas con m\u00fasica, teatro y bailes. <\/p>\n\n\n\n<div aria-label=\"Carousel Gallery\" class=\"wp-block-coblocks-gallery-carousel has-responsive-height\"><div class=\"is-cropped coblocks-gallery has-no-alignment has-caption-style-dark has-horizontal-gutter has-lightbox\"><div class=\"has-carousel has-carousel-lrg has-aligned-cells\" data-flickity=\"{&quot;autoPlay&quot;:false,&quot;draggable&quot;:true,&quot;pageDots&quot;:false,&quot;prevNextButtons&quot;:true,&quot;wrapAround&quot;:true,&quot;cellAlign&quot;:&quot;left&quot;,&quot;pauseAutoPlayOnHover&quot;:false,&quot;freeScroll&quot;:false,&quot;arrowShape&quot;:{&quot;x0&quot;:10,&quot;x1&quot;:60,&quot;y1&quot;:50,&quot;x2&quot;:65,&quot;y2&quot;:45,&quot;x3&quot;:20},&quot;thumbnails&quot;:false,&quot;responsiveHeight&quot;:true}\"><div class=\"coblocks-gallery--item\"><figure class=\"coblocks-gallery--figure has-margin-left-5 has-margin-left-mobile-5 has-margin-right-5 has-margin-right-mobile-5\"><img loading=\"lazy\" decoding=\"async\" width=\"768\" height=\"1024\" src=\"https:\/\/thelittlerstravel.com\/wp-content\/uploads\/2020\/06\/IMG_9027-768x1024.jpg\" alt=\"Show Caballos en Xcaret\" data-id=\"2308\" data-link=\"https:\/\/thelittlerstravel.com\/img_9027\/\" class=\"wp-image-2308\" srcset=\"https:\/\/thelittlerstravel.com\/wp-content\/uploads\/2020\/06\/IMG_9027-768x1024.jpg 768w, https:\/\/thelittlerstravel.com\/wp-content\/uploads\/2020\/06\/IMG_9027-225x300.jpg 225w, https:\/\/thelittlerstravel.com\/wp-content\/uploads\/2020\/06\/IMG_9027-1152x1536.jpg 1152w, https:\/\/thelittlerstravel.com\/wp-content\/uploads\/2020\/06\/IMG_9027-1536x2048.jpg 1536w, https:\/\/thelittlerstravel.com\/wp-content\/uploads\/2020\/06\/IMG_9027-1440x1920.jpg 1440w, https:\/\/thelittlerstravel.com\/wp-content\/uploads\/2020\/06\/IMG_9027-600x800.jpg 600w, https:\/\/thelittlerstravel.com\/wp-content\/uploads\/2020\/06\/IMG_9027-800x1067.jpg 800w, https:\/\/thelittlerstravel.com\/wp-content\/uploads\/2020\/06\/IMG_9027-380x507.jpg 380w, https:\/\/thelittlerstravel.com\/wp-content\/uploads\/2020\/06\/IMG_9027-247x330.jpg 247w, https:\/\/thelittlerstravel.com\/wp-content\/uploads\/2020\/06\/IMG_9027-278x371.jpg 278w\" sizes=\"auto, (max-width: 768px) 100vw, 768px\" \/><\/figure><\/div><div class=\"coblocks-gallery--item\"><figure class=\"coblocks-gallery--figure has-margin-left-5 has-margin-left-mobile-5 has-margin-right-5 has-margin-right-mobile-5\"><img loading=\"lazy\" decoding=\"async\" width=\"1024\" height=\"768\" src=\"https:\/\/thelittlerstravel.com\/wp-content\/uploads\/2020\/06\/IMG_0245-1024x768.jpg\" alt=\"Aviario en XCaret\" data-id=\"2255\" data-link=\"https:\/\/thelittlerstravel.com\/img_0245\/\" class=\"wp-image-2255\" srcset=\"https:\/\/thelittlerstravel.com\/wp-content\/uploads\/2020\/06\/IMG_0245-1024x768.jpg 1024w, https:\/\/thelittlerstravel.com\/wp-content\/uploads\/2020\/06\/IMG_0245-300x225.jpg 300w, https:\/\/thelittlerstravel.com\/wp-content\/uploads\/2020\/06\/IMG_0245-768x576.jpg 768w, https:\/\/thelittlerstravel.com\/wp-content\/uploads\/2020\/06\/IMG_0245-1536x1152.jpg 1536w, https:\/\/thelittlerstravel.com\/wp-content\/uploads\/2020\/06\/IMG_0245-2048x1536.jpg 2048w, https:\/\/thelittlerstravel.com\/wp-content\/uploads\/2020\/06\/IMG_0245-1920x1440.jpg 1920w, https:\/\/thelittlerstravel.com\/wp-content\/uploads\/2020\/06\/IMG_0245-600x450.jpg 600w, https:\/\/thelittlerstravel.com\/wp-content\/uploads\/2020\/06\/IMG_0245-800x600.jpg 800w, https:\/\/thelittlerstravel.com\/wp-content\/uploads\/2020\/06\/IMG_0245-141x106.jpg 141w, https:\/\/thelittlerstravel.com\/wp-content\/uploads\/2020\/06\/IMG_0245-380x285.jpg 380w, https:\/\/thelittlerstravel.com\/wp-content\/uploads\/2020\/06\/IMG_0245-247x186.jpg 247w\" sizes=\"auto, (max-width: 1024px) 100vw, 1024px\" \/><\/figure><\/div><div class=\"coblocks-gallery--item\"><figure class=\"coblocks-gallery--figure has-margin-left-5 has-margin-left-mobile-5 has-margin-right-5 has-margin-right-mobile-5\"><img loading=\"lazy\" decoding=\"async\" width=\"768\" height=\"1024\" src=\"https:\/\/thelittlerstravel.com\/wp-content\/uploads\/2020\/06\/IMG_4900-768x1024.jpg\" alt=\"XCaret\" data-id=\"2298\" data-link=\"https:\/\/thelittlerstravel.com\/img_4900\/\" class=\"wp-image-2298\" srcset=\"https:\/\/thelittlerstravel.com\/wp-content\/uploads\/2020\/06\/IMG_4900-768x1024.jpg 768w, https:\/\/thelittlerstravel.com\/wp-content\/uploads\/2020\/06\/IMG_4900-225x300.jpg 225w, https:\/\/thelittlerstravel.com\/wp-content\/uploads\/2020\/06\/IMG_4900-1152x1536.jpg 1152w, https:\/\/thelittlerstravel.com\/wp-content\/uploads\/2020\/06\/IMG_4900-1536x2048.jpg 1536w, https:\/\/thelittlerstravel.com\/wp-content\/uploads\/2020\/06\/IMG_4900-1440x1920.jpg 1440w, https:\/\/thelittlerstravel.com\/wp-content\/uploads\/2020\/06\/IMG_4900-600x800.jpg 600w, https:\/\/thelittlerstravel.com\/wp-content\/uploads\/2020\/06\/IMG_4900-800x1067.jpg 800w, https:\/\/thelittlerstravel.com\/wp-content\/uploads\/2020\/06\/IMG_4900-380x507.jpg 380w, https:\/\/thelittlerstravel.com\/wp-content\/uploads\/2020\/06\/IMG_4900-247x330.jpg 247w, https:\/\/thelittlerstravel.com\/wp-content\/uploads\/2020\/06\/IMG_4900-278x371.jpg 278w\" sizes=\"auto, (max-width: 768px) 100vw, 768px\" \/><\/figure><\/div><div class=\"coblocks-gallery--item\"><figure class=\"coblocks-gallery--figure has-margin-left-5 has-margin-left-mobile-5 has-margin-right-5 has-margin-right-mobile-5\"><img loading=\"lazy\" decoding=\"async\" width=\"1024\" height=\"578\" src=\"https:\/\/thelittlerstravel.com\/wp-content\/uploads\/2020\/06\/IMG_3649-1024x578.jpg\" alt=\"Show Historia de M\u00e9xico XCaret\" data-id=\"2290\" data-link=\"https:\/\/thelittlerstravel.com\/img_3649\/\" class=\"wp-image-2290\" srcset=\"https:\/\/thelittlerstravel.com\/wp-content\/uploads\/2020\/06\/IMG_3649-1024x578.jpg 1024w, https:\/\/thelittlerstravel.com\/wp-content\/uploads\/2020\/06\/IMG_3649-300x169.jpg 300w, https:\/\/thelittlerstravel.com\/wp-content\/uploads\/2020\/06\/IMG_3649-768x433.jpg 768w, https:\/\/thelittlerstravel.com\/wp-content\/uploads\/2020\/06\/IMG_3649-1536x867.jpg 1536w, https:\/\/thelittlerstravel.com\/wp-content\/uploads\/2020\/06\/IMG_3649-2048x1155.jpg 2048w, https:\/\/thelittlerstravel.com\/wp-content\/uploads\/2020\/06\/IMG_3649-1920x1083.jpg 1920w, https:\/\/thelittlerstravel.com\/wp-content\/uploads\/2020\/06\/IMG_3649-600x339.jpg 600w, https:\/\/thelittlerstravel.com\/wp-content\/uploads\/2020\/06\/IMG_3649-800x451.jpg 800w, https:\/\/thelittlerstravel.com\/wp-content\/uploads\/2020\/06\/IMG_3649-585x330.jpg 585w, https:\/\/thelittlerstravel.com\/wp-content\/uploads\/2020\/06\/IMG_3649-385x217.jpg 385w, https:\/\/thelittlerstravel.com\/wp-content\/uploads\/2020\/06\/IMG_3649-380x214.jpg 380w, https:\/\/thelittlerstravel.com\/wp-content\/uploads\/2020\/06\/IMG_3649-247x139.jpg 247w, https:\/\/thelittlerstravel.com\/wp-content\/uploads\/2020\/06\/IMG_3649-278x157.jpg 278w, https:\/\/thelittlerstravel.com\/wp-content\/uploads\/2020\/06\/IMG_3649-178x101.jpg 178w\" sizes=\"auto, (max-width: 1024px) 100vw, 1024px\" \/><\/figure><\/div><div class=\"coblocks-gallery--item\"><figure class=\"coblocks-gallery--figure has-margin-left-5 has-margin-left-mobile-5 has-margin-right-5 has-margin-right-mobile-5\"><img loading=\"lazy\" decoding=\"async\" width=\"1024\" height=\"768\" src=\"https:\/\/thelittlerstravel.com\/wp-content\/uploads\/2020\/06\/IMG_3254-1024x768.jpg\" alt=\"Mariposario XCaret\" data-id=\"2287\" data-link=\"https:\/\/thelittlerstravel.com\/img_3254\/\" class=\"wp-image-2287\" srcset=\"https:\/\/thelittlerstravel.com\/wp-content\/uploads\/2020\/06\/IMG_3254-1024x768.jpg 1024w, https:\/\/thelittlerstravel.com\/wp-content\/uploads\/2020\/06\/IMG_3254-300x225.jpg 300w, https:\/\/thelittlerstravel.com\/wp-content\/uploads\/2020\/06\/IMG_3254-768x576.jpg 768w, https:\/\/thelittlerstravel.com\/wp-content\/uploads\/2020\/06\/IMG_3254-1536x1152.jpg 1536w, https:\/\/thelittlerstravel.com\/wp-content\/uploads\/2020\/06\/IMG_3254-2048x1536.jpg 2048w, https:\/\/thelittlerstravel.com\/wp-content\/uploads\/2020\/06\/IMG_3254-1920x1440.jpg 1920w, https:\/\/thelittlerstravel.com\/wp-content\/uploads\/2020\/06\/IMG_3254-600x450.jpg 600w, https:\/\/thelittlerstravel.com\/wp-content\/uploads\/2020\/06\/IMG_3254-800x600.jpg 800w, https:\/\/thelittlerstravel.com\/wp-content\/uploads\/2020\/06\/IMG_3254-141x106.jpg 141w, https:\/\/thelittlerstravel.com\/wp-content\/uploads\/2020\/06\/IMG_3254-380x285.jpg 380w, https:\/\/thelittlerstravel.com\/wp-content\/uploads\/2020\/06\/IMG_3254-247x186.jpg 247w\" sizes=\"auto, (max-width: 1024px) 100vw, 1024px\" \/><\/figure><\/div><\/div><\/div><\/div>\n\n\n\n<p>Nos gustar\u00eda profundizar sobre este \u00faltimo espect\u00e1culo, porque fue realmente interesante y su desarrollo nos sorprendi\u00f3 en gran medida.<br>Comenz\u00f3 con las tribus ind\u00edgenas que viv\u00edan en esas tierras antes de la llegada de los espa\u00f1oles, mostraban mediante la interpretaci\u00f3n sus deportes, rituales, su d\u00eda al d\u00eda, guerras entre tribus&#8230; y de repente, y con una gran puesta en escena, los colonos espa\u00f1oles llegaban en un gran barco. <br>Representaron las peleas que tuvieron y posteriormente, c\u00f3mo se respetaron y comenzaron a convivir. Por suerte, todo contado mucho m\u00e1s bonito de lo que desgraciadamente fue.<\/p>\n\n\n\n<p>Debido a que el espect\u00e1culo era muy largo, lo dividieron en 2 partes y \u00bfsabes c\u00f3mo siempre hacen un gran final para la primera parte, que hace que la gente se quede con ganas de m\u00e1s? Bueno, pues en el vistoso final de la primera parte del espect\u00e1culo de historia mexicana, enfatizando en la palabra &#8220;historia&#8221;, representaron un relato religioso.<br>Largo y tendido, con todo detalle y sin reparar en gastos, contaron el relato del ind\u00edgena y la Virgen de Guadalupe. <br>Un bonito cuento, pero confuso si es contado como si fuera parte de la historia mexicana y por lo tanto, como si fuera real.<\/p>\n\n\n\n<p>Despu\u00e9s de este d\u00eda s\u00faper completo y lleno de emociones, llegamos al apartamento, cansad\u00edsimos pero felices por todas las cosas que est\u00e1bamos viendo y aprendiendo y ya ilusion\u00e1ndonos solo de pensar que al d\u00eda siguiente, \u00edbamos a ver una de las Maravillas del Mundo. <\/p>\n\n\n\n<h2 class=\"has-trawell-cat-2-color has-text-color wp-block-heading\" id=\"dia-3-en-cancun-chichen-itza\"><span class=\"ez-toc-section\" id=\"Dia_3_en_Cancun_%E2%80%93_Chichen_Itza\"><\/span>D\u00eda 3 en Canc\u00fan &#8211; Chich\u00e9n Itz\u00e1<span class=\"ez-toc-section-end\"><\/span><\/h2>\n\n\n\n<p>Nos despertamos, fuimos a Starbuck, actualizamos nuestras redes sociales y llevamos el desayuno a nuestros amigos, en ese momento, nos volvimos a sentir como en casa, este es un sentimiento que nos sigui\u00f3 durante todos los d\u00edas en M\u00e9xico y nos encantaba.<\/p>\n\n\n\n<p>Era noviembre, as\u00ed que no hab\u00eda mucha gente y la verdad que esta ciudad nos estaba encantando tal y como era en ese momento, aunque ten\u00eda pinta de que en verano estar\u00eda llena de gente, grupos y alboroto en cada esquina. <br>Pensamos que era un excelente lugar para vivir durante unos meses en invierno y tal y como vino, esa idea desapareci\u00f3 de nuestras mentes tan pronto como vimos los precios de venta de los apartamentos.<\/p>\n\n\n\n<h3 class=\"has-trawell-cat-2-color has-text-color wp-block-heading\" id=\"cenote-suytun\"><span class=\"ez-toc-section\" id=\"Cenote_Suytun\"><\/span>Cenote Suytun<span class=\"ez-toc-section-end\"><\/span><\/h3>\n\n\n\n<p>Ese d\u00eda, planeamos visitar Chich\u00e9n Itz\u00e1, pero nuestra primera parada en el camino fue el Cenote Suytun.<\/p>\n\n\n\n<p>El lugar era de fantas\u00eda y uno de esos espacios que no puedes creer que sea real porque es impresionante y hermoso. <\/p>\n\n\n\n<p>Y mientras esper\u00e1bamos nuestro turno para sacarnos las m\u00e1s de mil fotos que nos sacamos y solo estando all\u00ed, de pie en la pasarela que te lleva al centro del cenote, debajo del agujero natural mientras llueve&#8230; pod\u00edas cerrar los ojos y escuchar una canci\u00f3n de telenovela (cualquiera, todas van bien) mientras esperabas que en cualquier momento, entrara Josu\u00e9 Javier del Sant\u00edsimo Sacramento gritando a los cuatro vientos que Sonia Mar\u00eda del Mar es su verdadero y \u00fanico amor.<\/p>\n\n\n\n<div aria-label=\"Carousel Gallery\" class=\"wp-block-coblocks-gallery-carousel has-responsive-height\"><div class=\"is-cropped coblocks-gallery has-no-alignment has-caption-style-dark has-horizontal-gutter has-lightbox\"><div class=\"has-carousel has-carousel-lrg has-aligned-cells\" data-flickity=\"{&quot;autoPlay&quot;:false,&quot;draggable&quot;:true,&quot;pageDots&quot;:false,&quot;prevNextButtons&quot;:true,&quot;wrapAround&quot;:true,&quot;cellAlign&quot;:&quot;left&quot;,&quot;pauseAutoPlayOnHover&quot;:false,&quot;freeScroll&quot;:false,&quot;arrowShape&quot;:{&quot;x0&quot;:10,&quot;x1&quot;:60,&quot;y1&quot;:50,&quot;x2&quot;:65,&quot;y2&quot;:45,&quot;x3&quot;:20},&quot;thumbnails&quot;:false,&quot;responsiveHeight&quot;:true}\"><div class=\"coblocks-gallery--item\"><figure class=\"coblocks-gallery--figure has-margin-left-5 has-margin-left-mobile-5 has-margin-right-5 has-margin-right-mobile-5\"><img loading=\"lazy\" decoding=\"async\" width=\"768\" height=\"1024\" src=\"https:\/\/thelittlerstravel.com\/wp-content\/uploads\/2020\/06\/IMG_3728-768x1024.jpg\" alt=\"Cenote Suytun\" data-id=\"2291\" data-link=\"https:\/\/thelittlerstravel.com\/img_3728\/\" class=\"wp-image-2291\" srcset=\"https:\/\/thelittlerstravel.com\/wp-content\/uploads\/2020\/06\/IMG_3728-768x1024.jpg 768w, https:\/\/thelittlerstravel.com\/wp-content\/uploads\/2020\/06\/IMG_3728-225x300.jpg 225w, https:\/\/thelittlerstravel.com\/wp-content\/uploads\/2020\/06\/IMG_3728-1152x1536.jpg 1152w, https:\/\/thelittlerstravel.com\/wp-content\/uploads\/2020\/06\/IMG_3728-1536x2048.jpg 1536w, https:\/\/thelittlerstravel.com\/wp-content\/uploads\/2020\/06\/IMG_3728-1440x1920.jpg 1440w, https:\/\/thelittlerstravel.com\/wp-content\/uploads\/2020\/06\/IMG_3728-600x800.jpg 600w, https:\/\/thelittlerstravel.com\/wp-content\/uploads\/2020\/06\/IMG_3728-800x1067.jpg 800w, https:\/\/thelittlerstravel.com\/wp-content\/uploads\/2020\/06\/IMG_3728-380x507.jpg 380w, https:\/\/thelittlerstravel.com\/wp-content\/uploads\/2020\/06\/IMG_3728-247x330.jpg 247w, https:\/\/thelittlerstravel.com\/wp-content\/uploads\/2020\/06\/IMG_3728-278x371.jpg 278w\" sizes=\"auto, (max-width: 768px) 100vw, 768px\" \/><\/figure><\/div><div class=\"coblocks-gallery--item\"><figure class=\"coblocks-gallery--figure has-margin-left-5 has-margin-left-mobile-5 has-margin-right-5 has-margin-right-mobile-5\"><img loading=\"lazy\" decoding=\"async\" width=\"768\" height=\"1024\" src=\"https:\/\/thelittlerstravel.com\/wp-content\/uploads\/2020\/06\/IMG_1517-768x1024.jpg\" alt=\"Suytun Cenote\" data-id=\"2279\" data-link=\"https:\/\/thelittlerstravel.com\/img_1517\/\" class=\"wp-image-2279\" srcset=\"https:\/\/thelittlerstravel.com\/wp-content\/uploads\/2020\/06\/IMG_1517-768x1024.jpg 768w, https:\/\/thelittlerstravel.com\/wp-content\/uploads\/2020\/06\/IMG_1517-225x300.jpg 225w, https:\/\/thelittlerstravel.com\/wp-content\/uploads\/2020\/06\/IMG_1517-1152x1536.jpg 1152w, https:\/\/thelittlerstravel.com\/wp-content\/uploads\/2020\/06\/IMG_1517-1536x2048.jpg 1536w, https:\/\/thelittlerstravel.com\/wp-content\/uploads\/2020\/06\/IMG_1517-1440x1920.jpg 1440w, https:\/\/thelittlerstravel.com\/wp-content\/uploads\/2020\/06\/IMG_1517-600x800.jpg 600w, https:\/\/thelittlerstravel.com\/wp-content\/uploads\/2020\/06\/IMG_1517-800x1067.jpg 800w, https:\/\/thelittlerstravel.com\/wp-content\/uploads\/2020\/06\/IMG_1517-380x507.jpg 380w, https:\/\/thelittlerstravel.com\/wp-content\/uploads\/2020\/06\/IMG_1517-247x330.jpg 247w, https:\/\/thelittlerstravel.com\/wp-content\/uploads\/2020\/06\/IMG_1517-278x371.jpg 278w\" sizes=\"auto, (max-width: 768px) 100vw, 768px\" \/><\/figure><\/div><div class=\"coblocks-gallery--item\"><figure class=\"coblocks-gallery--figure has-margin-left-5 has-margin-left-mobile-5 has-margin-right-5 has-margin-right-mobile-5\"><img loading=\"lazy\" decoding=\"async\" width=\"768\" height=\"1024\" src=\"https:\/\/thelittlerstravel.com\/wp-content\/uploads\/2020\/06\/IMG_3733-768x1024.jpg\" alt=\"Amor en Cenote Suytun\" data-id=\"2293\" data-link=\"https:\/\/thelittlerstravel.com\/img_3733\/\" class=\"wp-image-2293\" srcset=\"https:\/\/thelittlerstravel.com\/wp-content\/uploads\/2020\/06\/IMG_3733-768x1024.jpg 768w, https:\/\/thelittlerstravel.com\/wp-content\/uploads\/2020\/06\/IMG_3733-225x300.jpg 225w, https:\/\/thelittlerstravel.com\/wp-content\/uploads\/2020\/06\/IMG_3733-1152x1536.jpg 1152w, https:\/\/thelittlerstravel.com\/wp-content\/uploads\/2020\/06\/IMG_3733-1536x2048.jpg 1536w, https:\/\/thelittlerstravel.com\/wp-content\/uploads\/2020\/06\/IMG_3733-1440x1920.jpg 1440w, https:\/\/thelittlerstravel.com\/wp-content\/uploads\/2020\/06\/IMG_3733-600x800.jpg 600w, https:\/\/thelittlerstravel.com\/wp-content\/uploads\/2020\/06\/IMG_3733-800x1067.jpg 800w, https:\/\/thelittlerstravel.com\/wp-content\/uploads\/2020\/06\/IMG_3733-380x507.jpg 380w, https:\/\/thelittlerstravel.com\/wp-content\/uploads\/2020\/06\/IMG_3733-247x330.jpg 247w, https:\/\/thelittlerstravel.com\/wp-content\/uploads\/2020\/06\/IMG_3733-278x371.jpg 278w\" sizes=\"auto, (max-width: 768px) 100vw, 768px\" \/><\/figure><\/div><div class=\"coblocks-gallery--item\"><figure class=\"coblocks-gallery--figure has-margin-left-5 has-margin-left-mobile-5 has-margin-right-5 has-margin-right-mobile-5\"><img loading=\"lazy\" decoding=\"async\" width=\"1024\" height=\"768\" src=\"https:\/\/thelittlerstravel.com\/wp-content\/uploads\/2020\/06\/IMG_1541-1024x768.jpg\" alt=\"Agua turquesa cenote Suytun\" data-id=\"2280\" data-link=\"https:\/\/thelittlerstravel.com\/img_1541\/\" class=\"wp-image-2280\" srcset=\"https:\/\/thelittlerstravel.com\/wp-content\/uploads\/2020\/06\/IMG_1541-1024x768.jpg 1024w, https:\/\/thelittlerstravel.com\/wp-content\/uploads\/2020\/06\/IMG_1541-300x225.jpg 300w, https:\/\/thelittlerstravel.com\/wp-content\/uploads\/2020\/06\/IMG_1541-768x576.jpg 768w, https:\/\/thelittlerstravel.com\/wp-content\/uploads\/2020\/06\/IMG_1541-1536x1152.jpg 1536w, https:\/\/thelittlerstravel.com\/wp-content\/uploads\/2020\/06\/IMG_1541-2048x1536.jpg 2048w, https:\/\/thelittlerstravel.com\/wp-content\/uploads\/2020\/06\/IMG_1541-1920x1440.jpg 1920w, https:\/\/thelittlerstravel.com\/wp-content\/uploads\/2020\/06\/IMG_1541-600x450.jpg 600w, https:\/\/thelittlerstravel.com\/wp-content\/uploads\/2020\/06\/IMG_1541-800x600.jpg 800w, https:\/\/thelittlerstravel.com\/wp-content\/uploads\/2020\/06\/IMG_1541-141x106.jpg 141w, https:\/\/thelittlerstravel.com\/wp-content\/uploads\/2020\/06\/IMG_1541-380x285.jpg 380w, https:\/\/thelittlerstravel.com\/wp-content\/uploads\/2020\/06\/IMG_1541-247x186.jpg 247w\" sizes=\"auto, (max-width: 1024px) 100vw, 1024px\" \/><\/figure><\/div><div class=\"coblocks-gallery--item\"><figure class=\"coblocks-gallery--figure has-margin-left-5 has-margin-left-mobile-5 has-margin-right-5 has-margin-right-mobile-5\"><img loading=\"lazy\" decoding=\"async\" width=\"1024\" height=\"768\" src=\"https:\/\/thelittlerstravel.com\/wp-content\/uploads\/2020\/06\/IMG_1554-1024x768.jpg\" alt=\"Interior Cenote Suytun\" data-id=\"2281\" data-link=\"https:\/\/thelittlerstravel.com\/img_1554\/\" class=\"wp-image-2281\" srcset=\"https:\/\/thelittlerstravel.com\/wp-content\/uploads\/2020\/06\/IMG_1554-1024x768.jpg 1024w, https:\/\/thelittlerstravel.com\/wp-content\/uploads\/2020\/06\/IMG_1554-300x225.jpg 300w, https:\/\/thelittlerstravel.com\/wp-content\/uploads\/2020\/06\/IMG_1554-768x576.jpg 768w, https:\/\/thelittlerstravel.com\/wp-content\/uploads\/2020\/06\/IMG_1554-1536x1152.jpg 1536w, https:\/\/thelittlerstravel.com\/wp-content\/uploads\/2020\/06\/IMG_1554-2048x1536.jpg 2048w, https:\/\/thelittlerstravel.com\/wp-content\/uploads\/2020\/06\/IMG_1554-1920x1440.jpg 1920w, https:\/\/thelittlerstravel.com\/wp-content\/uploads\/2020\/06\/IMG_1554-600x450.jpg 600w, https:\/\/thelittlerstravel.com\/wp-content\/uploads\/2020\/06\/IMG_1554-800x600.jpg 800w, https:\/\/thelittlerstravel.com\/wp-content\/uploads\/2020\/06\/IMG_1554-141x106.jpg 141w, https:\/\/thelittlerstravel.com\/wp-content\/uploads\/2020\/06\/IMG_1554-380x285.jpg 380w, https:\/\/thelittlerstravel.com\/wp-content\/uploads\/2020\/06\/IMG_1554-247x186.jpg 247w\" sizes=\"auto, (max-width: 1024px) 100vw, 1024px\" \/><\/figure><\/div><div class=\"coblocks-gallery--item\"><figure class=\"coblocks-gallery--figure has-margin-left-5 has-margin-left-mobile-5 has-margin-right-5 has-margin-right-mobile-5\"><img loading=\"lazy\" decoding=\"async\" width=\"768\" height=\"1024\" src=\"https:\/\/thelittlerstravel.com\/wp-content\/uploads\/2020\/06\/IMG_3729-768x1024.jpg\" alt=\"Telenovela en Cenote Suytun\" data-id=\"2292\" data-link=\"https:\/\/thelittlerstravel.com\/img_3729\/\" class=\"wp-image-2292\" srcset=\"https:\/\/thelittlerstravel.com\/wp-content\/uploads\/2020\/06\/IMG_3729-768x1024.jpg 768w, https:\/\/thelittlerstravel.com\/wp-content\/uploads\/2020\/06\/IMG_3729-225x300.jpg 225w, https:\/\/thelittlerstravel.com\/wp-content\/uploads\/2020\/06\/IMG_3729-1152x1536.jpg 1152w, https:\/\/thelittlerstravel.com\/wp-content\/uploads\/2020\/06\/IMG_3729-1536x2048.jpg 1536w, https:\/\/thelittlerstravel.com\/wp-content\/uploads\/2020\/06\/IMG_3729-1440x1920.jpg 1440w, https:\/\/thelittlerstravel.com\/wp-content\/uploads\/2020\/06\/IMG_3729-600x800.jpg 600w, https:\/\/thelittlerstravel.com\/wp-content\/uploads\/2020\/06\/IMG_3729-800x1067.jpg 800w, https:\/\/thelittlerstravel.com\/wp-content\/uploads\/2020\/06\/IMG_3729-380x507.jpg 380w, https:\/\/thelittlerstravel.com\/wp-content\/uploads\/2020\/06\/IMG_3729-247x330.jpg 247w, https:\/\/thelittlerstravel.com\/wp-content\/uploads\/2020\/06\/IMG_3729-278x371.jpg 278w\" sizes=\"auto, (max-width: 768px) 100vw, 768px\" \/><\/figure><\/div><div class=\"coblocks-gallery--item\"><figure class=\"coblocks-gallery--figure has-margin-left-5 has-margin-left-mobile-5 has-margin-right-5 has-margin-right-mobile-5\"><img loading=\"lazy\" decoding=\"async\" width=\"768\" height=\"1024\" src=\"https:\/\/thelittlerstravel.com\/wp-content\/uploads\/2020\/06\/IMG_3740-768x1024.jpg\" alt=\"Lloviendo dentro del cenote Suytun\" data-id=\"2294\" data-link=\"https:\/\/thelittlerstravel.com\/img_3740\/\" class=\"wp-image-2294\" srcset=\"https:\/\/thelittlerstravel.com\/wp-content\/uploads\/2020\/06\/IMG_3740-768x1024.jpg 768w, https:\/\/thelittlerstravel.com\/wp-content\/uploads\/2020\/06\/IMG_3740-225x300.jpg 225w, https:\/\/thelittlerstravel.com\/wp-content\/uploads\/2020\/06\/IMG_3740-1152x1536.jpg 1152w, https:\/\/thelittlerstravel.com\/wp-content\/uploads\/2020\/06\/IMG_3740-1536x2048.jpg 1536w, https:\/\/thelittlerstravel.com\/wp-content\/uploads\/2020\/06\/IMG_3740-1440x1920.jpg 1440w, https:\/\/thelittlerstravel.com\/wp-content\/uploads\/2020\/06\/IMG_3740-600x800.jpg 600w, https:\/\/thelittlerstravel.com\/wp-content\/uploads\/2020\/06\/IMG_3740-800x1067.jpg 800w, https:\/\/thelittlerstravel.com\/wp-content\/uploads\/2020\/06\/IMG_3740-380x507.jpg 380w, https:\/\/thelittlerstravel.com\/wp-content\/uploads\/2020\/06\/IMG_3740-247x330.jpg 247w, https:\/\/thelittlerstravel.com\/wp-content\/uploads\/2020\/06\/IMG_3740-278x371.jpg 278w\" sizes=\"auto, (max-width: 768px) 100vw, 768px\" \/><\/figure><\/div><\/div><\/div><figcaption class=\"coblocks-gallery--caption coblocks-gallery--primary-caption\">Cenote Suytun<\/figcaption><\/div>\n\n\n\n<p>Pero la gente estaba tan organizada y educada haciendo fila, que no nos pod\u00edamos creer que est\u00e1bamos en un pa\u00eds latino y sin querer, nos daba la sensaci\u00f3n de estar de vuelta al Reino Unido. <br>Todos estaban haciendo cola, muy pacientemente esperando su turno. Y adem\u00e1s hablando todos en voz baja. Incre\u00edble.<\/p>\n\n\n\n<p>En esa misma \u00e1rea, al lado del aparcamiento y a poca distancia, hay otro cenote que no es tan famoso y no pod\u00edamos entender el porqu\u00e9, porque tambi\u00e9n era muy impresionante.<br>Este tambi\u00e9n es una cueva, con un agujero, este m\u00e1s grande, en la parte superior y con dos enormes \u00e1rboles que crecen justo en el medio y sobresalen por el agujero en la parte superior de la cueva. <\/p>\n\n\n\n<div aria-label=\"Carousel Gallery\" class=\"wp-block-coblocks-gallery-carousel has-responsive-height\"><div class=\"is-cropped coblocks-gallery has-no-alignment has-caption-style-dark has-horizontal-gutter has-lightbox\"><div class=\"has-carousel has-carousel-lrg has-aligned-cells\" data-flickity=\"{&quot;autoPlay&quot;:false,&quot;draggable&quot;:true,&quot;pageDots&quot;:false,&quot;prevNextButtons&quot;:true,&quot;wrapAround&quot;:true,&quot;cellAlign&quot;:&quot;left&quot;,&quot;pauseAutoPlayOnHover&quot;:false,&quot;freeScroll&quot;:false,&quot;arrowShape&quot;:{&quot;x0&quot;:10,&quot;x1&quot;:60,&quot;y1&quot;:50,&quot;x2&quot;:65,&quot;y2&quot;:45,&quot;x3&quot;:20},&quot;thumbnails&quot;:false,&quot;responsiveHeight&quot;:true}\"><div class=\"coblocks-gallery--item\"><figure class=\"coblocks-gallery--figure has-margin-left-5 has-margin-left-mobile-5 has-margin-right-5 has-margin-right-mobile-5\"><img loading=\"lazy\" decoding=\"async\" width=\"768\" height=\"1024\" src=\"https:\/\/thelittlerstravel.com\/wp-content\/uploads\/2020\/06\/IMG_4767-768x1024.jpg\" alt=\"Cenote Suytun\" data-id=\"2297\" data-link=\"https:\/\/thelittlerstravel.com\/img_4767\/\" class=\"wp-image-2297\" srcset=\"https:\/\/thelittlerstravel.com\/wp-content\/uploads\/2020\/06\/IMG_4767-768x1024.jpg 768w, https:\/\/thelittlerstravel.com\/wp-content\/uploads\/2020\/06\/IMG_4767-225x300.jpg 225w, https:\/\/thelittlerstravel.com\/wp-content\/uploads\/2020\/06\/IMG_4767-1152x1536.jpg 1152w, https:\/\/thelittlerstravel.com\/wp-content\/uploads\/2020\/06\/IMG_4767-1536x2048.jpg 1536w, https:\/\/thelittlerstravel.com\/wp-content\/uploads\/2020\/06\/IMG_4767-1440x1920.jpg 1440w, https:\/\/thelittlerstravel.com\/wp-content\/uploads\/2020\/06\/IMG_4767-600x800.jpg 600w, https:\/\/thelittlerstravel.com\/wp-content\/uploads\/2020\/06\/IMG_4767-800x1067.jpg 800w, https:\/\/thelittlerstravel.com\/wp-content\/uploads\/2020\/06\/IMG_4767-380x507.jpg 380w, https:\/\/thelittlerstravel.com\/wp-content\/uploads\/2020\/06\/IMG_4767-247x330.jpg 247w, https:\/\/thelittlerstravel.com\/wp-content\/uploads\/2020\/06\/IMG_4767-278x371.jpg 278w\" sizes=\"auto, (max-width: 768px) 100vw, 768px\" \/><\/figure><\/div><div class=\"coblocks-gallery--item\"><figure class=\"coblocks-gallery--figure has-margin-left-5 has-margin-left-mobile-5 has-margin-right-5 has-margin-right-mobile-5\"><img loading=\"lazy\" decoding=\"async\" width=\"768\" height=\"1024\" src=\"https:\/\/thelittlerstravel.com\/wp-content\/uploads\/2020\/06\/IMG_1099-768x1024.jpg\" alt=\"Cenote Suytun\" data-id=\"2264\" data-link=\"https:\/\/thelittlerstravel.com\/img_1099\/\" class=\"wp-image-2264\" srcset=\"https:\/\/thelittlerstravel.com\/wp-content\/uploads\/2020\/06\/IMG_1099-768x1024.jpg 768w, https:\/\/thelittlerstravel.com\/wp-content\/uploads\/2020\/06\/IMG_1099-225x300.jpg 225w, https:\/\/thelittlerstravel.com\/wp-content\/uploads\/2020\/06\/IMG_1099-1152x1536.jpg 1152w, https:\/\/thelittlerstravel.com\/wp-content\/uploads\/2020\/06\/IMG_1099-1536x2048.jpg 1536w, https:\/\/thelittlerstravel.com\/wp-content\/uploads\/2020\/06\/IMG_1099-1440x1920.jpg 1440w, https:\/\/thelittlerstravel.com\/wp-content\/uploads\/2020\/06\/IMG_1099-600x800.jpg 600w, https:\/\/thelittlerstravel.com\/wp-content\/uploads\/2020\/06\/IMG_1099-800x1067.jpg 800w, https:\/\/thelittlerstravel.com\/wp-content\/uploads\/2020\/06\/IMG_1099-380x507.jpg 380w, https:\/\/thelittlerstravel.com\/wp-content\/uploads\/2020\/06\/IMG_1099-247x330.jpg 247w, https:\/\/thelittlerstravel.com\/wp-content\/uploads\/2020\/06\/IMG_1099-278x371.jpg 278w\" sizes=\"auto, (max-width: 768px) 100vw, 768px\" \/><\/figure><\/div><div class=\"coblocks-gallery--item\"><figure class=\"coblocks-gallery--figure has-margin-left-5 has-margin-left-mobile-5 has-margin-right-5 has-margin-right-mobile-5\"><img loading=\"lazy\" decoding=\"async\" width=\"1024\" height=\"768\" src=\"https:\/\/thelittlerstravel.com\/wp-content\/uploads\/2020\/06\/IMG_7306-1024x768.jpg\" alt=\"Cenote Suytun\" data-id=\"2304\" data-link=\"https:\/\/thelittlerstravel.com\/img_7306\/\" class=\"wp-image-2304\" srcset=\"https:\/\/thelittlerstravel.com\/wp-content\/uploads\/2020\/06\/IMG_7306-1024x768.jpg 1024w, https:\/\/thelittlerstravel.com\/wp-content\/uploads\/2020\/06\/IMG_7306-300x225.jpg 300w, https:\/\/thelittlerstravel.com\/wp-content\/uploads\/2020\/06\/IMG_7306-768x576.jpg 768w, https:\/\/thelittlerstravel.com\/wp-content\/uploads\/2020\/06\/IMG_7306-1536x1152.jpg 1536w, https:\/\/thelittlerstravel.com\/wp-content\/uploads\/2020\/06\/IMG_7306-2048x1536.jpg 2048w, https:\/\/thelittlerstravel.com\/wp-content\/uploads\/2020\/06\/IMG_7306-1920x1440.jpg 1920w, https:\/\/thelittlerstravel.com\/wp-content\/uploads\/2020\/06\/IMG_7306-600x450.jpg 600w, https:\/\/thelittlerstravel.com\/wp-content\/uploads\/2020\/06\/IMG_7306-800x600.jpg 800w, https:\/\/thelittlerstravel.com\/wp-content\/uploads\/2020\/06\/IMG_7306-141x106.jpg 141w, https:\/\/thelittlerstravel.com\/wp-content\/uploads\/2020\/06\/IMG_7306-380x285.jpg 380w, https:\/\/thelittlerstravel.com\/wp-content\/uploads\/2020\/06\/IMG_7306-247x186.jpg 247w\" sizes=\"auto, (max-width: 1024px) 100vw, 1024px\" \/><\/figure><\/div><\/div><\/div><\/div>\n\n\n\n<p>Definitivamente te recomendar\u00edamos, que extendieras tu visita uno 10 minutos m\u00e1s y visites los dos cenotes de ensue\u00f1o.<\/p>\n\n\n\n<h3 class=\"has-trawell-cat-2-color has-text-color wp-block-heading\" id=\"chichen-itza\"><span class=\"ez-toc-section\" id=\"Chichen_Itza\"><\/span>Chich\u00e9n Itz\u00e1<span class=\"ez-toc-section-end\"><\/span><\/h3>\n\n\n\n<p>A unos 50 minutos en coche desde el cenote, llegamos a una de las Maravillas del Mundo.<br>Pero despu\u00e9s de esas 2 semanas recorriendo M\u00e9xico, no pod\u00edamos creer que este incre\u00edble pa\u00eds, solo tuviera esas ruinas consideradas como Maravilla del Mundo. Le habr\u00edamos dado, sin pensarlo dos veces, a otros 5-6 lugares, ese t\u00edtulo.<\/p>\n\n\n\n<p>Cuando llegamos a Chich\u00e9n Itz\u00e1, llov\u00eda a c\u00e1ntaros y fue cuando nos dimos cuenta de que nuestros amigos hab\u00edan puesto toda la carne en el asador organizando el viaje y no repararon en reservar el pack de aventura completo, as\u00ed que, el coche se qued\u00f3 sin bater\u00eda. Por suerte, nuestro amigo encontr\u00f3 una soluci\u00f3n en unos pocos minutos, y nos pusimos en marcha hacia las ruinas.<br>Despu\u00e9s de comprar impermeables, porque segu\u00eda lloviendo un poco y el vendedor nos asegur\u00f3 de que no iba a parar en todo el d\u00eda, fuimos a comprar las entradas. Para entonces, ya hab\u00eda dejado de llover.<br>Nuestros amigos fueron los que compraron las entradas (200 $ pesos cada una), aunque m\u00e1s tarde nos dimos cuenta de que por ser extranjeros, nosotros dos, deber\u00edamos haber pagado 490$ por cada entrada. <\/p>\n\n\n\n<p>Comenzamos nuestra visita a las fabulosas ruinas de Chich\u00e9n Itz\u00e1, una pir\u00e1mide s\u00faper bien conservada en la que la serpiente emplumada baja por las escaleras de la pir\u00e1mide durante el solsticio. <\/p>\n\n\n\n<div aria-label=\"Carousel Gallery\" class=\"wp-block-coblocks-gallery-carousel has-responsive-height\"><div class=\"is-cropped coblocks-gallery has-no-alignment has-caption-style-dark has-horizontal-gutter has-lightbox\"><div class=\"has-carousel has-carousel-lrg has-aligned-cells\" data-flickity=\"{&quot;autoPlay&quot;:false,&quot;draggable&quot;:true,&quot;pageDots&quot;:false,&quot;prevNextButtons&quot;:true,&quot;wrapAround&quot;:true,&quot;cellAlign&quot;:&quot;left&quot;,&quot;pauseAutoPlayOnHover&quot;:false,&quot;freeScroll&quot;:false,&quot;arrowShape&quot;:{&quot;x0&quot;:10,&quot;x1&quot;:60,&quot;y1&quot;:50,&quot;x2&quot;:65,&quot;y2&quot;:45,&quot;x3&quot;:20},&quot;thumbnails&quot;:false,&quot;responsiveHeight&quot;:true}\"><div class=\"coblocks-gallery--item\"><figure class=\"coblocks-gallery--figure has-margin-left-5 has-margin-left-mobile-5 has-margin-right-5 has-margin-right-mobile-5\"><img loading=\"lazy\" decoding=\"async\" width=\"768\" height=\"1024\" src=\"https:\/\/thelittlerstravel.com\/wp-content\/uploads\/2020\/06\/IMG_8845-768x1024.jpg\" alt=\"Chich\u00e9n Itz\u00e1\" data-id=\"2307\" data-link=\"https:\/\/thelittlerstravel.com\/img_8845\/\" class=\"wp-image-2307\" srcset=\"https:\/\/thelittlerstravel.com\/wp-content\/uploads\/2020\/06\/IMG_8845-768x1024.jpg 768w, https:\/\/thelittlerstravel.com\/wp-content\/uploads\/2020\/06\/IMG_8845-225x300.jpg 225w, https:\/\/thelittlerstravel.com\/wp-content\/uploads\/2020\/06\/IMG_8845-1152x1536.jpg 1152w, https:\/\/thelittlerstravel.com\/wp-content\/uploads\/2020\/06\/IMG_8845-1536x2048.jpg 1536w, https:\/\/thelittlerstravel.com\/wp-content\/uploads\/2020\/06\/IMG_8845-1440x1920.jpg 1440w, https:\/\/thelittlerstravel.com\/wp-content\/uploads\/2020\/06\/IMG_8845-600x800.jpg 600w, https:\/\/thelittlerstravel.com\/wp-content\/uploads\/2020\/06\/IMG_8845-800x1067.jpg 800w, https:\/\/thelittlerstravel.com\/wp-content\/uploads\/2020\/06\/IMG_8845-380x507.jpg 380w, https:\/\/thelittlerstravel.com\/wp-content\/uploads\/2020\/06\/IMG_8845-247x330.jpg 247w, https:\/\/thelittlerstravel.com\/wp-content\/uploads\/2020\/06\/IMG_8845-278x371.jpg 278w\" sizes=\"auto, (max-width: 768px) 100vw, 768px\" \/><\/figure><\/div><div class=\"coblocks-gallery--item\"><figure class=\"coblocks-gallery--figure has-margin-left-5 has-margin-left-mobile-5 has-margin-right-5 has-margin-right-mobile-5\"><img loading=\"lazy\" decoding=\"async\" width=\"768\" height=\"1024\" src=\"https:\/\/thelittlerstravel.com\/wp-content\/uploads\/2020\/06\/IMG_0854-768x1024.jpg\" alt=\"Pir\u00e1mide de Chich\u00e9n Itz\u00e1\" data-id=\"2259\" data-link=\"https:\/\/thelittlerstravel.com\/img_0854\/\" class=\"wp-image-2259\" srcset=\"https:\/\/thelittlerstravel.com\/wp-content\/uploads\/2020\/06\/IMG_0854-768x1024.jpg 768w, https:\/\/thelittlerstravel.com\/wp-content\/uploads\/2020\/06\/IMG_0854-225x300.jpg 225w, https:\/\/thelittlerstravel.com\/wp-content\/uploads\/2020\/06\/IMG_0854-1152x1536.jpg 1152w, https:\/\/thelittlerstravel.com\/wp-content\/uploads\/2020\/06\/IMG_0854-1536x2048.jpg 1536w, https:\/\/thelittlerstravel.com\/wp-content\/uploads\/2020\/06\/IMG_0854-1440x1920.jpg 1440w, https:\/\/thelittlerstravel.com\/wp-content\/uploads\/2020\/06\/IMG_0854-600x800.jpg 600w, https:\/\/thelittlerstravel.com\/wp-content\/uploads\/2020\/06\/IMG_0854-800x1067.jpg 800w, https:\/\/thelittlerstravel.com\/wp-content\/uploads\/2020\/06\/IMG_0854-380x507.jpg 380w, https:\/\/thelittlerstravel.com\/wp-content\/uploads\/2020\/06\/IMG_0854-247x330.jpg 247w, https:\/\/thelittlerstravel.com\/wp-content\/uploads\/2020\/06\/IMG_0854-278x371.jpg 278w\" sizes=\"auto, (max-width: 768px) 100vw, 768px\" \/><\/figure><\/div><div class=\"coblocks-gallery--item\"><figure class=\"coblocks-gallery--figure has-margin-left-5 has-margin-left-mobile-5 has-margin-right-5 has-margin-right-mobile-5\"><img loading=\"lazy\" decoding=\"async\" width=\"1024\" height=\"768\" src=\"https:\/\/thelittlerstravel.com\/wp-content\/uploads\/2020\/06\/IMG_0034-1024x768.jpg\" alt=\"Serpiente Emplumada Chich\u00e9n Itz\u00e1\" data-id=\"2254\" data-link=\"https:\/\/thelittlerstravel.com\/img_0034\/\" class=\"wp-image-2254\" srcset=\"https:\/\/thelittlerstravel.com\/wp-content\/uploads\/2020\/06\/IMG_0034-1024x768.jpg 1024w, https:\/\/thelittlerstravel.com\/wp-content\/uploads\/2020\/06\/IMG_0034-300x225.jpg 300w, https:\/\/thelittlerstravel.com\/wp-content\/uploads\/2020\/06\/IMG_0034-768x576.jpg 768w, https:\/\/thelittlerstravel.com\/wp-content\/uploads\/2020\/06\/IMG_0034-1536x1152.jpg 1536w, https:\/\/thelittlerstravel.com\/wp-content\/uploads\/2020\/06\/IMG_0034-2048x1536.jpg 2048w, https:\/\/thelittlerstravel.com\/wp-content\/uploads\/2020\/06\/IMG_0034-1920x1440.jpg 1920w, https:\/\/thelittlerstravel.com\/wp-content\/uploads\/2020\/06\/IMG_0034-600x450.jpg 600w, https:\/\/thelittlerstravel.com\/wp-content\/uploads\/2020\/06\/IMG_0034-800x600.jpg 800w, https:\/\/thelittlerstravel.com\/wp-content\/uploads\/2020\/06\/IMG_0034-141x106.jpg 141w, https:\/\/thelittlerstravel.com\/wp-content\/uploads\/2020\/06\/IMG_0034-380x285.jpg 380w, https:\/\/thelittlerstravel.com\/wp-content\/uploads\/2020\/06\/IMG_0034-247x186.jpg 247w\" sizes=\"auto, (max-width: 1024px) 100vw, 1024px\" \/><\/figure><\/div><div class=\"coblocks-gallery--item\"><figure class=\"coblocks-gallery--figure has-margin-left-5 has-margin-left-mobile-5 has-margin-right-5 has-margin-right-mobile-5\"><img loading=\"lazy\" decoding=\"async\" width=\"1024\" height=\"768\" src=\"https:\/\/thelittlerstravel.com\/wp-content\/uploads\/2020\/06\/IMG_8242-1024x768.jpg\" alt=\"Maravilla del Mundo\" data-id=\"2306\" data-link=\"https:\/\/thelittlerstravel.com\/img_8242\/\" class=\"wp-image-2306\" srcset=\"https:\/\/thelittlerstravel.com\/wp-content\/uploads\/2020\/06\/IMG_8242-1024x768.jpg 1024w, https:\/\/thelittlerstravel.com\/wp-content\/uploads\/2020\/06\/IMG_8242-300x225.jpg 300w, https:\/\/thelittlerstravel.com\/wp-content\/uploads\/2020\/06\/IMG_8242-768x576.jpg 768w, https:\/\/thelittlerstravel.com\/wp-content\/uploads\/2020\/06\/IMG_8242-1536x1152.jpg 1536w, https:\/\/thelittlerstravel.com\/wp-content\/uploads\/2020\/06\/IMG_8242-2048x1536.jpg 2048w, https:\/\/thelittlerstravel.com\/wp-content\/uploads\/2020\/06\/IMG_8242-1920x1440.jpg 1920w, https:\/\/thelittlerstravel.com\/wp-content\/uploads\/2020\/06\/IMG_8242-600x450.jpg 600w, https:\/\/thelittlerstravel.com\/wp-content\/uploads\/2020\/06\/IMG_8242-800x600.jpg 800w, https:\/\/thelittlerstravel.com\/wp-content\/uploads\/2020\/06\/IMG_8242-141x106.jpg 141w, https:\/\/thelittlerstravel.com\/wp-content\/uploads\/2020\/06\/IMG_8242-380x285.jpg 380w, https:\/\/thelittlerstravel.com\/wp-content\/uploads\/2020\/06\/IMG_8242-247x186.jpg 247w\" sizes=\"auto, (max-width: 1024px) 100vw, 1024px\" \/><\/figure><\/div><div class=\"coblocks-gallery--item\"><figure class=\"coblocks-gallery--figure has-margin-left-5 has-margin-left-mobile-5 has-margin-right-5 has-margin-right-mobile-5\"><img loading=\"lazy\" decoding=\"async\" width=\"768\" height=\"1024\" src=\"https:\/\/thelittlerstravel.com\/wp-content\/uploads\/2020\/06\/IMG_6102-768x1024.jpg\" alt=\"Paseo por Chich\u00e9n Itz\u00e1\" data-id=\"2300\" data-link=\"https:\/\/thelittlerstravel.com\/img_6102\/\" class=\"wp-image-2300\" srcset=\"https:\/\/thelittlerstravel.com\/wp-content\/uploads\/2020\/06\/IMG_6102-768x1024.jpg 768w, https:\/\/thelittlerstravel.com\/wp-content\/uploads\/2020\/06\/IMG_6102-225x300.jpg 225w, https:\/\/thelittlerstravel.com\/wp-content\/uploads\/2020\/06\/IMG_6102-1152x1536.jpg 1152w, https:\/\/thelittlerstravel.com\/wp-content\/uploads\/2020\/06\/IMG_6102-1536x2048.jpg 1536w, https:\/\/thelittlerstravel.com\/wp-content\/uploads\/2020\/06\/IMG_6102-1440x1920.jpg 1440w, https:\/\/thelittlerstravel.com\/wp-content\/uploads\/2020\/06\/IMG_6102-600x800.jpg 600w, https:\/\/thelittlerstravel.com\/wp-content\/uploads\/2020\/06\/IMG_6102-800x1067.jpg 800w, https:\/\/thelittlerstravel.com\/wp-content\/uploads\/2020\/06\/IMG_6102-380x507.jpg 380w, https:\/\/thelittlerstravel.com\/wp-content\/uploads\/2020\/06\/IMG_6102-247x330.jpg 247w, https:\/\/thelittlerstravel.com\/wp-content\/uploads\/2020\/06\/IMG_6102-278x371.jpg 278w\" sizes=\"auto, (max-width: 768px) 100vw, 768px\" \/><\/figure><\/div><\/div><\/div><figcaption class=\"coblocks-gallery--caption coblocks-gallery--primary-caption\">Una de las Maravillas del Mundo, Chich\u00e9n Itz\u00e1<\/figcaption><\/div>\n\n\n\n<p>Despu\u00e9s de tomar cientos de fotos de la pir\u00e1mide, decidimos visitar el resto del complejo, en un agradable paseo por un parque lleno de \u00e1rboles y otras ruinas.<\/p>\n\n\n\n<p>No podr\u00edamos pedir nada m\u00e1s a un pa\u00eds.<\/p>\n\n\n\n<h3 class=\"has-trawell-cat-2-color has-text-color wp-block-heading\" id=\"playa-del-carmen\"><span class=\"ez-toc-section\" id=\"Playa_del_Carmen-2\"><\/span>Playa del Carmen<span class=\"ez-toc-section-end\"><\/span><\/h3>\n\n\n\n<p>Con unas pinzas prestadas, logramos arrancar el coche y de camino a Playa del Carmen, paramos en un taller para que nos cambiaran la bater\u00eda y en apenas 30 minutos, est\u00e1bamos de nuevo en ruta.<\/p>\n\n\n\n<p>A pesar de toda la oferta que hab\u00eda en la Quinta Avenida, no nos pudimos resistir y decidimos volver a cenar en el restaurante italiano Il Baretto donde adem\u00e1s, celebramos el cumplea\u00f1os de Josh. <\/p>\n\n\n\n<p>Despu\u00e9s de la cena, fuimos a La Cantina n\u00ba21 que estaba dentro de un centro comercial pero ten\u00eda una bonita terraza que daba a la calle peatonal donde tomamos unos c\u00f3cteles.<\/p>\n\n\n\n<p>No podr\u00edamos pedir nada m\u00e1s a un viaje.<\/p>\n\n\n\n<h2 class=\"has-trawell-cat-2-color has-text-color wp-block-heading\" id=\"consejos\"><span class=\"ez-toc-section\" id=\"Consejos\"><\/span>Consejos<span class=\"ez-toc-section-end\"><\/span><\/h2>\n\n\n\n<ul class=\"is-style-checkbox wp-block-list\"><li>Si te gusta conducir, te recomendamos visitar M\u00e9xico en coche, te dar\u00e1 mucha libertad y la posibilidad de visitar miles de lugares en un tiempo m\u00e1s reducido.<\/li><li>Si visitas M\u00e9xico en coche, te recomendar\u00edamos que tuvieras Norauto en mente, ya que te arreglan sea lo que sea, en el momento y sin cita previa, ideal para poder retomar tus vacaciones en poco tiempo y que apenas te desmonte ning\u00fan plan de viaje.<\/li><li>XCaret es un grupo muy grande en M\u00e9xico que tiene varios parques para todos los gustos, seguro encontrar\u00e1s el que m\u00e1s se adapte a ti aunque tendr\u00e1s que preparar la cartera, ya que, los precios son americanos, a pesar de estar en M\u00e9xico.<\/li><li>Si vas a XCaret, te recomendamos que no compres las fotos en el momento, deja tu email y a los pocos d\u00edas te ofrecer\u00e1n alg\u00fan descuento por ellas<\/li><li>Playa del Carmen es una ciudad segura y con vigilancia y polic\u00edas en cada esquina, esto no es tan com\u00fan en el resto de M\u00e9xico.<\/li><li>Esta zona de M\u00e9xico es calurosa todo el a\u00f1o, as\u00ed que vayas cuando vayas, te recomendamos llevar ropa de verano y mucha crema solar.<\/li><li>El Cenote Suytun lo consideramos parada obligatoria y lo es tambi\u00e9n el cenote que est\u00e1 en ese mismo recinto y a un par de minutos andando.<\/li><\/ul>\n\n\n\n<h2 class=\"has-trawell-cat-2-color has-text-color wp-block-heading\" id=\"informacion-util\"><span class=\"ez-toc-section\" id=\"Informacion_Util\"><\/span>Informaci\u00f3n \u00datil<span class=\"ez-toc-section-end\"><\/span><\/h2>\n\n\n\n<figure class=\"wp-block-table\"><table class=\"has-background has-fixed-layout\" style=\"background-color:#fcf0ef\"><tbody><tr><td><strong>Moneda: <\/strong>Peso mexicano<\/td><td><strong>Tipo de Turismo:<\/strong> Ciudad\/Naturaleza<\/td><td><strong>Agua potable:<\/strong> No<\/td><\/tr><tr><td><strong>Temperatura:<\/strong> 26\u00baC en octubre<\/td><td><strong>Coste Medio:<\/strong> 3\/5<\/td><td><strong>Lado de conducci\u00f3n: <\/strong>Derecha<\/td><\/tr><tr><td><strong>Zona Horaria: <\/strong>UTC\/GMT -5<\/td><td><strong>Tipo de Enchufe:<\/strong> A\/B<\/td><td><strong>Modo de Transporte:<\/strong> Coche<\/td><\/tr><tr><td><strong>Poblaci\u00f3n:<\/strong> 150.000<\/td><td><strong>Visado?:<\/strong> No<\/td><td><strong>Seguridad:<\/strong> 3\/5<\/td><\/tr><tr><td><strong>Idiomas:<\/strong> Espa\u00f1ol<\/td><td><strong>Apto para Vegetarianos:<\/strong> 3\/5<\/td><td><strong>Apto para viajes con ni\u00f1os:<\/strong> S\u00ed<\/td><\/tr><\/tbody><\/table><\/figure>","protected":false},"excerpt":{"rendered":"<p>En nuestro tour en coche por M\u00e9xico tuvimos la gran suerte de pasar varios d\u00edas en Canc\u00fan y en sus alrededores.Cada zona de M\u00e9xico est\u00e1 llena de maravillosos lugares y Canc\u00fan, no se queda corto. En unas 2 horas alrededor de esta zona tur\u00edstica, puedes encontrar ruinas mayas, cenotes, playas de arena blanca y aguas [&hellip;]<\/p>\n","protected":false},"author":1,"featured_media":2254,"comment_status":"open","ping_status":"open","sticky":false,"template":"","format":"standard","meta":{"_coblocks_attr":"","_coblocks_dimensions":"","_coblocks_responsive_height":"","_coblocks_accordion_ie_support":"","footnotes":""},"categories":[1],"tags":[212,211,200,201,202,196,154,199,203,214,213],"class_list":["post-2189","post","type-post","status-publish","format-standard","has-post-thumbnail","hentry","category-america_del_norte","tag-bacalar","tag-cancun","tag-cenote","tag-chichen-itza","tag-maravilla-del-mundo","tag-mexico-2","tag-playa","tag-playa-del-carmen","tag-quinta-avenida","tag-suytun","tag-xcaret"],"_links":{"self":[{"href":"https:\/\/thelittlerstravel.com\/es\/wp-json\/wp\/v2\/posts\/2189","targetHints":{"allow":["GET"]}}],"collection":[{"href":"https:\/\/thelittlerstravel.com\/es\/wp-json\/wp\/v2\/posts"}],"about":[{"href":"https:\/\/thelittlerstravel.com\/es\/wp-json\/wp\/v2\/types\/post"}],"author":[{"embeddable":true,"href":"https:\/\/thelittlerstravel.com\/es\/wp-json\/wp\/v2\/users\/1"}],"replies":[{"embeddable":true,"href":"https:\/\/thelittlerstravel.com\/es\/wp-json\/wp\/v2\/comments?post=2189"}],"version-history":[{"count":134,"href":"https:\/\/thelittlerstravel.com\/es\/wp-json\/wp\/v2\/posts\/2189\/revisions"}],"predecessor-version":[{"id":4392,"href":"https:\/\/thelittlerstravel.com\/es\/wp-json\/wp\/v2\/posts\/2189\/revisions\/4392"}],"wp:featuredmedia":[{"embeddable":true,"href":"https:\/\/thelittlerstravel.com\/es\/wp-json\/wp\/v2\/media\/2254"}],"wp:attachment":[{"href":"https:\/\/thelittlerstravel.com\/es\/wp-json\/wp\/v2\/media?parent=2189"}],"wp:term":[{"taxonomy":"category","embeddable":true,"href":"https:\/\/thelittlerstravel.com\/es\/wp-json\/wp\/v2\/categories?post=2189"},{"taxonomy":"post_tag","embeddable":true,"href":"https:\/\/thelittlerstravel.com\/es\/wp-json\/wp\/v2\/tags?post=2189"}],"curies":[{"name":"wp","href":"https:\/\/api.w.org\/{rel}","templated":true}]}}