{"id":2513,"date":"2022-01-26T17:15:18","date_gmt":"2022-01-26T17:15:18","guid":{"rendered":"https:\/\/thelittlerstravel.com\/?p=2513"},"modified":"2022-01-26T17:15:21","modified_gmt":"2022-01-26T17:15:21","slug":"3-dias-en-el-interior-de-alicante","status":"publish","type":"post","link":"https:\/\/thelittlerstravel.com\/es\/2022\/01\/3-dias-en-el-interior-de-alicante\/","title":{"rendered":"3 d\u00edas en el interior de Alicante"},"content":{"rendered":"<p>Qu\u00e9 mejor para empezar a hablar de nuestros viajes por Europa, que empezar por nuestra tierra.<br>Para nosotros, conocer un destino de la mano de alguien aut\u00f3ctono, es siempre la mejor opci\u00f3n para descubrirlo de verdad, porque te presentan su hogar y no un destino vacacional, te ense\u00f1an lo mejor, aunque a veces, esto no sea lo m\u00e1s famoso, pero sobretodo, te ense\u00f1an a vivirlo y a disfrutar de toda su esencia.<br>Esperamos que con este art\u00edculo, logres conocer la esencia de estos lugares y tambi\u00e9n vivirlos al m\u00e1ximo cuando los visites.<\/p>\n\n\n\n<div id=\"ez-toc-container\" class=\"ez-toc-v2_0_82_2 counter-hierarchy ez-toc-counter ez-toc-custom ez-toc-container-direction\">\n<p class=\"ez-toc-title\" style=\"cursor:inherit\">Nuestro Viaje<\/p>\n<label for=\"ez-toc-cssicon-toggle-item-69f3a360c99d7\" class=\"ez-toc-cssicon-toggle-label\"><span class=\"\"><span class=\"eztoc-hide\" style=\"display:none;\">Toggle<\/span><span class=\"ez-toc-icon-toggle-span\"><svg style=\"fill: #444444;color:#444444\" xmlns=\"http:\/\/www.w3.org\/2000\/svg\" class=\"list-377408\" width=\"20px\" height=\"20px\" viewbox=\"0 0 24 24\" fill=\"none\"><path d=\"M6 6H4v2h2V6zm14 0H8v2h12V6zM4 11h2v2H4v-2zm16 0H8v2h12v-2zM4 16h2v2H4v-2zm16 0H8v2h12v-2z\" fill=\"currentColor\"><\/path><\/svg><svg style=\"fill: #444444;color:#444444\" class=\"arrow-unsorted-368013\" xmlns=\"http:\/\/www.w3.org\/2000\/svg\" width=\"10px\" height=\"10px\" viewbox=\"0 0 24 24\" version=\"1.2\" baseprofile=\"tiny\"><path d=\"M18.2 9.3l-6.2-6.3-6.2 6.3c-.2.2-.3.4-.3.7s.1.5.3.7c.2.2.4.3.7.3h11c.3 0 .5-.1.7-.3.2-.2.3-.5.3-.7s-.1-.5-.3-.7zM5.8 14.7l6.2 6.3 6.2-6.3c.2-.2.3-.5.3-.7s-.1-.5-.3-.7c-.2-.2-.4-.3-.7-.3h-11c-.3 0-.5.1-.7.3-.2.2-.3.5-.3.7s.1.5.3.7z\"\/><\/svg><\/span><\/span><\/label><input type=\"checkbox\"  id=\"ez-toc-cssicon-toggle-item-69f3a360c99d7\"  aria-label=\"Alternar\" \/><nav><ul class='ez-toc-list ez-toc-list-level-1' ><li class='ez-toc-page-1 ez-toc-heading-level-2'><a class=\"ez-toc-link ez-toc-heading-1\" href=\"https:\/\/thelittlerstravel.com\/es\/2022\/01\/3-dias-en-el-interior-de-alicante\/#Dia_1_en_el_interior_de_Alicante_%E2%80%93_Alcoy\" >D\u00eda 1 en el interior de Alicante &#8211; Alcoy<\/a><ul class='ez-toc-list-level-3' ><li class='ez-toc-heading-level-3'><a class=\"ez-toc-link ez-toc-heading-2\" href=\"https:\/\/thelittlerstravel.com\/es\/2022\/01\/3-dias-en-el-interior-de-alicante\/#Plaza_de_Espana\" >Plaza de Espa\u00f1a<\/a><\/li><li class='ez-toc-page-1 ez-toc-heading-level-3'><a class=\"ez-toc-link ez-toc-heading-3\" href=\"https:\/\/thelittlerstravel.com\/es\/2022\/01\/3-dias-en-el-interior-de-alicante\/#Calle_Sant_Nicolau\" >Calle Sant Nicolau<\/a><\/li><li class='ez-toc-page-1 ez-toc-heading-level-3'><a class=\"ez-toc-link ez-toc-heading-4\" href=\"https:\/\/thelittlerstravel.com\/es\/2022\/01\/3-dias-en-el-interior-de-alicante\/#Callejeando\" >Callejeando<\/a><\/li><\/ul><\/li><li class='ez-toc-page-1 ez-toc-heading-level-2'><a class=\"ez-toc-link ez-toc-heading-5\" href=\"https:\/\/thelittlerstravel.com\/es\/2022\/01\/3-dias-en-el-interior-de-alicante\/#Dia_2_en_el_interior_de_Alicante_%E2%80%93_La_Vall_dAlcala\" >D\u00eda 2 en el interior de Alicante &#8211; La Vall d&#8217;Alcal\u00e0<\/a><ul class='ez-toc-list-level-3' ><li class='ez-toc-heading-level-3'><a class=\"ez-toc-link ez-toc-heading-6\" href=\"https:\/\/thelittlerstravel.com\/es\/2022\/01\/3-dias-en-el-interior-de-alicante\/#Callejeando_por_Alcala_de_la_Jovada\" >Callejeando por Alcal\u00e0 de la Jovada<\/a><\/li><li class='ez-toc-page-1 ez-toc-heading-level-3'><a class=\"ez-toc-link ez-toc-heading-7\" href=\"https:\/\/thelittlerstravel.com\/es\/2022\/01\/3-dias-en-el-interior-de-alicante\/#Despoblado_de_lAdzuvieta\" >Despoblado de l&#8217;Adzuvieta<\/a><\/li><li class='ez-toc-page-1 ez-toc-heading-level-3'><a class=\"ez-toc-link ez-toc-heading-8\" href=\"https:\/\/thelittlerstravel.com\/es\/2022\/01\/3-dias-en-el-interior-de-alicante\/#Nevera\" >Nevera<\/a><\/li><li class='ez-toc-page-1 ez-toc-heading-level-3'><a class=\"ez-toc-link ez-toc-heading-9\" href=\"https:\/\/thelittlerstravel.com\/es\/2022\/01\/3-dias-en-el-interior-de-alicante\/#La_Forada\" >La Forad\u00e0<\/a><\/li><li class='ez-toc-page-1 ez-toc-heading-level-3'><a class=\"ez-toc-link ez-toc-heading-10\" href=\"https:\/\/thelittlerstravel.com\/es\/2022\/01\/3-dias-en-el-interior-de-alicante\/#Callejeando_por_Beniaia\" >Callejeando por Beniaia<\/a><\/li><li class='ez-toc-page-1 ez-toc-heading-level-3'><a class=\"ez-toc-link ez-toc-heading-11\" href=\"https:\/\/thelittlerstravel.com\/es\/2022\/01\/3-dias-en-el-interior-de-alicante\/#Despoblado_de_la_Queirola\" >Despoblado de la Queirola<\/a><\/li><li class='ez-toc-page-1 ez-toc-heading-level-3'><a class=\"ez-toc-link ez-toc-heading-12\" href=\"https:\/\/thelittlerstravel.com\/es\/2022\/01\/3-dias-en-el-interior-de-alicante\/#El_Condoig\" >El Condoig<\/a><\/li><li class='ez-toc-page-1 ez-toc-heading-level-3'><a class=\"ez-toc-link ez-toc-heading-13\" href=\"https:\/\/thelittlerstravel.com\/es\/2022\/01\/3-dias-en-el-interior-de-alicante\/#Callejeando_por_La_Vall_dEbo\" >Callejeando por La Vall d&#8217;Ebo<\/a><\/li><\/ul><\/li><li class='ez-toc-page-1 ez-toc-heading-level-2'><a class=\"ez-toc-link ez-toc-heading-14\" href=\"https:\/\/thelittlerstravel.com\/es\/2022\/01\/3-dias-en-el-interior-de-alicante\/#Dia_3_en_el_interior_de_Alicante_%E2%80%93_Petracos_y_Guadalest\" >D\u00eda 3 en el interior de Alicante &#8211; Petracos y Guadalest<\/a><ul class='ez-toc-list-level-3' ><li class='ez-toc-heading-level-3'><a class=\"ez-toc-link ez-toc-heading-15\" href=\"https:\/\/thelittlerstravel.com\/es\/2022\/01\/3-dias-en-el-interior-de-alicante\/#Pinturas_Rupestres_del_Santuario_del_Pla_de_Petracos\" >Pinturas Rupestres del Santuario del Pl\u00e1 de Petracos&nbsp;<\/a><\/li><li class='ez-toc-page-1 ez-toc-heading-level-3'><a class=\"ez-toc-link ez-toc-heading-16\" href=\"https:\/\/thelittlerstravel.com\/es\/2022\/01\/3-dias-en-el-interior-de-alicante\/#Guadalest\" >Guadalest<\/a><\/li><\/ul><\/li><li class='ez-toc-page-1 ez-toc-heading-level-2'><a class=\"ez-toc-link ez-toc-heading-17\" href=\"https:\/\/thelittlerstravel.com\/es\/2022\/01\/3-dias-en-el-interior-de-alicante\/#Consejos\" >Consejos<\/a><\/li><li class='ez-toc-page-1 ez-toc-heading-level-2'><a class=\"ez-toc-link ez-toc-heading-18\" href=\"https:\/\/thelittlerstravel.com\/es\/2022\/01\/3-dias-en-el-interior-de-alicante\/#Informacion_Util\" >Informaci\u00f3n \u00datil<\/a><\/li><\/ul><\/nav><\/div>\n<h2 class=\"has-trawell-cat-2-color has-text-color wp-block-heading\" id=\"dia-1-en-el-interior-de-alicante-alcoy\"><span class=\"ez-toc-section\" id=\"Dia_1_en_el_interior_de_Alicante_%E2%80%93_Alcoy\"><\/span>D\u00eda 1 en el interior de Alicante &#8211; Alcoy<span class=\"ez-toc-section-end\"><\/span><\/h2>\n\n\n\n<p>Esta es la ciudad en la que hemos vivido, ido al colegio y trabajado y es un verdadero tesoro modernista en las monta\u00f1as del interior alicantino, a unos 45 minutos en coche de Alicante.<br>Cuando vives en una ciudad, te acostumbras a sus calles, sus edificios, sus plazas&#8230; y simplemente, con el tiempo, los dejas de ver o al menos, los dejas de admirar.<br>Para cambiar esto y para empezar con la &#8220;desescalada&#8221; del turista, hicimos un tour a pie por la ciudad, de la mano de <strong>Quality Tours Mariola<\/strong>, los cuales nos ayudaron a volver a ver las maravillas de esta ciudad, sus edificios, cultura y tradici\u00f3n que, sin querer, pasas por alto en tu d\u00eda a d\u00eda.<\/p>\n\n\n\n<p>Esta ciudad es sobretodo famosa por sus fiestas de <strong>Moros y Cristianos<\/strong> (21, 22, 23 y 24 de abril) unas fiestas que ya son BIC (Bien de Inter\u00e9s Cultural) y que rememoran la reconquista de los cristianos y que sin duda, no te puedes perder. <br>Pero es que, esta peque\u00f1a ciudad de unos 60.000 habitantes, adem\u00e1s cuenta con la <strong>Cabalgata de los Reyes Magos <\/strong>m\u00e1s antigua de Espa\u00f1a, que desfila por sus calles el 5 de enero de cada a\u00f1o, en un despliegue de m\u00fasica, pajes y emoci\u00f3n que tienes que ver al menos, una vez en tu vida.<\/p>\n\n\n\n<p>A parte de todo esto y aunque parezca imposible, esta ciudad, adem\u00e1s, fue una de las m\u00e1s importantes de la \u00e9poca modernista y escenario de la Revoluci\u00f3n del Petr\u00f3leo y de todo esto, es de lo que aprendimos en el tour que os contamos a continuaci\u00f3n.<\/p>\n\n\n\n<h3 class=\"has-trawell-cat-2-color has-text-color wp-block-heading\" id=\"plaza-de-espana\"><span class=\"ez-toc-section\" id=\"Plaza_de_Espana\"><\/span>Plaza de Espa\u00f1a<span class=\"ez-toc-section-end\"><\/span><\/h3>\n\n\n\n<p>En este tour, visitamos el centro de la ciudad, donde se encuentran los edificios m\u00e1s incre\u00edbles y que albergan la mayor cantidad de historia e historias.<br>Empezamos en la Plaza de Espa\u00f1a, un dise\u00f1o del arquitecto Calatrava, parte de la plaza se levanta dejando a la vista unas escaleras que te llevar\u00e1n a un gran sal\u00f3n di\u00e1fano dedicado a eventos y exposiciones.<\/p>\n\n\n\n<p>Esta plaza est\u00e1 rodeada por el <strong>campanario<\/strong>, el <strong>teatro Calder\u00f3n<\/strong> y el <strong>Ayuntamiento<\/strong> desde el que puedes acceder, a trav\u00e9s de un pasaje, a la <strong>Pla\u00e7a de Dins<\/strong>.<\/p>\n\n\n\n<div aria-label=\"Carousel Gallery\" class=\"wp-block-coblocks-gallery-carousel has-responsive-height\"><div class=\"is-cropped coblocks-gallery has-no-alignment has-caption-style-dark has-horizontal-gutter has-lightbox\"><div class=\"has-carousel has-carousel-lrg has-aligned-cells\" data-flickity=\"{&quot;autoPlay&quot;:false,&quot;draggable&quot;:true,&quot;pageDots&quot;:false,&quot;prevNextButtons&quot;:true,&quot;wrapAround&quot;:true,&quot;cellAlign&quot;:&quot;left&quot;,&quot;pauseAutoPlayOnHover&quot;:false,&quot;freeScroll&quot;:false,&quot;arrowShape&quot;:{&quot;x0&quot;:10,&quot;x1&quot;:60,&quot;y1&quot;:50,&quot;x2&quot;:65,&quot;y2&quot;:45,&quot;x3&quot;:20},&quot;thumbnails&quot;:false,&quot;responsiveHeight&quot;:true}\"><div class=\"coblocks-gallery--item\"><figure class=\"coblocks-gallery--figure has-margin-left-5 has-margin-left-mobile-5 has-margin-right-5 has-margin-right-mobile-5\"><img loading=\"lazy\" decoding=\"async\" width=\"1024\" height=\"768\" src=\"https:\/\/thelittlerstravel.com\/wp-content\/uploads\/2020\/07\/IMG_9382-1024x768.jpg\" alt=\"Pla\u00e7a Espanya\" data-id=\"2674\" data-link=\"https:\/\/thelittlerstravel.com\/img_9382\/\" class=\"wp-image-2674\" srcset=\"https:\/\/thelittlerstravel.com\/wp-content\/uploads\/2020\/07\/IMG_9382-1024x768.jpg 1024w, https:\/\/thelittlerstravel.com\/wp-content\/uploads\/2020\/07\/IMG_9382-300x225.jpg 300w, https:\/\/thelittlerstravel.com\/wp-content\/uploads\/2020\/07\/IMG_9382-768x576.jpg 768w, https:\/\/thelittlerstravel.com\/wp-content\/uploads\/2020\/07\/IMG_9382-1536x1152.jpg 1536w, https:\/\/thelittlerstravel.com\/wp-content\/uploads\/2020\/07\/IMG_9382-2048x1536.jpg 2048w, https:\/\/thelittlerstravel.com\/wp-content\/uploads\/2020\/07\/IMG_9382-1920x1440.jpg 1920w, https:\/\/thelittlerstravel.com\/wp-content\/uploads\/2020\/07\/IMG_9382-600x450.jpg 600w, https:\/\/thelittlerstravel.com\/wp-content\/uploads\/2020\/07\/IMG_9382-800x600.jpg 800w, https:\/\/thelittlerstravel.com\/wp-content\/uploads\/2020\/07\/IMG_9382-141x106.jpg 141w, https:\/\/thelittlerstravel.com\/wp-content\/uploads\/2020\/07\/IMG_9382-380x285.jpg 380w, https:\/\/thelittlerstravel.com\/wp-content\/uploads\/2020\/07\/IMG_9382-247x186.jpg 247w\" sizes=\"auto, (max-width: 1024px) 100vw, 1024px\" \/><\/figure><\/div><div class=\"coblocks-gallery--item\"><figure class=\"coblocks-gallery--figure has-margin-left-5 has-margin-left-mobile-5 has-margin-right-5 has-margin-right-mobile-5\"><img loading=\"lazy\" decoding=\"async\" width=\"1024\" height=\"768\" src=\"https:\/\/thelittlerstravel.com\/wp-content\/uploads\/2020\/07\/IMG_4911-1024x768.jpg\" alt=\"Ayuntamiento Alcoy\" data-id=\"2645\" data-link=\"https:\/\/thelittlerstravel.com\/img_4911\/\" class=\"wp-image-2645\" srcset=\"https:\/\/thelittlerstravel.com\/wp-content\/uploads\/2020\/07\/IMG_4911-1024x768.jpg 1024w, https:\/\/thelittlerstravel.com\/wp-content\/uploads\/2020\/07\/IMG_4911-300x225.jpg 300w, https:\/\/thelittlerstravel.com\/wp-content\/uploads\/2020\/07\/IMG_4911-768x576.jpg 768w, https:\/\/thelittlerstravel.com\/wp-content\/uploads\/2020\/07\/IMG_4911-1536x1152.jpg 1536w, https:\/\/thelittlerstravel.com\/wp-content\/uploads\/2020\/07\/IMG_4911-2048x1536.jpg 2048w, https:\/\/thelittlerstravel.com\/wp-content\/uploads\/2020\/07\/IMG_4911-1920x1440.jpg 1920w, https:\/\/thelittlerstravel.com\/wp-content\/uploads\/2020\/07\/IMG_4911-600x450.jpg 600w, https:\/\/thelittlerstravel.com\/wp-content\/uploads\/2020\/07\/IMG_4911-800x600.jpg 800w, https:\/\/thelittlerstravel.com\/wp-content\/uploads\/2020\/07\/IMG_4911-141x106.jpg 141w, https:\/\/thelittlerstravel.com\/wp-content\/uploads\/2020\/07\/IMG_4911-380x285.jpg 380w, https:\/\/thelittlerstravel.com\/wp-content\/uploads\/2020\/07\/IMG_4911-247x186.jpg 247w\" sizes=\"auto, (max-width: 1024px) 100vw, 1024px\" \/><\/figure><\/div><div class=\"coblocks-gallery--item\"><figure class=\"coblocks-gallery--figure has-margin-left-5 has-margin-left-mobile-5 has-margin-right-5 has-margin-right-mobile-5\"><img loading=\"lazy\" decoding=\"async\" width=\"768\" height=\"1024\" src=\"https:\/\/thelittlerstravel.com\/wp-content\/uploads\/2020\/07\/IMG_1897-768x1024.jpg\" alt=\"Plaza de Espa\u00f1a\" data-id=\"2623\" data-link=\"https:\/\/thelittlerstravel.com\/img_1897\/\" class=\"wp-image-2623\" srcset=\"https:\/\/thelittlerstravel.com\/wp-content\/uploads\/2020\/07\/IMG_1897-768x1024.jpg 768w, https:\/\/thelittlerstravel.com\/wp-content\/uploads\/2020\/07\/IMG_1897-225x300.jpg 225w, https:\/\/thelittlerstravel.com\/wp-content\/uploads\/2020\/07\/IMG_1897-1152x1536.jpg 1152w, https:\/\/thelittlerstravel.com\/wp-content\/uploads\/2020\/07\/IMG_1897-1536x2048.jpg 1536w, https:\/\/thelittlerstravel.com\/wp-content\/uploads\/2020\/07\/IMG_1897-1440x1920.jpg 1440w, https:\/\/thelittlerstravel.com\/wp-content\/uploads\/2020\/07\/IMG_1897-600x800.jpg 600w, https:\/\/thelittlerstravel.com\/wp-content\/uploads\/2020\/07\/IMG_1897-800x1067.jpg 800w, https:\/\/thelittlerstravel.com\/wp-content\/uploads\/2020\/07\/IMG_1897-380x507.jpg 380w, https:\/\/thelittlerstravel.com\/wp-content\/uploads\/2020\/07\/IMG_1897-247x330.jpg 247w, https:\/\/thelittlerstravel.com\/wp-content\/uploads\/2020\/07\/IMG_1897-278x371.jpg 278w\" sizes=\"auto, (max-width: 768px) 100vw, 768px\" \/><\/figure><\/div><\/div><\/div><figcaption class=\"coblocks-gallery--caption coblocks-gallery--primary-caption\">Plaza de Espa\u00f1a: Campanario de frente, ayuntamiento a la izquierda y Teatro Calder\u00f3n a la derecha<\/figcaption><\/div>\n\n\n\n<p>Paseamos por la calle de detr\u00e1s del teatro Calder\u00f3n y vimos el cauce del rio, punto exacto que convirti\u00f3 esta ciudad en lo que es, pero sobre todo, en lo que fue, ya que, los alcoyanos, haci\u00e9ndose valer de la fuerza del rio \u00fanicamente, fueron capaces de crear los cimientos de la industria alcoyana.<br>Ya de vuelta al punto de inicio, pasamos por el edificio de la aseguradora <strong>Uni\u00f3n Alcoyana<\/strong>, que como m\u00ednimo, hace que te voltees.<\/p>\n\n\n\n<div class=\"wp-block-image\"><figure class=\"aligncenter size-large is-resized\"><img loading=\"lazy\" decoding=\"async\" src=\"https:\/\/thelittlerstravel.com\/wp-content\/uploads\/2020\/07\/IMG_2693-1024x768.jpg\" alt=\"Uni\u00f3n Alcoyana\" class=\"wp-image-2630\" width=\"469\" height=\"352\" srcset=\"https:\/\/thelittlerstravel.com\/wp-content\/uploads\/2020\/07\/IMG_2693-1024x768.jpg 1024w, https:\/\/thelittlerstravel.com\/wp-content\/uploads\/2020\/07\/IMG_2693-300x225.jpg 300w, https:\/\/thelittlerstravel.com\/wp-content\/uploads\/2020\/07\/IMG_2693-768x576.jpg 768w, https:\/\/thelittlerstravel.com\/wp-content\/uploads\/2020\/07\/IMG_2693-1536x1152.jpg 1536w, https:\/\/thelittlerstravel.com\/wp-content\/uploads\/2020\/07\/IMG_2693-2048x1536.jpg 2048w, https:\/\/thelittlerstravel.com\/wp-content\/uploads\/2020\/07\/IMG_2693-1920x1440.jpg 1920w, https:\/\/thelittlerstravel.com\/wp-content\/uploads\/2020\/07\/IMG_2693-600x450.jpg 600w, https:\/\/thelittlerstravel.com\/wp-content\/uploads\/2020\/07\/IMG_2693-800x600.jpg 800w, https:\/\/thelittlerstravel.com\/wp-content\/uploads\/2020\/07\/IMG_2693-141x106.jpg 141w, https:\/\/thelittlerstravel.com\/wp-content\/uploads\/2020\/07\/IMG_2693-380x285.jpg 380w, https:\/\/thelittlerstravel.com\/wp-content\/uploads\/2020\/07\/IMG_2693-247x186.jpg 247w\" sizes=\"auto, (max-width: 469px) 100vw, 469px\" \/><figcaption>Edificio de la Uni\u00f3n Alcoyana<\/figcaption><\/figure><\/div>\n\n\n\n<h3 class=\"has-trawell-cat-2-color has-text-color wp-block-heading\" id=\"calle-sant-nicolau\"><span class=\"ez-toc-section\" id=\"Calle_Sant_Nicolau\"><\/span>Calle Sant Nicolau<span class=\"ez-toc-section-end\"><\/span><\/h3>\n\n\n\n<p>Desde la Plaza de Espa\u00f1a, subimos por la calle Sant Nicolau, donde se encuentra la fachada de <strong>La Casa del Pavo<\/strong>. La casa de una familia, econ\u00f3micamente, muy bien situadas en la \u00e9poca, o como se les llamar\u00edan en &#8220;alcoyano&#8221;: gent del puntet (gente del puntito ser\u00eda la traducci\u00f3n al castellano)<\/p>\n\n\n\n<div aria-label=\"Carousel Gallery\" class=\"wp-block-coblocks-gallery-carousel has-responsive-height\"><div class=\"is-cropped coblocks-gallery has-no-alignment has-caption-style-dark has-horizontal-gutter has-lightbox\"><div class=\"has-carousel has-carousel-lrg has-aligned-cells\" data-flickity=\"{&quot;autoPlay&quot;:false,&quot;draggable&quot;:true,&quot;pageDots&quot;:false,&quot;prevNextButtons&quot;:true,&quot;wrapAround&quot;:true,&quot;cellAlign&quot;:&quot;left&quot;,&quot;pauseAutoPlayOnHover&quot;:false,&quot;freeScroll&quot;:false,&quot;arrowShape&quot;:{&quot;x0&quot;:10,&quot;x1&quot;:60,&quot;y1&quot;:50,&quot;x2&quot;:65,&quot;y2&quot;:45,&quot;x3&quot;:20},&quot;thumbnails&quot;:false,&quot;responsiveHeight&quot;:true}\"><div class=\"coblocks-gallery--item\"><figure class=\"coblocks-gallery--figure has-margin-left-5 has-margin-left-mobile-5 has-margin-right-5 has-margin-right-mobile-5\"><img loading=\"lazy\" decoding=\"async\" width=\"768\" height=\"1024\" src=\"https:\/\/thelittlerstravel.com\/wp-content\/uploads\/2020\/07\/IMG_1954-768x1024.jpg\" alt=\"Fachada de La Casa del Pavo\" data-id=\"2624\" data-link=\"https:\/\/thelittlerstravel.com\/img_1954\/\" class=\"wp-image-2624\" srcset=\"https:\/\/thelittlerstravel.com\/wp-content\/uploads\/2020\/07\/IMG_1954-768x1024.jpg 768w, https:\/\/thelittlerstravel.com\/wp-content\/uploads\/2020\/07\/IMG_1954-225x300.jpg 225w, https:\/\/thelittlerstravel.com\/wp-content\/uploads\/2020\/07\/IMG_1954-1152x1536.jpg 1152w, https:\/\/thelittlerstravel.com\/wp-content\/uploads\/2020\/07\/IMG_1954-1536x2048.jpg 1536w, https:\/\/thelittlerstravel.com\/wp-content\/uploads\/2020\/07\/IMG_1954-1440x1920.jpg 1440w, https:\/\/thelittlerstravel.com\/wp-content\/uploads\/2020\/07\/IMG_1954-600x800.jpg 600w, https:\/\/thelittlerstravel.com\/wp-content\/uploads\/2020\/07\/IMG_1954-800x1067.jpg 800w, https:\/\/thelittlerstravel.com\/wp-content\/uploads\/2020\/07\/IMG_1954-380x507.jpg 380w, https:\/\/thelittlerstravel.com\/wp-content\/uploads\/2020\/07\/IMG_1954-247x330.jpg 247w, https:\/\/thelittlerstravel.com\/wp-content\/uploads\/2020\/07\/IMG_1954-278x371.jpg 278w\" sizes=\"auto, (max-width: 768px) 100vw, 768px\" \/><\/figure><\/div><div class=\"coblocks-gallery--item\"><figure class=\"coblocks-gallery--figure has-margin-left-5 has-margin-left-mobile-5 has-margin-right-5 has-margin-right-mobile-5\"><img loading=\"lazy\" decoding=\"async\" width=\"768\" height=\"1024\" src=\"https:\/\/thelittlerstravel.com\/wp-content\/uploads\/2020\/07\/IMG_3752-768x1024.jpg\" alt=\"La Casa del Pavo\" data-id=\"2636\" data-link=\"https:\/\/thelittlerstravel.com\/img_3752\/\" class=\"wp-image-2636\" srcset=\"https:\/\/thelittlerstravel.com\/wp-content\/uploads\/2020\/07\/IMG_3752-768x1024.jpg 768w, https:\/\/thelittlerstravel.com\/wp-content\/uploads\/2020\/07\/IMG_3752-225x300.jpg 225w, https:\/\/thelittlerstravel.com\/wp-content\/uploads\/2020\/07\/IMG_3752-1152x1536.jpg 1152w, https:\/\/thelittlerstravel.com\/wp-content\/uploads\/2020\/07\/IMG_3752-1536x2048.jpg 1536w, https:\/\/thelittlerstravel.com\/wp-content\/uploads\/2020\/07\/IMG_3752-1440x1920.jpg 1440w, https:\/\/thelittlerstravel.com\/wp-content\/uploads\/2020\/07\/IMG_3752-600x800.jpg 600w, https:\/\/thelittlerstravel.com\/wp-content\/uploads\/2020\/07\/IMG_3752-800x1067.jpg 800w, https:\/\/thelittlerstravel.com\/wp-content\/uploads\/2020\/07\/IMG_3752-380x507.jpg 380w, https:\/\/thelittlerstravel.com\/wp-content\/uploads\/2020\/07\/IMG_3752-247x330.jpg 247w, https:\/\/thelittlerstravel.com\/wp-content\/uploads\/2020\/07\/IMG_3752-278x371.jpg 278w\" sizes=\"auto, (max-width: 768px) 100vw, 768px\" \/><\/figure><\/div><\/div><\/div><figcaption class=\"coblocks-gallery--caption coblocks-gallery--primary-caption\">La Casa del Pavo<\/figcaption><\/div>\n\n\n\n<p>A continuaci\u00f3n, visitamos el <strong>C\u00edrculo Industrial<\/strong>, sus salones, biblioteca y jard\u00edn rom\u00e1ntico. Un edificio que transpira historia y tradiciones y que es totalmente visitable y de parada obligatoria.<\/p>\n\n\n\n<div aria-label=\"Carousel Gallery\" class=\"wp-block-coblocks-gallery-carousel mb-0\"><div class=\"is-cropped coblocks-gallery has-no-alignment has-caption-style-dark has-horizontal-gutter has-lightbox\"><div class=\"has-carousel has-carousel-lrg has-aligned-cells\" style=\"height:400px\" data-flickity=\"{&quot;autoPlay&quot;:false,&quot;draggable&quot;:true,&quot;pageDots&quot;:false,&quot;prevNextButtons&quot;:true,&quot;wrapAround&quot;:true,&quot;cellAlign&quot;:&quot;left&quot;,&quot;pauseAutoPlayOnHover&quot;:false,&quot;freeScroll&quot;:false,&quot;arrowShape&quot;:{&quot;x0&quot;:10,&quot;x1&quot;:60,&quot;y1&quot;:50,&quot;x2&quot;:65,&quot;y2&quot;:45,&quot;x3&quot;:20},&quot;thumbnails&quot;:false,&quot;responsiveHeight&quot;:false}\"><div class=\"coblocks-gallery--item\"><figure class=\"coblocks-gallery--figure has-margin-left-5 has-margin-left-mobile-5 has-margin-right-5 has-margin-right-mobile-5\"><img loading=\"lazy\" decoding=\"async\" width=\"1024\" height=\"768\" src=\"https:\/\/thelittlerstravel.com\/wp-content\/uploads\/2020\/07\/IMG_2426-1024x768.jpg\" alt=\"C\u00edrcul Industrial\" data-id=\"2629\" data-link=\"https:\/\/thelittlerstravel.com\/img_2426\/\" class=\"wp-image-2629\" srcset=\"https:\/\/thelittlerstravel.com\/wp-content\/uploads\/2020\/07\/IMG_2426-1024x768.jpg 1024w, https:\/\/thelittlerstravel.com\/wp-content\/uploads\/2020\/07\/IMG_2426-300x225.jpg 300w, https:\/\/thelittlerstravel.com\/wp-content\/uploads\/2020\/07\/IMG_2426-768x576.jpg 768w, https:\/\/thelittlerstravel.com\/wp-content\/uploads\/2020\/07\/IMG_2426-1536x1152.jpg 1536w, https:\/\/thelittlerstravel.com\/wp-content\/uploads\/2020\/07\/IMG_2426-2048x1536.jpg 2048w, https:\/\/thelittlerstravel.com\/wp-content\/uploads\/2020\/07\/IMG_2426-1920x1440.jpg 1920w, https:\/\/thelittlerstravel.com\/wp-content\/uploads\/2020\/07\/IMG_2426-600x450.jpg 600w, https:\/\/thelittlerstravel.com\/wp-content\/uploads\/2020\/07\/IMG_2426-800x600.jpg 800w, https:\/\/thelittlerstravel.com\/wp-content\/uploads\/2020\/07\/IMG_2426-141x106.jpg 141w, https:\/\/thelittlerstravel.com\/wp-content\/uploads\/2020\/07\/IMG_2426-380x285.jpg 380w, https:\/\/thelittlerstravel.com\/wp-content\/uploads\/2020\/07\/IMG_2426-247x186.jpg 247w\" sizes=\"auto, (max-width: 1024px) 100vw, 1024px\" \/><\/figure><\/div><div class=\"coblocks-gallery--item\"><figure class=\"coblocks-gallery--figure has-margin-left-5 has-margin-left-mobile-5 has-margin-right-5 has-margin-right-mobile-5\"><img loading=\"lazy\" decoding=\"async\" width=\"1024\" height=\"768\" src=\"https:\/\/thelittlerstravel.com\/wp-content\/uploads\/2020\/07\/IMG_9353-1024x768.jpg\" alt=\"C\u00fapula cristal del C\u00edrculo Industrial\" data-id=\"2672\" data-link=\"https:\/\/thelittlerstravel.com\/img_9353\/\" class=\"wp-image-2672\" srcset=\"https:\/\/thelittlerstravel.com\/wp-content\/uploads\/2020\/07\/IMG_9353-1024x768.jpg 1024w, https:\/\/thelittlerstravel.com\/wp-content\/uploads\/2020\/07\/IMG_9353-300x225.jpg 300w, https:\/\/thelittlerstravel.com\/wp-content\/uploads\/2020\/07\/IMG_9353-768x576.jpg 768w, https:\/\/thelittlerstravel.com\/wp-content\/uploads\/2020\/07\/IMG_9353-1536x1152.jpg 1536w, https:\/\/thelittlerstravel.com\/wp-content\/uploads\/2020\/07\/IMG_9353-2048x1536.jpg 2048w, https:\/\/thelittlerstravel.com\/wp-content\/uploads\/2020\/07\/IMG_9353-1920x1440.jpg 1920w, https:\/\/thelittlerstravel.com\/wp-content\/uploads\/2020\/07\/IMG_9353-600x450.jpg 600w, https:\/\/thelittlerstravel.com\/wp-content\/uploads\/2020\/07\/IMG_9353-800x600.jpg 800w, https:\/\/thelittlerstravel.com\/wp-content\/uploads\/2020\/07\/IMG_9353-141x106.jpg 141w, https:\/\/thelittlerstravel.com\/wp-content\/uploads\/2020\/07\/IMG_9353-380x285.jpg 380w, https:\/\/thelittlerstravel.com\/wp-content\/uploads\/2020\/07\/IMG_9353-247x186.jpg 247w\" sizes=\"auto, (max-width: 1024px) 100vw, 1024px\" \/><\/figure><\/div><div class=\"coblocks-gallery--item\"><figure class=\"coblocks-gallery--figure has-margin-left-5 has-margin-left-mobile-5 has-margin-right-5 has-margin-right-mobile-5\"><img loading=\"lazy\" decoding=\"async\" width=\"1024\" height=\"768\" src=\"https:\/\/thelittlerstravel.com\/wp-content\/uploads\/2020\/07\/IMG_9311-1024x768.jpg\" alt=\"Biblioteca del C\u00edrculo Industrial\" data-id=\"2669\" data-link=\"https:\/\/thelittlerstravel.com\/img_9311\/\" class=\"wp-image-2669\" srcset=\"https:\/\/thelittlerstravel.com\/wp-content\/uploads\/2020\/07\/IMG_9311-1024x768.jpg 1024w, https:\/\/thelittlerstravel.com\/wp-content\/uploads\/2020\/07\/IMG_9311-300x225.jpg 300w, https:\/\/thelittlerstravel.com\/wp-content\/uploads\/2020\/07\/IMG_9311-768x576.jpg 768w, https:\/\/thelittlerstravel.com\/wp-content\/uploads\/2020\/07\/IMG_9311-1536x1152.jpg 1536w, https:\/\/thelittlerstravel.com\/wp-content\/uploads\/2020\/07\/IMG_9311-2048x1536.jpg 2048w, https:\/\/thelittlerstravel.com\/wp-content\/uploads\/2020\/07\/IMG_9311-1920x1440.jpg 1920w, https:\/\/thelittlerstravel.com\/wp-content\/uploads\/2020\/07\/IMG_9311-600x450.jpg 600w, https:\/\/thelittlerstravel.com\/wp-content\/uploads\/2020\/07\/IMG_9311-800x600.jpg 800w, https:\/\/thelittlerstravel.com\/wp-content\/uploads\/2020\/07\/IMG_9311-141x106.jpg 141w, https:\/\/thelittlerstravel.com\/wp-content\/uploads\/2020\/07\/IMG_9311-380x285.jpg 380w, https:\/\/thelittlerstravel.com\/wp-content\/uploads\/2020\/07\/IMG_9311-247x186.jpg 247w\" sizes=\"auto, (max-width: 1024px) 100vw, 1024px\" \/><\/figure><\/div><div class=\"coblocks-gallery--item\"><figure class=\"coblocks-gallery--figure has-margin-left-5 has-margin-left-mobile-5 has-margin-right-5 has-margin-right-mobile-5\"><img loading=\"lazy\" decoding=\"async\" width=\"1024\" height=\"768\" src=\"https:\/\/thelittlerstravel.com\/wp-content\/uploads\/2020\/07\/IMG_9832-1024x768.jpg\" alt=\"Jard\u00edn rom\u00e1ntico del C\u00edrculo Industrial\" data-id=\"2679\" data-link=\"https:\/\/thelittlerstravel.com\/img_9832\/\" class=\"wp-image-2679\" srcset=\"https:\/\/thelittlerstravel.com\/wp-content\/uploads\/2020\/07\/IMG_9832-1024x768.jpg 1024w, https:\/\/thelittlerstravel.com\/wp-content\/uploads\/2020\/07\/IMG_9832-300x225.jpg 300w, https:\/\/thelittlerstravel.com\/wp-content\/uploads\/2020\/07\/IMG_9832-768x576.jpg 768w, https:\/\/thelittlerstravel.com\/wp-content\/uploads\/2020\/07\/IMG_9832-1536x1152.jpg 1536w, https:\/\/thelittlerstravel.com\/wp-content\/uploads\/2020\/07\/IMG_9832-2048x1536.jpg 2048w, https:\/\/thelittlerstravel.com\/wp-content\/uploads\/2020\/07\/IMG_9832-1920x1440.jpg 1920w, https:\/\/thelittlerstravel.com\/wp-content\/uploads\/2020\/07\/IMG_9832-600x450.jpg 600w, https:\/\/thelittlerstravel.com\/wp-content\/uploads\/2020\/07\/IMG_9832-800x600.jpg 800w, https:\/\/thelittlerstravel.com\/wp-content\/uploads\/2020\/07\/IMG_9832-141x106.jpg 141w, https:\/\/thelittlerstravel.com\/wp-content\/uploads\/2020\/07\/IMG_9832-380x285.jpg 380w, https:\/\/thelittlerstravel.com\/wp-content\/uploads\/2020\/07\/IMG_9832-247x186.jpg 247w\" sizes=\"auto, (max-width: 1024px) 100vw, 1024px\" \/><\/figure><\/div><div class=\"coblocks-gallery--item\"><figure class=\"coblocks-gallery--figure has-margin-left-5 has-margin-left-mobile-5 has-margin-right-5 has-margin-right-mobile-5\"><img loading=\"lazy\" decoding=\"async\" width=\"768\" height=\"1024\" src=\"https:\/\/thelittlerstravel.com\/wp-content\/uploads\/2020\/07\/IMG_2067-768x1024.jpg\" alt=\"Biblioteca del C\u00edrculo Industrial\" data-id=\"2626\" data-link=\"https:\/\/thelittlerstravel.com\/img_2067\/\" class=\"wp-image-2626\" srcset=\"https:\/\/thelittlerstravel.com\/wp-content\/uploads\/2020\/07\/IMG_2067-768x1024.jpg 768w, https:\/\/thelittlerstravel.com\/wp-content\/uploads\/2020\/07\/IMG_2067-225x300.jpg 225w, https:\/\/thelittlerstravel.com\/wp-content\/uploads\/2020\/07\/IMG_2067-1152x1536.jpg 1152w, https:\/\/thelittlerstravel.com\/wp-content\/uploads\/2020\/07\/IMG_2067-1536x2048.jpg 1536w, https:\/\/thelittlerstravel.com\/wp-content\/uploads\/2020\/07\/IMG_2067-1440x1920.jpg 1440w, https:\/\/thelittlerstravel.com\/wp-content\/uploads\/2020\/07\/IMG_2067-600x800.jpg 600w, https:\/\/thelittlerstravel.com\/wp-content\/uploads\/2020\/07\/IMG_2067-800x1067.jpg 800w, https:\/\/thelittlerstravel.com\/wp-content\/uploads\/2020\/07\/IMG_2067-380x507.jpg 380w, https:\/\/thelittlerstravel.com\/wp-content\/uploads\/2020\/07\/IMG_2067-247x330.jpg 247w, https:\/\/thelittlerstravel.com\/wp-content\/uploads\/2020\/07\/IMG_2067-278x371.jpg 278w\" sizes=\"auto, (max-width: 768px) 100vw, 768px\" \/><\/figure><\/div><div class=\"coblocks-gallery--item\"><figure class=\"coblocks-gallery--figure has-margin-left-5 has-margin-left-mobile-5 has-margin-right-5 has-margin-right-mobile-5\"><img loading=\"lazy\" decoding=\"async\" width=\"1024\" height=\"768\" src=\"https:\/\/thelittlerstravel.com\/wp-content\/uploads\/2020\/07\/IMG_9269-1024x768.jpg\" alt=\"Pasillo del C\u00edrculo Industrial\" data-id=\"2668\" data-link=\"https:\/\/thelittlerstravel.com\/img_9269\/\" class=\"wp-image-2668\" srcset=\"https:\/\/thelittlerstravel.com\/wp-content\/uploads\/2020\/07\/IMG_9269-1024x768.jpg 1024w, https:\/\/thelittlerstravel.com\/wp-content\/uploads\/2020\/07\/IMG_9269-300x225.jpg 300w, https:\/\/thelittlerstravel.com\/wp-content\/uploads\/2020\/07\/IMG_9269-768x576.jpg 768w, https:\/\/thelittlerstravel.com\/wp-content\/uploads\/2020\/07\/IMG_9269-1536x1152.jpg 1536w, https:\/\/thelittlerstravel.com\/wp-content\/uploads\/2020\/07\/IMG_9269-2048x1536.jpg 2048w, https:\/\/thelittlerstravel.com\/wp-content\/uploads\/2020\/07\/IMG_9269-1920x1440.jpg 1920w, https:\/\/thelittlerstravel.com\/wp-content\/uploads\/2020\/07\/IMG_9269-600x450.jpg 600w, https:\/\/thelittlerstravel.com\/wp-content\/uploads\/2020\/07\/IMG_9269-800x600.jpg 800w, https:\/\/thelittlerstravel.com\/wp-content\/uploads\/2020\/07\/IMG_9269-141x106.jpg 141w, https:\/\/thelittlerstravel.com\/wp-content\/uploads\/2020\/07\/IMG_9269-380x285.jpg 380w, https:\/\/thelittlerstravel.com\/wp-content\/uploads\/2020\/07\/IMG_9269-247x186.jpg 247w\" sizes=\"auto, (max-width: 1024px) 100vw, 1024px\" \/><\/figure><\/div><div class=\"coblocks-gallery--item\"><figure class=\"coblocks-gallery--figure has-margin-left-5 has-margin-left-mobile-5 has-margin-right-5 has-margin-right-mobile-5\"><img loading=\"lazy\" decoding=\"async\" width=\"768\" height=\"1024\" src=\"https:\/\/thelittlerstravel.com\/wp-content\/uploads\/2020\/07\/IMG_7116-768x1024.jpg\" alt=\"Biblioteca del C\u00edrculo Industrial\" data-id=\"2660\" data-link=\"https:\/\/thelittlerstravel.com\/img_7116-2\/\" class=\"wp-image-2660\" srcset=\"https:\/\/thelittlerstravel.com\/wp-content\/uploads\/2020\/07\/IMG_7116-768x1024.jpg 768w, https:\/\/thelittlerstravel.com\/wp-content\/uploads\/2020\/07\/IMG_7116-225x300.jpg 225w, https:\/\/thelittlerstravel.com\/wp-content\/uploads\/2020\/07\/IMG_7116-1152x1536.jpg 1152w, https:\/\/thelittlerstravel.com\/wp-content\/uploads\/2020\/07\/IMG_7116-1536x2048.jpg 1536w, https:\/\/thelittlerstravel.com\/wp-content\/uploads\/2020\/07\/IMG_7116-1440x1920.jpg 1440w, https:\/\/thelittlerstravel.com\/wp-content\/uploads\/2020\/07\/IMG_7116-600x800.jpg 600w, https:\/\/thelittlerstravel.com\/wp-content\/uploads\/2020\/07\/IMG_7116-800x1067.jpg 800w, https:\/\/thelittlerstravel.com\/wp-content\/uploads\/2020\/07\/IMG_7116-380x507.jpg 380w, https:\/\/thelittlerstravel.com\/wp-content\/uploads\/2020\/07\/IMG_7116-247x330.jpg 247w, https:\/\/thelittlerstravel.com\/wp-content\/uploads\/2020\/07\/IMG_7116-278x371.jpg 278w\" sizes=\"auto, (max-width: 768px) 100vw, 768px\" \/><\/figure><\/div><div class=\"coblocks-gallery--item\"><figure class=\"coblocks-gallery--figure has-margin-left-5 has-margin-left-mobile-5 has-margin-right-5 has-margin-right-mobile-5\"><img loading=\"lazy\" decoding=\"async\" width=\"768\" height=\"1024\" src=\"https:\/\/thelittlerstravel.com\/wp-content\/uploads\/2020\/07\/IMG_3525-768x1024.jpg\" alt=\"Pasillo del C\u00edrculo Industrial\" data-id=\"2634\" data-link=\"https:\/\/thelittlerstravel.com\/img_3525\/\" class=\"wp-image-2634\" srcset=\"https:\/\/thelittlerstravel.com\/wp-content\/uploads\/2020\/07\/IMG_3525-768x1024.jpg 768w, https:\/\/thelittlerstravel.com\/wp-content\/uploads\/2020\/07\/IMG_3525-225x300.jpg 225w, https:\/\/thelittlerstravel.com\/wp-content\/uploads\/2020\/07\/IMG_3525-1152x1536.jpg 1152w, https:\/\/thelittlerstravel.com\/wp-content\/uploads\/2020\/07\/IMG_3525-1536x2048.jpg 1536w, https:\/\/thelittlerstravel.com\/wp-content\/uploads\/2020\/07\/IMG_3525-1440x1920.jpg 1440w, https:\/\/thelittlerstravel.com\/wp-content\/uploads\/2020\/07\/IMG_3525-600x800.jpg 600w, https:\/\/thelittlerstravel.com\/wp-content\/uploads\/2020\/07\/IMG_3525-800x1067.jpg 800w, https:\/\/thelittlerstravel.com\/wp-content\/uploads\/2020\/07\/IMG_3525-380x507.jpg 380w, https:\/\/thelittlerstravel.com\/wp-content\/uploads\/2020\/07\/IMG_3525-247x330.jpg 247w, https:\/\/thelittlerstravel.com\/wp-content\/uploads\/2020\/07\/IMG_3525-278x371.jpg 278w\" sizes=\"auto, (max-width: 768px) 100vw, 768px\" \/><\/figure><\/div><div class=\"coblocks-gallery--item\"><figure class=\"coblocks-gallery--figure has-margin-left-5 has-margin-left-mobile-5 has-margin-right-5 has-margin-right-mobile-5\"><img loading=\"lazy\" decoding=\"async\" width=\"768\" height=\"1024\" src=\"https:\/\/thelittlerstravel.com\/wp-content\/uploads\/2020\/07\/IMG_3693-768x1024.jpg\" alt=\"Biblioteca del C\u00edrculo Industrial\" data-id=\"2635\" data-link=\"https:\/\/thelittlerstravel.com\/img_3693\/\" class=\"wp-image-2635\" srcset=\"https:\/\/thelittlerstravel.com\/wp-content\/uploads\/2020\/07\/IMG_3693-768x1024.jpg 768w, https:\/\/thelittlerstravel.com\/wp-content\/uploads\/2020\/07\/IMG_3693-225x300.jpg 225w, https:\/\/thelittlerstravel.com\/wp-content\/uploads\/2020\/07\/IMG_3693-1152x1536.jpg 1152w, https:\/\/thelittlerstravel.com\/wp-content\/uploads\/2020\/07\/IMG_3693-1536x2048.jpg 1536w, https:\/\/thelittlerstravel.com\/wp-content\/uploads\/2020\/07\/IMG_3693-1440x1920.jpg 1440w, https:\/\/thelittlerstravel.com\/wp-content\/uploads\/2020\/07\/IMG_3693-600x800.jpg 600w, https:\/\/thelittlerstravel.com\/wp-content\/uploads\/2020\/07\/IMG_3693-800x1067.jpg 800w, https:\/\/thelittlerstravel.com\/wp-content\/uploads\/2020\/07\/IMG_3693-380x507.jpg 380w, https:\/\/thelittlerstravel.com\/wp-content\/uploads\/2020\/07\/IMG_3693-247x330.jpg 247w, https:\/\/thelittlerstravel.com\/wp-content\/uploads\/2020\/07\/IMG_3693-278x371.jpg 278w\" sizes=\"auto, (max-width: 768px) 100vw, 768px\" \/><\/figure><\/div><div class=\"coblocks-gallery--item\"><figure class=\"coblocks-gallery--figure has-margin-left-5 has-margin-left-mobile-5 has-margin-right-5 has-margin-right-mobile-5\"><img loading=\"lazy\" decoding=\"async\" width=\"768\" height=\"1024\" src=\"https:\/\/thelittlerstravel.com\/wp-content\/uploads\/2020\/07\/IMG_2094-768x1024.jpg\" alt=\"Biblioteca del C\u00edrculo Industrial\" data-id=\"2627\" data-link=\"https:\/\/thelittlerstravel.com\/img_2094\/\" class=\"wp-image-2627\" srcset=\"https:\/\/thelittlerstravel.com\/wp-content\/uploads\/2020\/07\/IMG_2094-768x1024.jpg 768w, https:\/\/thelittlerstravel.com\/wp-content\/uploads\/2020\/07\/IMG_2094-225x300.jpg 225w, https:\/\/thelittlerstravel.com\/wp-content\/uploads\/2020\/07\/IMG_2094-1152x1536.jpg 1152w, https:\/\/thelittlerstravel.com\/wp-content\/uploads\/2020\/07\/IMG_2094-1536x2048.jpg 1536w, https:\/\/thelittlerstravel.com\/wp-content\/uploads\/2020\/07\/IMG_2094-1440x1920.jpg 1440w, https:\/\/thelittlerstravel.com\/wp-content\/uploads\/2020\/07\/IMG_2094-600x800.jpg 600w, https:\/\/thelittlerstravel.com\/wp-content\/uploads\/2020\/07\/IMG_2094-800x1067.jpg 800w, https:\/\/thelittlerstravel.com\/wp-content\/uploads\/2020\/07\/IMG_2094-380x507.jpg 380w, https:\/\/thelittlerstravel.com\/wp-content\/uploads\/2020\/07\/IMG_2094-247x330.jpg 247w, https:\/\/thelittlerstravel.com\/wp-content\/uploads\/2020\/07\/IMG_2094-278x371.jpg 278w\" sizes=\"auto, (max-width: 768px) 100vw, 768px\" \/><\/figure><\/div><div class=\"coblocks-gallery--item\"><figure class=\"coblocks-gallery--figure has-margin-left-5 has-margin-left-mobile-5 has-margin-right-5 has-margin-right-mobile-5\"><img loading=\"lazy\" decoding=\"async\" width=\"1024\" height=\"768\" src=\"https:\/\/thelittlerstravel.com\/wp-content\/uploads\/2020\/07\/IMG_1094-1024x768.jpg\" alt=\"Sal\u00f3n del C\u00edrculo Industrial\" data-id=\"2621\" data-link=\"https:\/\/thelittlerstravel.com\/img_1094\/\" class=\"wp-image-2621\" srcset=\"https:\/\/thelittlerstravel.com\/wp-content\/uploads\/2020\/07\/IMG_1094-1024x768.jpg 1024w, https:\/\/thelittlerstravel.com\/wp-content\/uploads\/2020\/07\/IMG_1094-300x225.jpg 300w, https:\/\/thelittlerstravel.com\/wp-content\/uploads\/2020\/07\/IMG_1094-768x576.jpg 768w, https:\/\/thelittlerstravel.com\/wp-content\/uploads\/2020\/07\/IMG_1094-1536x1152.jpg 1536w, https:\/\/thelittlerstravel.com\/wp-content\/uploads\/2020\/07\/IMG_1094-2048x1536.jpg 2048w, https:\/\/thelittlerstravel.com\/wp-content\/uploads\/2020\/07\/IMG_1094-1920x1440.jpg 1920w, https:\/\/thelittlerstravel.com\/wp-content\/uploads\/2020\/07\/IMG_1094-600x450.jpg 600w, https:\/\/thelittlerstravel.com\/wp-content\/uploads\/2020\/07\/IMG_1094-800x600.jpg 800w, https:\/\/thelittlerstravel.com\/wp-content\/uploads\/2020\/07\/IMG_1094-141x106.jpg 141w, https:\/\/thelittlerstravel.com\/wp-content\/uploads\/2020\/07\/IMG_1094-380x285.jpg 380w, https:\/\/thelittlerstravel.com\/wp-content\/uploads\/2020\/07\/IMG_1094-247x186.jpg 247w\" sizes=\"auto, (max-width: 1024px) 100vw, 1024px\" \/><\/figure><\/div><div class=\"coblocks-gallery--item\"><figure class=\"coblocks-gallery--figure has-margin-left-5 has-margin-left-mobile-5 has-margin-right-5 has-margin-right-mobile-5\"><img loading=\"lazy\" decoding=\"async\" width=\"768\" height=\"1024\" src=\"https:\/\/thelittlerstravel.com\/wp-content\/uploads\/2020\/07\/IMG_0175-768x1024.jpg\" alt=\"Interior del Cercle Industrial\" data-id=\"2618\" data-link=\"https:\/\/thelittlerstravel.com\/img_0175\/\" class=\"wp-image-2618\" srcset=\"https:\/\/thelittlerstravel.com\/wp-content\/uploads\/2020\/07\/IMG_0175-768x1024.jpg 768w, https:\/\/thelittlerstravel.com\/wp-content\/uploads\/2020\/07\/IMG_0175-225x300.jpg 225w, https:\/\/thelittlerstravel.com\/wp-content\/uploads\/2020\/07\/IMG_0175-1152x1536.jpg 1152w, https:\/\/thelittlerstravel.com\/wp-content\/uploads\/2020\/07\/IMG_0175-1536x2048.jpg 1536w, https:\/\/thelittlerstravel.com\/wp-content\/uploads\/2020\/07\/IMG_0175-1440x1920.jpg 1440w, https:\/\/thelittlerstravel.com\/wp-content\/uploads\/2020\/07\/IMG_0175-600x800.jpg 600w, https:\/\/thelittlerstravel.com\/wp-content\/uploads\/2020\/07\/IMG_0175-800x1067.jpg 800w, https:\/\/thelittlerstravel.com\/wp-content\/uploads\/2020\/07\/IMG_0175-380x507.jpg 380w, https:\/\/thelittlerstravel.com\/wp-content\/uploads\/2020\/07\/IMG_0175-247x330.jpg 247w, https:\/\/thelittlerstravel.com\/wp-content\/uploads\/2020\/07\/IMG_0175-278x371.jpg 278w\" sizes=\"auto, (max-width: 768px) 100vw, 768px\" \/><\/figure><\/div><\/div><\/div><figcaption class=\"coblocks-gallery--caption coblocks-gallery--primary-caption\">Visita al C\u00edrculo Industrial<\/figcaption><\/div>\n\n\n\n<p>Todav\u00eda subiendo por la misma calle, te encuentras con edificios que te obligan a darte la vuelta, parar y observarlos. Algunos son casas privadas y otros que encontrar\u00e1s, son el <strong>Mercado y la iglesia de San Mauro<\/strong>.<\/p>\n\n\n\n<div aria-label=\"Carousel Gallery\" class=\"wp-block-coblocks-gallery-carousel\"><div class=\"is-cropped coblocks-gallery has-no-alignment has-caption-style-dark has-horizontal-gutter\"><div class=\"has-carousel has-carousel-lrg\" style=\"height:400px\" data-flickity=\"{&quot;autoPlay&quot;:false,&quot;draggable&quot;:true,&quot;pageDots&quot;:false,&quot;prevNextButtons&quot;:true,&quot;wrapAround&quot;:true,&quot;cellAlign&quot;:&quot;center&quot;,&quot;pauseAutoPlayOnHover&quot;:false,&quot;freeScroll&quot;:false,&quot;arrowShape&quot;:{&quot;x0&quot;:10,&quot;x1&quot;:60,&quot;y1&quot;:50,&quot;x2&quot;:65,&quot;y2&quot;:45,&quot;x3&quot;:20},&quot;thumbnails&quot;:false,&quot;responsiveHeight&quot;:false}\"><div class=\"coblocks-gallery--item\"><figure class=\"coblocks-gallery--figure has-margin-left-5 has-margin-left-mobile-5 has-margin-right-5 has-margin-right-mobile-5\"><img loading=\"lazy\" decoding=\"async\" width=\"768\" height=\"1024\" src=\"https:\/\/thelittlerstravel.com\/wp-content\/uploads\/2020\/07\/IMG_4605-768x1024.jpg\" alt=\"Carrer San Nicolau\" data-id=\"2641\" data-link=\"https:\/\/thelittlerstravel.com\/img_4605\/\" class=\"wp-image-2641\" srcset=\"https:\/\/thelittlerstravel.com\/wp-content\/uploads\/2020\/07\/IMG_4605-768x1024.jpg 768w, https:\/\/thelittlerstravel.com\/wp-content\/uploads\/2020\/07\/IMG_4605-225x300.jpg 225w, https:\/\/thelittlerstravel.com\/wp-content\/uploads\/2020\/07\/IMG_4605-1152x1536.jpg 1152w, https:\/\/thelittlerstravel.com\/wp-content\/uploads\/2020\/07\/IMG_4605-1536x2048.jpg 1536w, https:\/\/thelittlerstravel.com\/wp-content\/uploads\/2020\/07\/IMG_4605-1440x1920.jpg 1440w, https:\/\/thelittlerstravel.com\/wp-content\/uploads\/2020\/07\/IMG_4605-600x800.jpg 600w, https:\/\/thelittlerstravel.com\/wp-content\/uploads\/2020\/07\/IMG_4605-800x1067.jpg 800w, https:\/\/thelittlerstravel.com\/wp-content\/uploads\/2020\/07\/IMG_4605-380x507.jpg 380w, https:\/\/thelittlerstravel.com\/wp-content\/uploads\/2020\/07\/IMG_4605-247x330.jpg 247w, https:\/\/thelittlerstravel.com\/wp-content\/uploads\/2020\/07\/IMG_4605-278x371.jpg 278w\" sizes=\"auto, (max-width: 768px) 100vw, 768px\" \/><\/figure><\/div><div class=\"coblocks-gallery--item\"><figure class=\"coblocks-gallery--figure has-margin-left-5 has-margin-left-mobile-5 has-margin-right-5 has-margin-right-mobile-5\"><img loading=\"lazy\" decoding=\"async\" width=\"768\" height=\"1024\" src=\"https:\/\/thelittlerstravel.com\/wp-content\/uploads\/2020\/07\/IMG_3800-768x1024.jpg\" alt=\"Iglesia San Mauro\" data-id=\"2637\" data-link=\"https:\/\/thelittlerstravel.com\/img_3800\/\" class=\"wp-image-2637\" srcset=\"https:\/\/thelittlerstravel.com\/wp-content\/uploads\/2020\/07\/IMG_3800-768x1024.jpg 768w, https:\/\/thelittlerstravel.com\/wp-content\/uploads\/2020\/07\/IMG_3800-225x300.jpg 225w, https:\/\/thelittlerstravel.com\/wp-content\/uploads\/2020\/07\/IMG_3800-1152x1536.jpg 1152w, https:\/\/thelittlerstravel.com\/wp-content\/uploads\/2020\/07\/IMG_3800-1536x2048.jpg 1536w, https:\/\/thelittlerstravel.com\/wp-content\/uploads\/2020\/07\/IMG_3800-1440x1920.jpg 1440w, https:\/\/thelittlerstravel.com\/wp-content\/uploads\/2020\/07\/IMG_3800-600x800.jpg 600w, https:\/\/thelittlerstravel.com\/wp-content\/uploads\/2020\/07\/IMG_3800-800x1067.jpg 800w, https:\/\/thelittlerstravel.com\/wp-content\/uploads\/2020\/07\/IMG_3800-380x507.jpg 380w, https:\/\/thelittlerstravel.com\/wp-content\/uploads\/2020\/07\/IMG_3800-247x330.jpg 247w, https:\/\/thelittlerstravel.com\/wp-content\/uploads\/2020\/07\/IMG_3800-278x371.jpg 278w\" sizes=\"auto, (max-width: 768px) 100vw, 768px\" \/><\/figure><\/div><div class=\"coblocks-gallery--item\"><figure class=\"coblocks-gallery--figure has-margin-left-5 has-margin-left-mobile-5 has-margin-right-5 has-margin-right-mobile-5\"><img loading=\"lazy\" decoding=\"async\" width=\"1024\" height=\"768\" src=\"https:\/\/thelittlerstravel.com\/wp-content\/uploads\/2020\/07\/IMG_6902-1024x768.jpg\" alt=\"Casa Carrer San Nicolau\" data-id=\"2658\" data-link=\"https:\/\/thelittlerstravel.com\/img_6902\/\" class=\"wp-image-2658\" srcset=\"https:\/\/thelittlerstravel.com\/wp-content\/uploads\/2020\/07\/IMG_6902-1024x768.jpg 1024w, https:\/\/thelittlerstravel.com\/wp-content\/uploads\/2020\/07\/IMG_6902-300x225.jpg 300w, https:\/\/thelittlerstravel.com\/wp-content\/uploads\/2020\/07\/IMG_6902-768x576.jpg 768w, https:\/\/thelittlerstravel.com\/wp-content\/uploads\/2020\/07\/IMG_6902-1536x1152.jpg 1536w, https:\/\/thelittlerstravel.com\/wp-content\/uploads\/2020\/07\/IMG_6902-2048x1536.jpg 2048w, https:\/\/thelittlerstravel.com\/wp-content\/uploads\/2020\/07\/IMG_6902-1920x1440.jpg 1920w, https:\/\/thelittlerstravel.com\/wp-content\/uploads\/2020\/07\/IMG_6902-600x450.jpg 600w, https:\/\/thelittlerstravel.com\/wp-content\/uploads\/2020\/07\/IMG_6902-800x600.jpg 800w, https:\/\/thelittlerstravel.com\/wp-content\/uploads\/2020\/07\/IMG_6902-141x106.jpg 141w, https:\/\/thelittlerstravel.com\/wp-content\/uploads\/2020\/07\/IMG_6902-380x285.jpg 380w, https:\/\/thelittlerstravel.com\/wp-content\/uploads\/2020\/07\/IMG_6902-247x186.jpg 247w\" sizes=\"auto, (max-width: 1024px) 100vw, 1024px\" \/><\/figure><\/div><\/div><\/div><figcaption class=\"coblocks-gallery--caption coblocks-gallery--primary-caption\">Carrer Sant Nicolau<\/figcaption><\/div>\n\n\n\n<p>En la parte m\u00e1s alta de la calle encontramos <strong>La Glorieta<\/strong>, un parque en el coraz\u00f3n de la ciudad con un estanque con patos, un agradable paseo y una marquesina en la que todos los alcoyanos tenemos una foto y que si vienes a Alcoy, tendr\u00e1s que hacerte la foto de rigor, es una cosa as\u00ed como el photocall alcoyano.<\/p>\n\n\n\n<div aria-label=\"Carousel Gallery\" class=\"wp-block-coblocks-gallery-carousel has-responsive-height\"><div class=\"is-cropped coblocks-gallery has-no-alignment has-caption-style-dark has-horizontal-gutter has-lightbox\"><div class=\"has-carousel has-carousel-lrg has-aligned-cells\" data-flickity=\"{&quot;autoPlay&quot;:false,&quot;draggable&quot;:true,&quot;pageDots&quot;:false,&quot;prevNextButtons&quot;:true,&quot;wrapAround&quot;:true,&quot;cellAlign&quot;:&quot;left&quot;,&quot;pauseAutoPlayOnHover&quot;:false,&quot;freeScroll&quot;:false,&quot;arrowShape&quot;:{&quot;x0&quot;:10,&quot;x1&quot;:60,&quot;y1&quot;:50,&quot;x2&quot;:65,&quot;y2&quot;:45,&quot;x3&quot;:20},&quot;thumbnails&quot;:false,&quot;responsiveHeight&quot;:true}\"><div class=\"coblocks-gallery--item\"><figure class=\"coblocks-gallery--figure has-margin-left-5 has-margin-left-mobile-5 has-margin-right-5 has-margin-right-mobile-5\"><img loading=\"lazy\" decoding=\"async\" width=\"1024\" height=\"768\" src=\"https:\/\/thelittlerstravel.com\/wp-content\/uploads\/2020\/07\/IMG_2378-1024x768.jpg\" alt=\"Parque La Glorieta\" data-id=\"2628\" data-link=\"https:\/\/thelittlerstravel.com\/img_2378\/\" class=\"wp-image-2628\" srcset=\"https:\/\/thelittlerstravel.com\/wp-content\/uploads\/2020\/07\/IMG_2378-1024x768.jpg 1024w, https:\/\/thelittlerstravel.com\/wp-content\/uploads\/2020\/07\/IMG_2378-300x225.jpg 300w, https:\/\/thelittlerstravel.com\/wp-content\/uploads\/2020\/07\/IMG_2378-768x576.jpg 768w, https:\/\/thelittlerstravel.com\/wp-content\/uploads\/2020\/07\/IMG_2378-1536x1152.jpg 1536w, https:\/\/thelittlerstravel.com\/wp-content\/uploads\/2020\/07\/IMG_2378-2048x1536.jpg 2048w, https:\/\/thelittlerstravel.com\/wp-content\/uploads\/2020\/07\/IMG_2378-1920x1440.jpg 1920w, https:\/\/thelittlerstravel.com\/wp-content\/uploads\/2020\/07\/IMG_2378-600x450.jpg 600w, https:\/\/thelittlerstravel.com\/wp-content\/uploads\/2020\/07\/IMG_2378-800x600.jpg 800w, https:\/\/thelittlerstravel.com\/wp-content\/uploads\/2020\/07\/IMG_2378-141x106.jpg 141w, https:\/\/thelittlerstravel.com\/wp-content\/uploads\/2020\/07\/IMG_2378-380x285.jpg 380w, https:\/\/thelittlerstravel.com\/wp-content\/uploads\/2020\/07\/IMG_2378-247x186.jpg 247w\" sizes=\"auto, (max-width: 1024px) 100vw, 1024px\" \/><\/figure><\/div><div class=\"coblocks-gallery--item\"><figure class=\"coblocks-gallery--figure has-margin-left-5 has-margin-left-mobile-5 has-margin-right-5 has-margin-right-mobile-5\"><img loading=\"lazy\" decoding=\"async\" width=\"768\" height=\"1024\" src=\"https:\/\/thelittlerstravel.com\/wp-content\/uploads\/2020\/07\/IMG_5130-1-768x1024.jpg\" alt=\"Marquesina Parque La Glorieta\" data-id=\"2712\" data-link=\"https:\/\/thelittlerstravel.com\/img_5130-2\/\" class=\"wp-image-2712\" srcset=\"https:\/\/thelittlerstravel.com\/wp-content\/uploads\/2020\/07\/IMG_5130-1-768x1024.jpg 768w, https:\/\/thelittlerstravel.com\/wp-content\/uploads\/2020\/07\/IMG_5130-1-225x300.jpg 225w, https:\/\/thelittlerstravel.com\/wp-content\/uploads\/2020\/07\/IMG_5130-1-1152x1536.jpg 1152w, https:\/\/thelittlerstravel.com\/wp-content\/uploads\/2020\/07\/IMG_5130-1-1536x2048.jpg 1536w, https:\/\/thelittlerstravel.com\/wp-content\/uploads\/2020\/07\/IMG_5130-1-1440x1920.jpg 1440w, https:\/\/thelittlerstravel.com\/wp-content\/uploads\/2020\/07\/IMG_5130-1-600x800.jpg 600w, https:\/\/thelittlerstravel.com\/wp-content\/uploads\/2020\/07\/IMG_5130-1-800x1067.jpg 800w, https:\/\/thelittlerstravel.com\/wp-content\/uploads\/2020\/07\/IMG_5130-1-380x507.jpg 380w, https:\/\/thelittlerstravel.com\/wp-content\/uploads\/2020\/07\/IMG_5130-1-247x330.jpg 247w, https:\/\/thelittlerstravel.com\/wp-content\/uploads\/2020\/07\/IMG_5130-1-278x371.jpg 278w\" sizes=\"auto, (max-width: 768px) 100vw, 768px\" \/><\/figure><\/div><div class=\"coblocks-gallery--item\"><figure class=\"coblocks-gallery--figure has-margin-left-5 has-margin-left-mobile-5 has-margin-right-5 has-margin-right-mobile-5\"><img loading=\"lazy\" decoding=\"async\" width=\"1024\" height=\"768\" src=\"https:\/\/thelittlerstravel.com\/wp-content\/uploads\/2020\/07\/IMG_9490-1024x768.jpg\" alt=\"Fuente Parque La Glorieta\" data-id=\"2677\" data-link=\"https:\/\/thelittlerstravel.com\/img_9490\/\" class=\"wp-image-2677\" srcset=\"https:\/\/thelittlerstravel.com\/wp-content\/uploads\/2020\/07\/IMG_9490-1024x768.jpg 1024w, https:\/\/thelittlerstravel.com\/wp-content\/uploads\/2020\/07\/IMG_9490-300x225.jpg 300w, https:\/\/thelittlerstravel.com\/wp-content\/uploads\/2020\/07\/IMG_9490-768x576.jpg 768w, https:\/\/thelittlerstravel.com\/wp-content\/uploads\/2020\/07\/IMG_9490-1536x1152.jpg 1536w, https:\/\/thelittlerstravel.com\/wp-content\/uploads\/2020\/07\/IMG_9490-2048x1536.jpg 2048w, https:\/\/thelittlerstravel.com\/wp-content\/uploads\/2020\/07\/IMG_9490-1920x1440.jpg 1920w, https:\/\/thelittlerstravel.com\/wp-content\/uploads\/2020\/07\/IMG_9490-600x450.jpg 600w, https:\/\/thelittlerstravel.com\/wp-content\/uploads\/2020\/07\/IMG_9490-800x600.jpg 800w, https:\/\/thelittlerstravel.com\/wp-content\/uploads\/2020\/07\/IMG_9490-141x106.jpg 141w, https:\/\/thelittlerstravel.com\/wp-content\/uploads\/2020\/07\/IMG_9490-380x285.jpg 380w, https:\/\/thelittlerstravel.com\/wp-content\/uploads\/2020\/07\/IMG_9490-247x186.jpg 247w\" sizes=\"auto, (max-width: 1024px) 100vw, 1024px\" \/><\/figure><\/div><div class=\"coblocks-gallery--item\"><figure class=\"coblocks-gallery--figure has-margin-left-5 has-margin-left-mobile-5 has-margin-right-5 has-margin-right-mobile-5\"><img loading=\"lazy\" decoding=\"async\" width=\"1024\" height=\"768\" src=\"https:\/\/thelittlerstravel.com\/wp-content\/uploads\/2020\/07\/IMG_3404-1024x768.jpg\" alt=\"Parque de La Glorieta\" data-id=\"2633\" data-link=\"https:\/\/thelittlerstravel.com\/img_3404\/\" class=\"wp-image-2633\" srcset=\"https:\/\/thelittlerstravel.com\/wp-content\/uploads\/2020\/07\/IMG_3404-1024x768.jpg 1024w, https:\/\/thelittlerstravel.com\/wp-content\/uploads\/2020\/07\/IMG_3404-300x225.jpg 300w, https:\/\/thelittlerstravel.com\/wp-content\/uploads\/2020\/07\/IMG_3404-768x576.jpg 768w, https:\/\/thelittlerstravel.com\/wp-content\/uploads\/2020\/07\/IMG_3404-1536x1152.jpg 1536w, https:\/\/thelittlerstravel.com\/wp-content\/uploads\/2020\/07\/IMG_3404-2048x1536.jpg 2048w, https:\/\/thelittlerstravel.com\/wp-content\/uploads\/2020\/07\/IMG_3404-1920x1440.jpg 1920w, https:\/\/thelittlerstravel.com\/wp-content\/uploads\/2020\/07\/IMG_3404-600x450.jpg 600w, https:\/\/thelittlerstravel.com\/wp-content\/uploads\/2020\/07\/IMG_3404-800x600.jpg 800w, https:\/\/thelittlerstravel.com\/wp-content\/uploads\/2020\/07\/IMG_3404-141x106.jpg 141w, https:\/\/thelittlerstravel.com\/wp-content\/uploads\/2020\/07\/IMG_3404-380x285.jpg 380w, https:\/\/thelittlerstravel.com\/wp-content\/uploads\/2020\/07\/IMG_3404-247x186.jpg 247w\" sizes=\"auto, (max-width: 1024px) 100vw, 1024px\" \/><\/figure><\/div><\/div><\/div><figcaption class=\"coblocks-gallery--caption coblocks-gallery--primary-caption\">Parque de La Glorieta<\/figcaption><\/div>\n\n\n\n<h3 class=\"has-trawell-cat-2-color has-text-color wp-block-heading\" id=\"callejeando\"><span class=\"ez-toc-section\" id=\"Callejeando\"><\/span>Callejeando<span class=\"ez-toc-section-end\"><\/span><\/h3>\n\n\n\n<p>A continuaci\u00f3n, salimos de la Glorieta por la puerta contraria a la de entrada y nos dirigimos a la <strong>cuesta del Gurug\u00fa<\/strong>, una cuesta conocida por ser muy empinada, donde la bajada es complicada, la subida tediosa y la aparcada de coches, solo apta para profesionales.<br>A los pies de esta cuesta, puedes ver el edificio del Monte de Piedad y m\u00e1s arriba, la <strong>Plaza Ferr\u00e1ndiz i Carbonell<\/strong>, donde ahora se encuentra la Universidad Polit\u00e9cnica de Alcoy.<\/p>\n\n\n\n<div aria-label=\"Carousel Gallery\" class=\"wp-block-coblocks-gallery-carousel has-responsive-height\"><div class=\"is-cropped coblocks-gallery has-no-alignment has-caption-style-dark has-horizontal-gutter has-lightbox\"><div class=\"has-carousel has-carousel-lrg has-aligned-cells\" data-flickity=\"{&quot;autoPlay&quot;:false,&quot;draggable&quot;:true,&quot;pageDots&quot;:false,&quot;prevNextButtons&quot;:true,&quot;wrapAround&quot;:true,&quot;cellAlign&quot;:&quot;left&quot;,&quot;pauseAutoPlayOnHover&quot;:false,&quot;freeScroll&quot;:false,&quot;arrowShape&quot;:{&quot;x0&quot;:10,&quot;x1&quot;:60,&quot;y1&quot;:50,&quot;x2&quot;:65,&quot;y2&quot;:45,&quot;x3&quot;:20},&quot;thumbnails&quot;:false,&quot;responsiveHeight&quot;:true}\"><div class=\"coblocks-gallery--item\"><figure class=\"coblocks-gallery--figure has-margin-left-5 has-margin-left-mobile-5 has-margin-right-5 has-margin-right-mobile-5\"><img loading=\"lazy\" decoding=\"async\" width=\"1024\" height=\"768\" src=\"https:\/\/thelittlerstravel.com\/wp-content\/uploads\/2020\/07\/IMG_0636-2-1024x768.jpg\" alt=\"Plaza Ferrandis i Carbonell Universidad\" data-id=\"2619\" data-link=\"https:\/\/thelittlerstravel.com\/img_0636-2\/\" class=\"wp-image-2619\" srcset=\"https:\/\/thelittlerstravel.com\/wp-content\/uploads\/2020\/07\/IMG_0636-2-1024x768.jpg 1024w, https:\/\/thelittlerstravel.com\/wp-content\/uploads\/2020\/07\/IMG_0636-2-300x225.jpg 300w, https:\/\/thelittlerstravel.com\/wp-content\/uploads\/2020\/07\/IMG_0636-2-768x576.jpg 768w, https:\/\/thelittlerstravel.com\/wp-content\/uploads\/2020\/07\/IMG_0636-2-1536x1152.jpg 1536w, https:\/\/thelittlerstravel.com\/wp-content\/uploads\/2020\/07\/IMG_0636-2-2048x1536.jpg 2048w, https:\/\/thelittlerstravel.com\/wp-content\/uploads\/2020\/07\/IMG_0636-2-1920x1440.jpg 1920w, https:\/\/thelittlerstravel.com\/wp-content\/uploads\/2020\/07\/IMG_0636-2-600x450.jpg 600w, https:\/\/thelittlerstravel.com\/wp-content\/uploads\/2020\/07\/IMG_0636-2-800x600.jpg 800w, https:\/\/thelittlerstravel.com\/wp-content\/uploads\/2020\/07\/IMG_0636-2-141x106.jpg 141w, https:\/\/thelittlerstravel.com\/wp-content\/uploads\/2020\/07\/IMG_0636-2-380x285.jpg 380w, https:\/\/thelittlerstravel.com\/wp-content\/uploads\/2020\/07\/IMG_0636-2-247x186.jpg 247w\" sizes=\"auto, (max-width: 1024px) 100vw, 1024px\" \/><\/figure><\/div><div class=\"coblocks-gallery--item\"><figure class=\"coblocks-gallery--figure has-margin-left-5 has-margin-left-mobile-5 has-margin-right-5 has-margin-right-mobile-5\"><img loading=\"lazy\" decoding=\"async\" width=\"768\" height=\"1024\" src=\"https:\/\/thelittlerstravel.com\/wp-content\/uploads\/2020\/07\/IMG_6511-768x1024.jpg\" alt=\"Monte de Piedad\" data-id=\"2654\" data-link=\"https:\/\/thelittlerstravel.com\/img_6511\/\" class=\"wp-image-2654\" srcset=\"https:\/\/thelittlerstravel.com\/wp-content\/uploads\/2020\/07\/IMG_6511-768x1024.jpg 768w, https:\/\/thelittlerstravel.com\/wp-content\/uploads\/2020\/07\/IMG_6511-225x300.jpg 225w, https:\/\/thelittlerstravel.com\/wp-content\/uploads\/2020\/07\/IMG_6511-1152x1536.jpg 1152w, https:\/\/thelittlerstravel.com\/wp-content\/uploads\/2020\/07\/IMG_6511-1536x2048.jpg 1536w, https:\/\/thelittlerstravel.com\/wp-content\/uploads\/2020\/07\/IMG_6511-1440x1920.jpg 1440w, https:\/\/thelittlerstravel.com\/wp-content\/uploads\/2020\/07\/IMG_6511-600x800.jpg 600w, https:\/\/thelittlerstravel.com\/wp-content\/uploads\/2020\/07\/IMG_6511-800x1067.jpg 800w, https:\/\/thelittlerstravel.com\/wp-content\/uploads\/2020\/07\/IMG_6511-380x507.jpg 380w, https:\/\/thelittlerstravel.com\/wp-content\/uploads\/2020\/07\/IMG_6511-247x330.jpg 247w, https:\/\/thelittlerstravel.com\/wp-content\/uploads\/2020\/07\/IMG_6511-278x371.jpg 278w\" sizes=\"auto, (max-width: 768px) 100vw, 768px\" \/><\/figure><\/div><div class=\"coblocks-gallery--item\"><figure class=\"coblocks-gallery--figure has-margin-left-5 has-margin-left-mobile-5 has-margin-right-5 has-margin-right-mobile-5\"><img loading=\"lazy\" decoding=\"async\" width=\"768\" height=\"1024\" src=\"https:\/\/thelittlerstravel.com\/wp-content\/uploads\/2020\/07\/IMG_7161-768x1024.jpg\" alt=\"\" data-id=\"2663\" data-link=\"https:\/\/thelittlerstravel.com\/img_7161\/\" class=\"wp-image-2663\" srcset=\"https:\/\/thelittlerstravel.com\/wp-content\/uploads\/2020\/07\/IMG_7161-768x1024.jpg 768w, https:\/\/thelittlerstravel.com\/wp-content\/uploads\/2020\/07\/IMG_7161-225x300.jpg 225w, https:\/\/thelittlerstravel.com\/wp-content\/uploads\/2020\/07\/IMG_7161-1152x1536.jpg 1152w, https:\/\/thelittlerstravel.com\/wp-content\/uploads\/2020\/07\/IMG_7161-1536x2048.jpg 1536w, https:\/\/thelittlerstravel.com\/wp-content\/uploads\/2020\/07\/IMG_7161-1440x1920.jpg 1440w, https:\/\/thelittlerstravel.com\/wp-content\/uploads\/2020\/07\/IMG_7161-600x800.jpg 600w, https:\/\/thelittlerstravel.com\/wp-content\/uploads\/2020\/07\/IMG_7161-800x1067.jpg 800w, https:\/\/thelittlerstravel.com\/wp-content\/uploads\/2020\/07\/IMG_7161-380x507.jpg 380w, https:\/\/thelittlerstravel.com\/wp-content\/uploads\/2020\/07\/IMG_7161-247x330.jpg 247w, https:\/\/thelittlerstravel.com\/wp-content\/uploads\/2020\/07\/IMG_7161-278x371.jpg 278w\" sizes=\"auto, (max-width: 768px) 100vw, 768px\" \/><\/figure><\/div><div class=\"coblocks-gallery--item\"><figure class=\"coblocks-gallery--figure has-margin-left-5 has-margin-left-mobile-5 has-margin-right-5 has-margin-right-mobile-5\"><img loading=\"lazy\" decoding=\"async\" width=\"768\" height=\"1024\" src=\"https:\/\/thelittlerstravel.com\/wp-content\/uploads\/2020\/07\/IMG_7182-768x1024.jpg\" alt=\"\" data-id=\"2665\" data-link=\"https:\/\/thelittlerstravel.com\/img_7182\/\" class=\"wp-image-2665\" srcset=\"https:\/\/thelittlerstravel.com\/wp-content\/uploads\/2020\/07\/IMG_7182-768x1024.jpg 768w, https:\/\/thelittlerstravel.com\/wp-content\/uploads\/2020\/07\/IMG_7182-225x300.jpg 225w, https:\/\/thelittlerstravel.com\/wp-content\/uploads\/2020\/07\/IMG_7182-1152x1536.jpg 1152w, https:\/\/thelittlerstravel.com\/wp-content\/uploads\/2020\/07\/IMG_7182-1536x2048.jpg 1536w, https:\/\/thelittlerstravel.com\/wp-content\/uploads\/2020\/07\/IMG_7182-1440x1920.jpg 1440w, https:\/\/thelittlerstravel.com\/wp-content\/uploads\/2020\/07\/IMG_7182-600x800.jpg 600w, https:\/\/thelittlerstravel.com\/wp-content\/uploads\/2020\/07\/IMG_7182-800x1067.jpg 800w, https:\/\/thelittlerstravel.com\/wp-content\/uploads\/2020\/07\/IMG_7182-380x507.jpg 380w, https:\/\/thelittlerstravel.com\/wp-content\/uploads\/2020\/07\/IMG_7182-247x330.jpg 247w, https:\/\/thelittlerstravel.com\/wp-content\/uploads\/2020\/07\/IMG_7182-278x371.jpg 278w\" sizes=\"auto, (max-width: 768px) 100vw, 768px\" \/><\/figure><\/div><\/div><\/div><figcaption class=\"coblocks-gallery--caption coblocks-gallery--primary-caption\">Plaza Ferr\u00e1ndiz i Carbonell &#8211; Universidad de Alcoy<\/figcaption><\/div>\n\n\n\n<p>Continuamos por la calle y nos paramos en el <strong>Conservatorio de M\u00fasica y Danza<\/strong>, un edificio para no dejarle de sacar fotos. Si tienes suerte y est\u00e1 abierto, podr\u00e1s ver la magn\u00edfica escalinata.<\/p>\n\n\n\n<div aria-label=\"Carousel Gallery\" class=\"wp-block-coblocks-gallery-carousel has-responsive-height\"><div class=\"is-cropped coblocks-gallery has-no-alignment has-caption-style-dark has-horizontal-gutter has-lightbox\"><div class=\"has-carousel has-carousel-lrg has-aligned-cells\" data-flickity=\"{&quot;autoPlay&quot;:false,&quot;draggable&quot;:true,&quot;pageDots&quot;:false,&quot;prevNextButtons&quot;:true,&quot;wrapAround&quot;:true,&quot;cellAlign&quot;:&quot;left&quot;,&quot;pauseAutoPlayOnHover&quot;:false,&quot;freeScroll&quot;:false,&quot;arrowShape&quot;:{&quot;x0&quot;:10,&quot;x1&quot;:60,&quot;y1&quot;:50,&quot;x2&quot;:65,&quot;y2&quot;:45,&quot;x3&quot;:20},&quot;thumbnails&quot;:false,&quot;responsiveHeight&quot;:true}\"><div class=\"coblocks-gallery--item\"><figure class=\"coblocks-gallery--figure has-margin-left-5 has-margin-left-mobile-5 has-margin-right-5 has-margin-right-mobile-5\"><img loading=\"lazy\" decoding=\"async\" width=\"768\" height=\"1024\" src=\"https:\/\/thelittlerstravel.com\/wp-content\/uploads\/2020\/07\/IMG_1877-768x1024.jpg\" alt=\"Conservatori de M\u00fasica i Dan\u00e7a\" data-id=\"2622\" data-link=\"https:\/\/thelittlerstravel.com\/img_1877\/\" class=\"wp-image-2622\" srcset=\"https:\/\/thelittlerstravel.com\/wp-content\/uploads\/2020\/07\/IMG_1877-768x1024.jpg 768w, https:\/\/thelittlerstravel.com\/wp-content\/uploads\/2020\/07\/IMG_1877-225x300.jpg 225w, https:\/\/thelittlerstravel.com\/wp-content\/uploads\/2020\/07\/IMG_1877-1152x1536.jpg 1152w, https:\/\/thelittlerstravel.com\/wp-content\/uploads\/2020\/07\/IMG_1877-1536x2048.jpg 1536w, https:\/\/thelittlerstravel.com\/wp-content\/uploads\/2020\/07\/IMG_1877-1440x1920.jpg 1440w, https:\/\/thelittlerstravel.com\/wp-content\/uploads\/2020\/07\/IMG_1877-600x800.jpg 600w, https:\/\/thelittlerstravel.com\/wp-content\/uploads\/2020\/07\/IMG_1877-800x1067.jpg 800w, https:\/\/thelittlerstravel.com\/wp-content\/uploads\/2020\/07\/IMG_1877-380x507.jpg 380w, https:\/\/thelittlerstravel.com\/wp-content\/uploads\/2020\/07\/IMG_1877-247x330.jpg 247w, https:\/\/thelittlerstravel.com\/wp-content\/uploads\/2020\/07\/IMG_1877-278x371.jpg 278w\" sizes=\"auto, (max-width: 768px) 100vw, 768px\" \/><\/figure><\/div><div class=\"coblocks-gallery--item\"><figure class=\"coblocks-gallery--figure has-margin-left-5 has-margin-left-mobile-5 has-margin-right-5 has-margin-right-mobile-5\"><img loading=\"lazy\" decoding=\"async\" width=\"768\" height=\"1024\" src=\"https:\/\/thelittlerstravel.com\/wp-content\/uploads\/2020\/07\/IMG_4453-768x1024.jpg\" alt=\"Conservatori de M\u00fasica i Dan\u00e7a\" data-id=\"2640\" data-link=\"https:\/\/thelittlerstravel.com\/img_4453\/\" class=\"wp-image-2640\" srcset=\"https:\/\/thelittlerstravel.com\/wp-content\/uploads\/2020\/07\/IMG_4453-768x1024.jpg 768w, https:\/\/thelittlerstravel.com\/wp-content\/uploads\/2020\/07\/IMG_4453-225x300.jpg 225w, https:\/\/thelittlerstravel.com\/wp-content\/uploads\/2020\/07\/IMG_4453-1152x1536.jpg 1152w, https:\/\/thelittlerstravel.com\/wp-content\/uploads\/2020\/07\/IMG_4453-1536x2048.jpg 1536w, https:\/\/thelittlerstravel.com\/wp-content\/uploads\/2020\/07\/IMG_4453-1440x1920.jpg 1440w, https:\/\/thelittlerstravel.com\/wp-content\/uploads\/2020\/07\/IMG_4453-600x800.jpg 600w, https:\/\/thelittlerstravel.com\/wp-content\/uploads\/2020\/07\/IMG_4453-800x1067.jpg 800w, https:\/\/thelittlerstravel.com\/wp-content\/uploads\/2020\/07\/IMG_4453-380x507.jpg 380w, https:\/\/thelittlerstravel.com\/wp-content\/uploads\/2020\/07\/IMG_4453-247x330.jpg 247w, https:\/\/thelittlerstravel.com\/wp-content\/uploads\/2020\/07\/IMG_4453-278x371.jpg 278w\" sizes=\"auto, (max-width: 768px) 100vw, 768px\" \/><\/figure><\/div><div class=\"coblocks-gallery--item\"><figure class=\"coblocks-gallery--figure has-margin-left-5 has-margin-left-mobile-5 has-margin-right-5 has-margin-right-mobile-5\"><img loading=\"lazy\" decoding=\"async\" width=\"768\" height=\"1024\" src=\"https:\/\/thelittlerstravel.com\/wp-content\/uploads\/2020\/07\/IMG_0847-768x1024.jpg\" alt=\"Conservatorio de M\u00fasica y Danza\" data-id=\"2620\" data-link=\"https:\/\/thelittlerstravel.com\/img_0847\/\" class=\"wp-image-2620\" srcset=\"https:\/\/thelittlerstravel.com\/wp-content\/uploads\/2020\/07\/IMG_0847-768x1024.jpg 768w, https:\/\/thelittlerstravel.com\/wp-content\/uploads\/2020\/07\/IMG_0847-225x300.jpg 225w, https:\/\/thelittlerstravel.com\/wp-content\/uploads\/2020\/07\/IMG_0847-1152x1536.jpg 1152w, https:\/\/thelittlerstravel.com\/wp-content\/uploads\/2020\/07\/IMG_0847-1536x2048.jpg 1536w, https:\/\/thelittlerstravel.com\/wp-content\/uploads\/2020\/07\/IMG_0847-1440x1920.jpg 1440w, https:\/\/thelittlerstravel.com\/wp-content\/uploads\/2020\/07\/IMG_0847-600x800.jpg 600w, https:\/\/thelittlerstravel.com\/wp-content\/uploads\/2020\/07\/IMG_0847-800x1067.jpg 800w, https:\/\/thelittlerstravel.com\/wp-content\/uploads\/2020\/07\/IMG_0847-380x507.jpg 380w, https:\/\/thelittlerstravel.com\/wp-content\/uploads\/2020\/07\/IMG_0847-247x330.jpg 247w, https:\/\/thelittlerstravel.com\/wp-content\/uploads\/2020\/07\/IMG_0847-278x371.jpg 278w\" sizes=\"auto, (max-width: 768px) 100vw, 768px\" \/><\/figure><\/div><div class=\"coblocks-gallery--item\"><figure class=\"coblocks-gallery--figure has-margin-left-5 has-margin-left-mobile-5 has-margin-right-5 has-margin-right-mobile-5\"><img loading=\"lazy\" decoding=\"async\" width=\"768\" height=\"1024\" src=\"https:\/\/thelittlerstravel.com\/wp-content\/uploads\/2020\/07\/IMG_4983-768x1024.jpg\" alt=\"Conservatorio de M\u00fasica y Danza\" data-id=\"2646\" data-link=\"https:\/\/thelittlerstravel.com\/img_4983\/\" class=\"wp-image-2646\" srcset=\"https:\/\/thelittlerstravel.com\/wp-content\/uploads\/2020\/07\/IMG_4983-768x1024.jpg 768w, https:\/\/thelittlerstravel.com\/wp-content\/uploads\/2020\/07\/IMG_4983-225x300.jpg 225w, https:\/\/thelittlerstravel.com\/wp-content\/uploads\/2020\/07\/IMG_4983-1152x1536.jpg 1152w, https:\/\/thelittlerstravel.com\/wp-content\/uploads\/2020\/07\/IMG_4983-1536x2048.jpg 1536w, https:\/\/thelittlerstravel.com\/wp-content\/uploads\/2020\/07\/IMG_4983-1440x1920.jpg 1440w, https:\/\/thelittlerstravel.com\/wp-content\/uploads\/2020\/07\/IMG_4983-600x800.jpg 600w, https:\/\/thelittlerstravel.com\/wp-content\/uploads\/2020\/07\/IMG_4983-800x1067.jpg 800w, https:\/\/thelittlerstravel.com\/wp-content\/uploads\/2020\/07\/IMG_4983-380x507.jpg 380w, https:\/\/thelittlerstravel.com\/wp-content\/uploads\/2020\/07\/IMG_4983-247x330.jpg 247w, https:\/\/thelittlerstravel.com\/wp-content\/uploads\/2020\/07\/IMG_4983-278x371.jpg 278w\" sizes=\"auto, (max-width: 768px) 100vw, 768px\" \/><\/figure><\/div><\/div><\/div><figcaption class=\"coblocks-gallery--caption coblocks-gallery--primary-caption\">Conservatorio de M\u00fasica y Danza<\/figcaption><\/div>\n\n\n\n<p>Y para terminar, el <strong>Parterre<\/strong> y la <strong>Calle San Lorenzo\/Sant Lloren\u00e7 <\/strong>que te llevar\u00e1 de vuelta a la Plaza de Espa\u00f1a.<\/p>\n\n\n\n<div aria-label=\"Carousel Gallery\" class=\"wp-block-coblocks-gallery-carousel has-responsive-height\"><div class=\"is-cropped coblocks-gallery has-no-alignment has-caption-style-dark has-horizontal-gutter has-lightbox\"><div class=\"has-carousel has-carousel-lrg has-aligned-cells\" data-flickity=\"{&quot;autoPlay&quot;:false,&quot;draggable&quot;:true,&quot;pageDots&quot;:false,&quot;prevNextButtons&quot;:true,&quot;wrapAround&quot;:true,&quot;cellAlign&quot;:&quot;left&quot;,&quot;pauseAutoPlayOnHover&quot;:false,&quot;freeScroll&quot;:false,&quot;arrowShape&quot;:{&quot;x0&quot;:10,&quot;x1&quot;:60,&quot;y1&quot;:50,&quot;x2&quot;:65,&quot;y2&quot;:45,&quot;x3&quot;:20},&quot;thumbnails&quot;:false,&quot;responsiveHeight&quot;:true}\"><div class=\"coblocks-gallery--item\"><figure class=\"coblocks-gallery--figure has-margin-left-5 has-margin-left-mobile-5 has-margin-right-5 has-margin-right-mobile-5\"><img loading=\"lazy\" decoding=\"async\" width=\"768\" height=\"1024\" src=\"https:\/\/thelittlerstravel.com\/wp-content\/uploads\/2020\/07\/IMG_6710-768x1024.jpg\" alt=\"Parterre de Carrer Sant Lloren\u00e7\" data-id=\"2657\" data-link=\"https:\/\/thelittlerstravel.com\/img_6710\/\" class=\"wp-image-2657\" srcset=\"https:\/\/thelittlerstravel.com\/wp-content\/uploads\/2020\/07\/IMG_6710-768x1024.jpg 768w, https:\/\/thelittlerstravel.com\/wp-content\/uploads\/2020\/07\/IMG_6710-225x300.jpg 225w, https:\/\/thelittlerstravel.com\/wp-content\/uploads\/2020\/07\/IMG_6710-1152x1536.jpg 1152w, https:\/\/thelittlerstravel.com\/wp-content\/uploads\/2020\/07\/IMG_6710-1536x2048.jpg 1536w, https:\/\/thelittlerstravel.com\/wp-content\/uploads\/2020\/07\/IMG_6710-1440x1920.jpg 1440w, https:\/\/thelittlerstravel.com\/wp-content\/uploads\/2020\/07\/IMG_6710-600x800.jpg 600w, https:\/\/thelittlerstravel.com\/wp-content\/uploads\/2020\/07\/IMG_6710-800x1067.jpg 800w, https:\/\/thelittlerstravel.com\/wp-content\/uploads\/2020\/07\/IMG_6710-380x507.jpg 380w, https:\/\/thelittlerstravel.com\/wp-content\/uploads\/2020\/07\/IMG_6710-247x330.jpg 247w, https:\/\/thelittlerstravel.com\/wp-content\/uploads\/2020\/07\/IMG_6710-278x371.jpg 278w\" sizes=\"auto, (max-width: 768px) 100vw, 768px\" \/><\/figure><\/div><div class=\"coblocks-gallery--item\"><figure class=\"coblocks-gallery--figure has-margin-left-5 has-margin-left-mobile-5 has-margin-right-5 has-margin-right-mobile-5\"><img loading=\"lazy\" decoding=\"async\" width=\"768\" height=\"1024\" src=\"https:\/\/thelittlerstravel.com\/wp-content\/uploads\/2020\/07\/IMG_2003-768x1024.jpg\" alt=\"Casa de Carrer Sant Lloren\u00e7\" data-id=\"2625\" data-link=\"https:\/\/thelittlerstravel.com\/img_2003\/\" class=\"wp-image-2625\" srcset=\"https:\/\/thelittlerstravel.com\/wp-content\/uploads\/2020\/07\/IMG_2003-768x1024.jpg 768w, https:\/\/thelittlerstravel.com\/wp-content\/uploads\/2020\/07\/IMG_2003-225x300.jpg 225w, https:\/\/thelittlerstravel.com\/wp-content\/uploads\/2020\/07\/IMG_2003-1152x1536.jpg 1152w, https:\/\/thelittlerstravel.com\/wp-content\/uploads\/2020\/07\/IMG_2003-1536x2048.jpg 1536w, https:\/\/thelittlerstravel.com\/wp-content\/uploads\/2020\/07\/IMG_2003-1440x1920.jpg 1440w, https:\/\/thelittlerstravel.com\/wp-content\/uploads\/2020\/07\/IMG_2003-600x800.jpg 600w, https:\/\/thelittlerstravel.com\/wp-content\/uploads\/2020\/07\/IMG_2003-800x1067.jpg 800w, https:\/\/thelittlerstravel.com\/wp-content\/uploads\/2020\/07\/IMG_2003-380x507.jpg 380w, https:\/\/thelittlerstravel.com\/wp-content\/uploads\/2020\/07\/IMG_2003-247x330.jpg 247w, https:\/\/thelittlerstravel.com\/wp-content\/uploads\/2020\/07\/IMG_2003-278x371.jpg 278w\" sizes=\"auto, (max-width: 768px) 100vw, 768px\" \/><\/figure><\/div><\/div><\/div><figcaption class=\"coblocks-gallery--caption coblocks-gallery--primary-caption\">Carrer Sant Lloren\u00e7<\/figcaption><\/div>\n\n\n\n<p>Este tour nos encant\u00f3, los gu\u00edas m\u00e1s que preparados, nos llevaron por todas las calles mientras nos contaban la historia, la tradici\u00f3n, costumbres y los pilares de la ciudad de Alcoy. Si quer\u00e9is reservar un tour en Alcoy, os recomendamos que ech\u00e9is un vistazo a su web <strong><a href=\"https:\/\/www.qtmariola.com\/\">Quality Tours Mariola<\/a><\/strong>, seguro que encontr\u00e1is la excursi\u00f3n que est\u00e1is buscando, ya que con ellos puedes incluso hacer una visita al cementerio, donde encontrar\u00e1s esculturas y catacumbas que muy lejos de asustarte, te sorprender\u00e1n. A nosotros nos encanto!<\/p>\n\n\n\n<div class=\"wp-block-image\"><figure class=\"aligncenter size-large is-resized\"><img loading=\"lazy\" decoding=\"async\" src=\"https:\/\/thelittlerstravel.com\/wp-content\/uploads\/2020\/07\/IMG_1017-768x1024.jpg\" alt=\"\" class=\"wp-image-2687\" width=\"267\" height=\"357\" srcset=\"https:\/\/thelittlerstravel.com\/wp-content\/uploads\/2020\/07\/IMG_1017-768x1024.jpg 768w, https:\/\/thelittlerstravel.com\/wp-content\/uploads\/2020\/07\/IMG_1017-225x300.jpg 225w, https:\/\/thelittlerstravel.com\/wp-content\/uploads\/2020\/07\/IMG_1017-1152x1536.jpg 1152w, https:\/\/thelittlerstravel.com\/wp-content\/uploads\/2020\/07\/IMG_1017-1536x2048.jpg 1536w, https:\/\/thelittlerstravel.com\/wp-content\/uploads\/2020\/07\/IMG_1017-1440x1920.jpg 1440w, https:\/\/thelittlerstravel.com\/wp-content\/uploads\/2020\/07\/IMG_1017-600x800.jpg 600w, https:\/\/thelittlerstravel.com\/wp-content\/uploads\/2020\/07\/IMG_1017-800x1067.jpg 800w, https:\/\/thelittlerstravel.com\/wp-content\/uploads\/2020\/07\/IMG_1017-380x507.jpg 380w, https:\/\/thelittlerstravel.com\/wp-content\/uploads\/2020\/07\/IMG_1017-247x330.jpg 247w, https:\/\/thelittlerstravel.com\/wp-content\/uploads\/2020\/07\/IMG_1017-278x371.jpg 278w\" sizes=\"auto, (max-width: 267px) 100vw, 267px\" \/><figcaption>Cementerio de Alcoy<\/figcaption><\/figure><\/div>\n\n\n\n<p>Muchas veces, la percepci\u00f3n que se nos queda de una ciudad, es del tour e irremediablemente del gu\u00eda que nos acompa\u00f1a y estamos seguros de que con ellos, Alcoy te va a gustar todav\u00eda m\u00e1s.<\/p>\n\n\n\n<h2 class=\"has-trawell-cat-2-color has-text-color wp-block-heading\" id=\"dia-2-en-el-interior-de-alicante-la-vall-d-alcala\"><span class=\"ez-toc-section\" id=\"Dia_2_en_el_interior_de_Alicante_%E2%80%93_La_Vall_dAlcala\"><\/span>D\u00eda 2 en el interior de Alicante &#8211; La Vall d&#8217;Alcal\u00e0<span class=\"ez-toc-section-end\"><\/span><\/h2>\n\n\n\n<p>Cuando hablamos de cultura, historia, tradiciones&#8230; se me agolpan pensamientos en la cabeza que me llevan a La Vall d&#8217;Alcal\u00e0. <br>Este municipio de poco m\u00e1s de 75 habitantes en invierno, se encuentra a 30 minutos de Alcoy y a 1h y 15 minutos del aeropuerto de Alicante, es una joya en bruto y desde hace un par de a\u00f1os, tambi\u00e9n nuestro hogar.<\/p>\n\n\n\n<div aria-label=\"Carousel Gallery\" class=\"wp-block-coblocks-gallery-carousel has-responsive-height\"><div class=\"is-cropped coblocks-gallery has-no-alignment has-caption-style-dark has-horizontal-gutter has-lightbox\"><div class=\"has-carousel has-carousel-lrg has-aligned-cells\" data-flickity=\"{&quot;autoPlay&quot;:false,&quot;draggable&quot;:true,&quot;pageDots&quot;:false,&quot;prevNextButtons&quot;:true,&quot;wrapAround&quot;:true,&quot;cellAlign&quot;:&quot;left&quot;,&quot;pauseAutoPlayOnHover&quot;:false,&quot;freeScroll&quot;:false,&quot;arrowShape&quot;:{&quot;x0&quot;:10,&quot;x1&quot;:60,&quot;y1&quot;:50,&quot;x2&quot;:65,&quot;y2&quot;:45,&quot;x3&quot;:20},&quot;thumbnails&quot;:false,&quot;responsiveHeight&quot;:true}\"><div class=\"coblocks-gallery--item\"><figure class=\"coblocks-gallery--figure has-margin-left-5 has-margin-left-mobile-5 has-margin-right-5 has-margin-right-mobile-5\"><img loading=\"lazy\" decoding=\"async\" width=\"1024\" height=\"576\" src=\"https:\/\/thelittlerstravel.com\/wp-content\/uploads\/2020\/07\/F40800652062912FFE12D231929D4672-1024x576.jpg\" alt=\"La Vall d'Alcal\u00e0\" data-id=\"2616\" data-link=\"https:\/\/thelittlerstravel.com\/f40800652062912ffe12d231929d4672\/\" class=\"wp-image-2616\" srcset=\"https:\/\/thelittlerstravel.com\/wp-content\/uploads\/2020\/07\/F40800652062912FFE12D231929D4672-1024x576.jpg 1024w, https:\/\/thelittlerstravel.com\/wp-content\/uploads\/2020\/07\/F40800652062912FFE12D231929D4672-300x169.jpg 300w, https:\/\/thelittlerstravel.com\/wp-content\/uploads\/2020\/07\/F40800652062912FFE12D231929D4672-768x432.jpg 768w, https:\/\/thelittlerstravel.com\/wp-content\/uploads\/2020\/07\/F40800652062912FFE12D231929D4672-1536x864.jpg 1536w, https:\/\/thelittlerstravel.com\/wp-content\/uploads\/2020\/07\/F40800652062912FFE12D231929D4672-2048x1152.jpg 2048w, https:\/\/thelittlerstravel.com\/wp-content\/uploads\/2020\/07\/F40800652062912FFE12D231929D4672-1920x1080.jpg 1920w, https:\/\/thelittlerstravel.com\/wp-content\/uploads\/2020\/07\/F40800652062912FFE12D231929D4672-600x338.jpg 600w, https:\/\/thelittlerstravel.com\/wp-content\/uploads\/2020\/07\/F40800652062912FFE12D231929D4672-800x450.jpg 800w, https:\/\/thelittlerstravel.com\/wp-content\/uploads\/2020\/07\/F40800652062912FFE12D231929D4672-1200x675.jpg 1200w, https:\/\/thelittlerstravel.com\/wp-content\/uploads\/2020\/07\/F40800652062912FFE12D231929D4672-585x330.jpg 585w, https:\/\/thelittlerstravel.com\/wp-content\/uploads\/2020\/07\/F40800652062912FFE12D231929D4672-385x217.jpg 385w, https:\/\/thelittlerstravel.com\/wp-content\/uploads\/2020\/07\/F40800652062912FFE12D231929D4672-380x214.jpg 380w, https:\/\/thelittlerstravel.com\/wp-content\/uploads\/2020\/07\/F40800652062912FFE12D231929D4672-247x139.jpg 247w, https:\/\/thelittlerstravel.com\/wp-content\/uploads\/2020\/07\/F40800652062912FFE12D231929D4672-278x157.jpg 278w, https:\/\/thelittlerstravel.com\/wp-content\/uploads\/2020\/07\/F40800652062912FFE12D231929D4672-178x101.jpg 178w\" sizes=\"auto, (max-width: 1024px) 100vw, 1024px\" \/><\/figure><\/div><div class=\"coblocks-gallery--item\"><figure class=\"coblocks-gallery--figure has-margin-left-5 has-margin-left-mobile-5 has-margin-right-5 has-margin-right-mobile-5\"><img loading=\"lazy\" decoding=\"async\" width=\"1024\" height=\"841\" src=\"https:\/\/thelittlerstravel.com\/wp-content\/uploads\/2020\/07\/IMG_5027-1024x841.jpg\" alt=\"Navidad en La Vall d'Alcal\u00e0\" data-id=\"2774\" data-link=\"https:\/\/thelittlerstravel.com\/img_5027\/\" class=\"wp-image-2774\" srcset=\"https:\/\/thelittlerstravel.com\/wp-content\/uploads\/2020\/07\/IMG_5027-1024x841.jpg 1024w, https:\/\/thelittlerstravel.com\/wp-content\/uploads\/2020\/07\/IMG_5027-300x246.jpg 300w, https:\/\/thelittlerstravel.com\/wp-content\/uploads\/2020\/07\/IMG_5027-768x631.jpg 768w, https:\/\/thelittlerstravel.com\/wp-content\/uploads\/2020\/07\/IMG_5027-1536x1261.jpg 1536w, https:\/\/thelittlerstravel.com\/wp-content\/uploads\/2020\/07\/IMG_5027-600x493.jpg 600w, https:\/\/thelittlerstravel.com\/wp-content\/uploads\/2020\/07\/IMG_5027-800x657.jpg 800w, https:\/\/thelittlerstravel.com\/wp-content\/uploads\/2020\/07\/IMG_5027.jpg 1600w\" sizes=\"auto, (max-width: 1024px) 100vw, 1024px\" \/><\/figure><\/div><div class=\"coblocks-gallery--item\"><figure class=\"coblocks-gallery--figure has-margin-left-5 has-margin-left-mobile-5 has-margin-right-5 has-margin-right-mobile-5\"><img loading=\"lazy\" decoding=\"async\" width=\"1024\" height=\"576\" src=\"https:\/\/thelittlerstravel.com\/wp-content\/uploads\/2020\/07\/76570FAAF57F0247416926B040359F8C-1024x576.jpg\" alt=\"La Vall d'Alcal\u00e0\" data-id=\"2613\" data-link=\"https:\/\/thelittlerstravel.com\/76570faaf57f0247416926b040359f8c\/\" class=\"wp-image-2613\" srcset=\"https:\/\/thelittlerstravel.com\/wp-content\/uploads\/2020\/07\/76570FAAF57F0247416926B040359F8C-1024x576.jpg 1024w, https:\/\/thelittlerstravel.com\/wp-content\/uploads\/2020\/07\/76570FAAF57F0247416926B040359F8C-300x169.jpg 300w, https:\/\/thelittlerstravel.com\/wp-content\/uploads\/2020\/07\/76570FAAF57F0247416926B040359F8C-768x432.jpg 768w, https:\/\/thelittlerstravel.com\/wp-content\/uploads\/2020\/07\/76570FAAF57F0247416926B040359F8C-1536x864.jpg 1536w, https:\/\/thelittlerstravel.com\/wp-content\/uploads\/2020\/07\/76570FAAF57F0247416926B040359F8C-2048x1152.jpg 2048w, https:\/\/thelittlerstravel.com\/wp-content\/uploads\/2020\/07\/76570FAAF57F0247416926B040359F8C-1920x1080.jpg 1920w, https:\/\/thelittlerstravel.com\/wp-content\/uploads\/2020\/07\/76570FAAF57F0247416926B040359F8C-600x338.jpg 600w, https:\/\/thelittlerstravel.com\/wp-content\/uploads\/2020\/07\/76570FAAF57F0247416926B040359F8C-800x450.jpg 800w, https:\/\/thelittlerstravel.com\/wp-content\/uploads\/2020\/07\/76570FAAF57F0247416926B040359F8C-1200x675.jpg 1200w, https:\/\/thelittlerstravel.com\/wp-content\/uploads\/2020\/07\/76570FAAF57F0247416926B040359F8C-585x330.jpg 585w, https:\/\/thelittlerstravel.com\/wp-content\/uploads\/2020\/07\/76570FAAF57F0247416926B040359F8C-385x217.jpg 385w, https:\/\/thelittlerstravel.com\/wp-content\/uploads\/2020\/07\/76570FAAF57F0247416926B040359F8C-380x214.jpg 380w, https:\/\/thelittlerstravel.com\/wp-content\/uploads\/2020\/07\/76570FAAF57F0247416926B040359F8C-247x139.jpg 247w, https:\/\/thelittlerstravel.com\/wp-content\/uploads\/2020\/07\/76570FAAF57F0247416926B040359F8C-278x157.jpg 278w, https:\/\/thelittlerstravel.com\/wp-content\/uploads\/2020\/07\/76570FAAF57F0247416926B040359F8C-178x101.jpg 178w\" sizes=\"auto, (max-width: 1024px) 100vw, 1024px\" \/><\/figure><\/div><div class=\"coblocks-gallery--item\"><figure class=\"coblocks-gallery--figure has-margin-left-5 has-margin-left-mobile-5 has-margin-right-5 has-margin-right-mobile-5\"><img loading=\"lazy\" decoding=\"async\" width=\"768\" height=\"1024\" src=\"https:\/\/thelittlerstravel.com\/wp-content\/uploads\/2020\/07\/IMG_0093-768x1024.jpg\" alt=\"Casa La Vall d'Alcal\u00e0\" data-id=\"2690\" data-link=\"https:\/\/thelittlerstravel.com\/img_0093\/\" class=\"wp-image-2690\" srcset=\"https:\/\/thelittlerstravel.com\/wp-content\/uploads\/2020\/07\/IMG_0093-768x1024.jpg 768w, https:\/\/thelittlerstravel.com\/wp-content\/uploads\/2020\/07\/IMG_0093-225x300.jpg 225w, https:\/\/thelittlerstravel.com\/wp-content\/uploads\/2020\/07\/IMG_0093-1152x1536.jpg 1152w, https:\/\/thelittlerstravel.com\/wp-content\/uploads\/2020\/07\/IMG_0093-1536x2048.jpg 1536w, https:\/\/thelittlerstravel.com\/wp-content\/uploads\/2020\/07\/IMG_0093-1440x1920.jpg 1440w, https:\/\/thelittlerstravel.com\/wp-content\/uploads\/2020\/07\/IMG_0093-600x800.jpg 600w, https:\/\/thelittlerstravel.com\/wp-content\/uploads\/2020\/07\/IMG_0093-800x1067.jpg 800w, https:\/\/thelittlerstravel.com\/wp-content\/uploads\/2020\/07\/IMG_0093-380x507.jpg 380w, https:\/\/thelittlerstravel.com\/wp-content\/uploads\/2020\/07\/IMG_0093-247x330.jpg 247w, https:\/\/thelittlerstravel.com\/wp-content\/uploads\/2020\/07\/IMG_0093-278x371.jpg 278w\" sizes=\"auto, (max-width: 768px) 100vw, 768px\" \/><\/figure><\/div><div class=\"coblocks-gallery--item\"><figure class=\"coblocks-gallery--figure has-margin-left-5 has-margin-left-mobile-5 has-margin-right-5 has-margin-right-mobile-5\"><img loading=\"lazy\" decoding=\"async\" width=\"654\" height=\"1024\" src=\"https:\/\/thelittlerstravel.com\/wp-content\/uploads\/2020\/07\/IMG_5170-654x1024.jpg\" alt=\"Paseo por La Vall d'Alcal\u00e0\" data-id=\"2649\" data-link=\"https:\/\/thelittlerstravel.com\/img_5170\/\" class=\"wp-image-2649\" srcset=\"https:\/\/thelittlerstravel.com\/wp-content\/uploads\/2020\/07\/IMG_5170-654x1024.jpg 654w, https:\/\/thelittlerstravel.com\/wp-content\/uploads\/2020\/07\/IMG_5170-192x300.jpg 192w, https:\/\/thelittlerstravel.com\/wp-content\/uploads\/2020\/07\/IMG_5170-768x1202.jpg 768w, https:\/\/thelittlerstravel.com\/wp-content\/uploads\/2020\/07\/IMG_5170-981x1536.jpg 981w, https:\/\/thelittlerstravel.com\/wp-content\/uploads\/2020\/07\/IMG_5170-1227x1920.jpg 1227w, https:\/\/thelittlerstravel.com\/wp-content\/uploads\/2020\/07\/IMG_5170-600x939.jpg 600w, https:\/\/thelittlerstravel.com\/wp-content\/uploads\/2020\/07\/IMG_5170-800x1252.jpg 800w, https:\/\/thelittlerstravel.com\/wp-content\/uploads\/2020\/07\/IMG_5170.jpg 1242w\" sizes=\"auto, (max-width: 654px) 100vw, 654px\" \/><\/figure><\/div><div class=\"coblocks-gallery--item\"><figure class=\"coblocks-gallery--figure has-margin-left-5 has-margin-left-mobile-5 has-margin-right-5 has-margin-right-mobile-5\"><img loading=\"lazy\" decoding=\"async\" width=\"1024\" height=\"981\" src=\"https:\/\/thelittlerstravel.com\/wp-content\/uploads\/2020\/07\/IMG_5171-1024x981.jpg\" alt=\"La Vall d'Alcal\u00e0\" data-id=\"2650\" data-link=\"https:\/\/thelittlerstravel.com\/img_5171\/\" class=\"wp-image-2650\" srcset=\"https:\/\/thelittlerstravel.com\/wp-content\/uploads\/2020\/07\/IMG_5171-1024x981.jpg 1024w, https:\/\/thelittlerstravel.com\/wp-content\/uploads\/2020\/07\/IMG_5171-300x287.jpg 300w, https:\/\/thelittlerstravel.com\/wp-content\/uploads\/2020\/07\/IMG_5171-768x736.jpg 768w, https:\/\/thelittlerstravel.com\/wp-content\/uploads\/2020\/07\/IMG_5171-600x575.jpg 600w, https:\/\/thelittlerstravel.com\/wp-content\/uploads\/2020\/07\/IMG_5171-800x767.jpg 800w, https:\/\/thelittlerstravel.com\/wp-content\/uploads\/2020\/07\/IMG_5171.jpg 1242w\" sizes=\"auto, (max-width: 1024px) 100vw, 1024px\" \/><\/figure><\/div><\/div><\/div><figcaption class=\"coblocks-gallery--caption coblocks-gallery--primary-caption\">La Vall d&#8217;Alcal\u00e0<\/figcaption><\/div>\n\n\n\n<p>Este municipio con dos n\u00facleos urbanos: Alcal\u00e0 de la Jovada y Beniaia, es otro de esos destinos que no te puedes terminar en un d\u00eda. <br>Antes de la reconquista, contaba con 7 asentamientos y a d\u00eda de hoy, todos pueden ser todav\u00eda visitados pero solo Alcal\u00e0 de la Jovada y Beniaia siguen habitados.<br>Fue hogar del Caudillo Al-Azraq hasta 1276, el de los ojos azules, que cont\u00f3 con la confianza del Rey Jaume I con el que firm\u00f3 el Tractat del Pouet (Tratado del Pouet), tratado por el que se firmaba un pacto de paz y adem\u00e1s, se le reconoc\u00eda a Al-Azraq el mandato en La Vall d&#8217;Alcal\u00e0 y La Vall de la Gallinera.<\/p>\n\n\n\n<h3 class=\"has-trawell-cat-2-color has-text-color wp-block-heading\" id=\"callejeando-por-alcala-de-la-jovada\"><span class=\"ez-toc-section\" id=\"Callejeando_por_Alcala_de_la_Jovada\"><\/span>Callejeando por Alcal\u00e0 de la Jovada<span class=\"ez-toc-section-end\"><\/span><\/h3>\n\n\n\n<p>Si empezamos por la <strong>plaza<\/strong> de Alcal\u00e0 de la Jovada, vemos la emblem\u00e1tica <strong>Fuente del Moro<\/strong>, una fuente con la cabeza de Al-Azraq tallada en piedra y desde la que emana agua proveniente de las monta\u00f1as. <br>Justo enfrente, vemos el <strong>ayuntamiento<\/strong> y a continuaci\u00f3n, la <strong>iglesia<\/strong> con un campanario un tanto peculiar, ya que es un torre\u00f3n que se mantiene desde tiempos de Al-Azraq y que formaba parte de su castillo.<\/p>\n\n\n\n<div aria-label=\"Carousel Gallery\" class=\"wp-block-coblocks-gallery-carousel has-responsive-height\"><div class=\"is-cropped coblocks-gallery has-no-alignment has-caption-style-dark has-horizontal-gutter has-lightbox\"><div class=\"has-carousel has-carousel-lrg has-aligned-cells\" data-flickity=\"{&quot;autoPlay&quot;:false,&quot;draggable&quot;:true,&quot;pageDots&quot;:false,&quot;prevNextButtons&quot;:true,&quot;wrapAround&quot;:true,&quot;cellAlign&quot;:&quot;left&quot;,&quot;pauseAutoPlayOnHover&quot;:false,&quot;freeScroll&quot;:false,&quot;arrowShape&quot;:{&quot;x0&quot;:10,&quot;x1&quot;:60,&quot;y1&quot;:50,&quot;x2&quot;:65,&quot;y2&quot;:45,&quot;x3&quot;:20},&quot;thumbnails&quot;:false,&quot;responsiveHeight&quot;:true}\"><div class=\"coblocks-gallery--item\"><figure class=\"coblocks-gallery--figure has-margin-left-5 has-margin-left-mobile-5 has-margin-right-5 has-margin-right-mobile-5\"><img loading=\"lazy\" decoding=\"async\" width=\"1024\" height=\"768\" src=\"https:\/\/thelittlerstravel.com\/wp-content\/uploads\/2020\/07\/IMG_2477-1024x768.jpg\" alt=\"Ayuntamiento\" data-id=\"2695\" data-link=\"https:\/\/thelittlerstravel.com\/img_2477\/\" class=\"wp-image-2695\" srcset=\"https:\/\/thelittlerstravel.com\/wp-content\/uploads\/2020\/07\/IMG_2477-1024x768.jpg 1024w, https:\/\/thelittlerstravel.com\/wp-content\/uploads\/2020\/07\/IMG_2477-300x225.jpg 300w, https:\/\/thelittlerstravel.com\/wp-content\/uploads\/2020\/07\/IMG_2477-768x576.jpg 768w, https:\/\/thelittlerstravel.com\/wp-content\/uploads\/2020\/07\/IMG_2477-1536x1152.jpg 1536w, https:\/\/thelittlerstravel.com\/wp-content\/uploads\/2020\/07\/IMG_2477-2048x1536.jpg 2048w, https:\/\/thelittlerstravel.com\/wp-content\/uploads\/2020\/07\/IMG_2477-1920x1440.jpg 1920w, https:\/\/thelittlerstravel.com\/wp-content\/uploads\/2020\/07\/IMG_2477-600x450.jpg 600w, https:\/\/thelittlerstravel.com\/wp-content\/uploads\/2020\/07\/IMG_2477-800x600.jpg 800w, https:\/\/thelittlerstravel.com\/wp-content\/uploads\/2020\/07\/IMG_2477-141x106.jpg 141w, https:\/\/thelittlerstravel.com\/wp-content\/uploads\/2020\/07\/IMG_2477-380x285.jpg 380w, https:\/\/thelittlerstravel.com\/wp-content\/uploads\/2020\/07\/IMG_2477-247x186.jpg 247w\" sizes=\"auto, (max-width: 1024px) 100vw, 1024px\" \/><\/figure><\/div><div class=\"coblocks-gallery--item\"><figure class=\"coblocks-gallery--figure has-margin-left-5 has-margin-left-mobile-5 has-margin-right-5 has-margin-right-mobile-5\"><img loading=\"lazy\" decoding=\"async\" width=\"1024\" height=\"768\" src=\"https:\/\/thelittlerstravel.com\/wp-content\/uploads\/2020\/07\/IMG_3439-1024x768.jpg\" alt=\"Font del Moro\" data-id=\"2707\" data-link=\"https:\/\/thelittlerstravel.com\/img_3439\/\" class=\"wp-image-2707\" srcset=\"https:\/\/thelittlerstravel.com\/wp-content\/uploads\/2020\/07\/IMG_3439-1024x768.jpg 1024w, https:\/\/thelittlerstravel.com\/wp-content\/uploads\/2020\/07\/IMG_3439-300x225.jpg 300w, https:\/\/thelittlerstravel.com\/wp-content\/uploads\/2020\/07\/IMG_3439-768x576.jpg 768w, https:\/\/thelittlerstravel.com\/wp-content\/uploads\/2020\/07\/IMG_3439-1536x1152.jpg 1536w, https:\/\/thelittlerstravel.com\/wp-content\/uploads\/2020\/07\/IMG_3439-2048x1536.jpg 2048w, https:\/\/thelittlerstravel.com\/wp-content\/uploads\/2020\/07\/IMG_3439-1920x1440.jpg 1920w, https:\/\/thelittlerstravel.com\/wp-content\/uploads\/2020\/07\/IMG_3439-600x450.jpg 600w, https:\/\/thelittlerstravel.com\/wp-content\/uploads\/2020\/07\/IMG_3439-800x600.jpg 800w, https:\/\/thelittlerstravel.com\/wp-content\/uploads\/2020\/07\/IMG_3439-141x106.jpg 141w, https:\/\/thelittlerstravel.com\/wp-content\/uploads\/2020\/07\/IMG_3439-380x285.jpg 380w, https:\/\/thelittlerstravel.com\/wp-content\/uploads\/2020\/07\/IMG_3439-247x186.jpg 247w\" sizes=\"auto, (max-width: 1024px) 100vw, 1024px\" \/><\/figure><\/div><div class=\"coblocks-gallery--item\"><figure class=\"coblocks-gallery--figure has-margin-left-5 has-margin-left-mobile-5 has-margin-right-5 has-margin-right-mobile-5\"><img loading=\"lazy\" decoding=\"async\" width=\"768\" height=\"1024\" src=\"https:\/\/thelittlerstravel.com\/wp-content\/uploads\/2020\/07\/IMG_2237-768x1024.jpg\" alt=\"Iglesia Alcal\u00e0 de la Jovada\" data-id=\"2693\" data-link=\"https:\/\/thelittlerstravel.com\/img_2237\/\" class=\"wp-image-2693\" srcset=\"https:\/\/thelittlerstravel.com\/wp-content\/uploads\/2020\/07\/IMG_2237-768x1024.jpg 768w, https:\/\/thelittlerstravel.com\/wp-content\/uploads\/2020\/07\/IMG_2237-225x300.jpg 225w, https:\/\/thelittlerstravel.com\/wp-content\/uploads\/2020\/07\/IMG_2237-1152x1536.jpg 1152w, https:\/\/thelittlerstravel.com\/wp-content\/uploads\/2020\/07\/IMG_2237-1536x2048.jpg 1536w, https:\/\/thelittlerstravel.com\/wp-content\/uploads\/2020\/07\/IMG_2237-1440x1920.jpg 1440w, https:\/\/thelittlerstravel.com\/wp-content\/uploads\/2020\/07\/IMG_2237-600x800.jpg 600w, https:\/\/thelittlerstravel.com\/wp-content\/uploads\/2020\/07\/IMG_2237-800x1067.jpg 800w, https:\/\/thelittlerstravel.com\/wp-content\/uploads\/2020\/07\/IMG_2237-380x507.jpg 380w, https:\/\/thelittlerstravel.com\/wp-content\/uploads\/2020\/07\/IMG_2237-247x330.jpg 247w, https:\/\/thelittlerstravel.com\/wp-content\/uploads\/2020\/07\/IMG_2237-278x371.jpg 278w\" sizes=\"auto, (max-width: 768px) 100vw, 768px\" \/><\/figure><\/div><\/div><\/div><figcaption class=\"coblocks-gallery--caption coblocks-gallery--primary-caption\">Plaza Alcal\u00e0 de la Jovada, ayuntamiento, Font del Moro e iglesia<\/figcaption><\/div>\n\n\n\n<p>En esa misma plaza se encuentra el <strong>Hotel La Font<\/strong>, un hotel con encanto, habitaciones de ensue\u00f1o y una cocina excelente en el que te recomendar\u00edamos pasar al menos una noche y disfrutar de sus manjares a la hora de la cena.<br>Si eres m\u00e1s de apartamento, sin duda, te recomendamos <strong>&#8220;Les Casetes<\/strong>&#8220;, unos apartamentos nuev\u00edsimos, con terraza, barbacoa y todo lo que necesitas para disfrutar de la esencia de La Vall d&#8217;Alcal\u00e0. Cerca de estos apartamentos, se encuentra el <strong>Bar La Piscina<\/strong> (justo al lado de la piscina municipal) y que te recomendamos como parada imprescindible para disfrutar de un almuerzo t\u00edpico: bocadillo, aceitunas y cerveza.<\/p>\n\n\n\n<p>De camino hacia la calle de La Torre, la parte m\u00e1s alta del pueblo y por la que se accede subiendo la cuesta de la plaza, ver\u00e1s de frente una <strong>casa con una puerta azul<\/strong>, un lugar realmente pintoresco, y si seguimos y atravesamos toda la Calle La Torre, a un par de minutos, encontramos el acueducto.<\/p>\n\n\n\n<div class=\"wp-block-image\"><figure class=\"aligncenter size-large is-resized\"><img loading=\"lazy\" decoding=\"async\" src=\"https:\/\/thelittlerstravel.com\/wp-content\/uploads\/2020\/07\/IMG_1958-768x1024.jpg\" alt=\"\" class=\"wp-image-2692\" width=\"269\" height=\"359\" srcset=\"https:\/\/thelittlerstravel.com\/wp-content\/uploads\/2020\/07\/IMG_1958-768x1024.jpg 768w, https:\/\/thelittlerstravel.com\/wp-content\/uploads\/2020\/07\/IMG_1958-225x300.jpg 225w, https:\/\/thelittlerstravel.com\/wp-content\/uploads\/2020\/07\/IMG_1958-1152x1536.jpg 1152w, https:\/\/thelittlerstravel.com\/wp-content\/uploads\/2020\/07\/IMG_1958-1536x2048.jpg 1536w, https:\/\/thelittlerstravel.com\/wp-content\/uploads\/2020\/07\/IMG_1958-1440x1920.jpg 1440w, https:\/\/thelittlerstravel.com\/wp-content\/uploads\/2020\/07\/IMG_1958-600x800.jpg 600w, https:\/\/thelittlerstravel.com\/wp-content\/uploads\/2020\/07\/IMG_1958-800x1067.jpg 800w, https:\/\/thelittlerstravel.com\/wp-content\/uploads\/2020\/07\/IMG_1958-380x507.jpg 380w, https:\/\/thelittlerstravel.com\/wp-content\/uploads\/2020\/07\/IMG_1958-247x330.jpg 247w, https:\/\/thelittlerstravel.com\/wp-content\/uploads\/2020\/07\/IMG_1958-278x371.jpg 278w\" sizes=\"auto, (max-width: 269px) 100vw, 269px\" \/><figcaption>Acueducto Alcal\u00e0 de la Jovada<\/figcaption><\/figure><\/div>\n\n\n\n<p>Cuando caminamos hacia la parte baja del pueblo, pasamos por el Carrer del Calvari y encontramos una peque\u00f1a zona ajardinada con una <strong>estatua del famoso \u00e1rabe<\/strong>.<\/p>\n\n\n\n<div aria-label=\"Carousel Gallery\" class=\"wp-block-coblocks-gallery-carousel has-responsive-height\"><div class=\"is-cropped coblocks-gallery has-no-alignment has-caption-style-dark has-horizontal-gutter has-lightbox\"><div class=\"has-carousel has-carousel-lrg has-aligned-cells\" data-flickity=\"{&quot;autoPlay&quot;:false,&quot;draggable&quot;:true,&quot;pageDots&quot;:false,&quot;prevNextButtons&quot;:true,&quot;wrapAround&quot;:true,&quot;cellAlign&quot;:&quot;left&quot;,&quot;pauseAutoPlayOnHover&quot;:false,&quot;freeScroll&quot;:false,&quot;arrowShape&quot;:{&quot;x0&quot;:10,&quot;x1&quot;:60,&quot;y1&quot;:50,&quot;x2&quot;:65,&quot;y2&quot;:45,&quot;x3&quot;:20},&quot;thumbnails&quot;:false,&quot;responsiveHeight&quot;:true}\"><div class=\"coblocks-gallery--item\"><figure class=\"coblocks-gallery--figure has-margin-left-5 has-margin-left-mobile-5 has-margin-right-5 has-margin-right-mobile-5\"><img loading=\"lazy\" decoding=\"async\" width=\"768\" height=\"1024\" src=\"https:\/\/thelittlerstravel.com\/wp-content\/uploads\/2020\/07\/IMG_5845-768x1024.jpg\" alt=\"Estatua del Moro\" data-id=\"2794\" data-link=\"https:\/\/thelittlerstravel.com\/img_5845\/\" class=\"wp-image-2794\" srcset=\"https:\/\/thelittlerstravel.com\/wp-content\/uploads\/2020\/07\/IMG_5845-768x1024.jpg 768w, https:\/\/thelittlerstravel.com\/wp-content\/uploads\/2020\/07\/IMG_5845-225x300.jpg 225w, https:\/\/thelittlerstravel.com\/wp-content\/uploads\/2020\/07\/IMG_5845-1152x1536.jpg 1152w, https:\/\/thelittlerstravel.com\/wp-content\/uploads\/2020\/07\/IMG_5845-1536x2048.jpg 1536w, https:\/\/thelittlerstravel.com\/wp-content\/uploads\/2020\/07\/IMG_5845-1440x1920.jpg 1440w, https:\/\/thelittlerstravel.com\/wp-content\/uploads\/2020\/07\/IMG_5845-600x800.jpg 600w, https:\/\/thelittlerstravel.com\/wp-content\/uploads\/2020\/07\/IMG_5845-800x1067.jpg 800w, https:\/\/thelittlerstravel.com\/wp-content\/uploads\/2020\/07\/IMG_5845-380x507.jpg 380w, https:\/\/thelittlerstravel.com\/wp-content\/uploads\/2020\/07\/IMG_5845-247x330.jpg 247w, https:\/\/thelittlerstravel.com\/wp-content\/uploads\/2020\/07\/IMG_5845-278x371.jpg 278w, https:\/\/thelittlerstravel.com\/wp-content\/uploads\/2020\/07\/IMG_5845.jpg 1800w\" sizes=\"auto, (max-width: 768px) 100vw, 768px\" \/><\/figure><\/div><div class=\"coblocks-gallery--item\"><figure class=\"coblocks-gallery--figure has-margin-left-5 has-margin-left-mobile-5 has-margin-right-5 has-margin-right-mobile-5\"><img loading=\"lazy\" decoding=\"async\" width=\"768\" height=\"1024\" src=\"https:\/\/thelittlerstravel.com\/wp-content\/uploads\/2020\/07\/IMG_5843-768x1024.jpg\" alt=\"Estatua Al-Azraq\" data-id=\"2789\" data-link=\"https:\/\/thelittlerstravel.com\/img_5843\/\" class=\"wp-image-2789\" srcset=\"https:\/\/thelittlerstravel.com\/wp-content\/uploads\/2020\/07\/IMG_5843-768x1024.jpg 768w, https:\/\/thelittlerstravel.com\/wp-content\/uploads\/2020\/07\/IMG_5843-225x300.jpg 225w, https:\/\/thelittlerstravel.com\/wp-content\/uploads\/2020\/07\/IMG_5843-1152x1536.jpg 1152w, https:\/\/thelittlerstravel.com\/wp-content\/uploads\/2020\/07\/IMG_5843-1536x2048.jpg 1536w, https:\/\/thelittlerstravel.com\/wp-content\/uploads\/2020\/07\/IMG_5843-1440x1920.jpg 1440w, https:\/\/thelittlerstravel.com\/wp-content\/uploads\/2020\/07\/IMG_5843-600x800.jpg 600w, https:\/\/thelittlerstravel.com\/wp-content\/uploads\/2020\/07\/IMG_5843-800x1067.jpg 800w, https:\/\/thelittlerstravel.com\/wp-content\/uploads\/2020\/07\/IMG_5843-380x507.jpg 380w, https:\/\/thelittlerstravel.com\/wp-content\/uploads\/2020\/07\/IMG_5843-247x330.jpg 247w, https:\/\/thelittlerstravel.com\/wp-content\/uploads\/2020\/07\/IMG_5843-278x371.jpg 278w\" sizes=\"auto, (max-width: 768px) 100vw, 768px\" \/><\/figure><\/div><\/div><\/div><\/div>\n\n\n\n<p> Puedes continuar recto y bajar la cuesta de enfrente que te llevar\u00e1 al <strong>Lavadero<\/strong>, el espacio donde tradicionalmente la gente acud\u00eda a lavar la ropa con el agua restante que baja de La Fuente del Moro.<\/p>\n\n\n\n<div aria-label=\"Carousel Gallery\" class=\"wp-block-coblocks-gallery-carousel has-responsive-height\"><div class=\"is-cropped coblocks-gallery has-no-alignment has-caption-style-dark has-horizontal-gutter has-lightbox\"><div class=\"has-carousel has-carousel-lrg has-aligned-cells\" data-flickity=\"{&quot;autoPlay&quot;:false,&quot;draggable&quot;:true,&quot;pageDots&quot;:false,&quot;prevNextButtons&quot;:true,&quot;wrapAround&quot;:true,&quot;cellAlign&quot;:&quot;left&quot;,&quot;pauseAutoPlayOnHover&quot;:false,&quot;freeScroll&quot;:false,&quot;arrowShape&quot;:{&quot;x0&quot;:10,&quot;x1&quot;:60,&quot;y1&quot;:50,&quot;x2&quot;:65,&quot;y2&quot;:45,&quot;x3&quot;:20},&quot;thumbnails&quot;:false,&quot;responsiveHeight&quot;:true}\"><div class=\"coblocks-gallery--item\"><figure class=\"coblocks-gallery--figure has-margin-left-5 has-margin-left-mobile-5 has-margin-right-5 has-margin-right-mobile-5\"><img loading=\"lazy\" decoding=\"async\" width=\"1024\" height=\"768\" src=\"https:\/\/thelittlerstravel.com\/wp-content\/uploads\/2020\/07\/IMG_5850-1024x768.jpg\" alt=\"Lavadero La Vall d'Alcal\u00e0\" data-id=\"2791\" data-link=\"https:\/\/thelittlerstravel.com\/img_5850\/\" class=\"wp-image-2791\" srcset=\"https:\/\/thelittlerstravel.com\/wp-content\/uploads\/2020\/07\/IMG_5850-1024x768.jpg 1024w, https:\/\/thelittlerstravel.com\/wp-content\/uploads\/2020\/07\/IMG_5850-300x225.jpg 300w, https:\/\/thelittlerstravel.com\/wp-content\/uploads\/2020\/07\/IMG_5850-768x576.jpg 768w, https:\/\/thelittlerstravel.com\/wp-content\/uploads\/2020\/07\/IMG_5850-1536x1152.jpg 1536w, https:\/\/thelittlerstravel.com\/wp-content\/uploads\/2020\/07\/IMG_5850-2048x1536.jpg 2048w, https:\/\/thelittlerstravel.com\/wp-content\/uploads\/2020\/07\/IMG_5850-1920x1440.jpg 1920w, https:\/\/thelittlerstravel.com\/wp-content\/uploads\/2020\/07\/IMG_5850-600x450.jpg 600w, https:\/\/thelittlerstravel.com\/wp-content\/uploads\/2020\/07\/IMG_5850-800x600.jpg 800w, https:\/\/thelittlerstravel.com\/wp-content\/uploads\/2020\/07\/IMG_5850-141x106.jpg 141w, https:\/\/thelittlerstravel.com\/wp-content\/uploads\/2020\/07\/IMG_5850-380x285.jpg 380w, https:\/\/thelittlerstravel.com\/wp-content\/uploads\/2020\/07\/IMG_5850-247x186.jpg 247w\" sizes=\"auto, (max-width: 1024px) 100vw, 1024px\" \/><\/figure><\/div><div class=\"coblocks-gallery--item\"><figure class=\"coblocks-gallery--figure has-margin-left-5 has-margin-left-mobile-5 has-margin-right-5 has-margin-right-mobile-5\"><img loading=\"lazy\" decoding=\"async\" width=\"1024\" height=\"768\" src=\"https:\/\/thelittlerstravel.com\/wp-content\/uploads\/2020\/07\/IMG_5852-1024x768.jpg\" alt=\"Llavador La Vall d'Alcal\u00e0\" data-id=\"2792\" data-link=\"https:\/\/thelittlerstravel.com\/img_5852-2\/\" class=\"wp-image-2792\" srcset=\"https:\/\/thelittlerstravel.com\/wp-content\/uploads\/2020\/07\/IMG_5852-1024x768.jpg 1024w, https:\/\/thelittlerstravel.com\/wp-content\/uploads\/2020\/07\/IMG_5852-300x225.jpg 300w, https:\/\/thelittlerstravel.com\/wp-content\/uploads\/2020\/07\/IMG_5852-768x576.jpg 768w, https:\/\/thelittlerstravel.com\/wp-content\/uploads\/2020\/07\/IMG_5852-1536x1152.jpg 1536w, https:\/\/thelittlerstravel.com\/wp-content\/uploads\/2020\/07\/IMG_5852-2048x1536.jpg 2048w, https:\/\/thelittlerstravel.com\/wp-content\/uploads\/2020\/07\/IMG_5852-1920x1440.jpg 1920w, https:\/\/thelittlerstravel.com\/wp-content\/uploads\/2020\/07\/IMG_5852-600x450.jpg 600w, https:\/\/thelittlerstravel.com\/wp-content\/uploads\/2020\/07\/IMG_5852-800x600.jpg 800w, https:\/\/thelittlerstravel.com\/wp-content\/uploads\/2020\/07\/IMG_5852-141x106.jpg 141w, https:\/\/thelittlerstravel.com\/wp-content\/uploads\/2020\/07\/IMG_5852-380x285.jpg 380w, https:\/\/thelittlerstravel.com\/wp-content\/uploads\/2020\/07\/IMG_5852-247x186.jpg 247w\" sizes=\"auto, (max-width: 1024px) 100vw, 1024px\" \/><\/figure><\/div><\/div><\/div><figcaption class=\"coblocks-gallery--caption coblocks-gallery--primary-caption\">Lavadero de La Vall d&#8217;Alcal\u00e0<\/figcaption><\/div>\n\n\n\n<p>Aunque si es hora de comer, te recomendar\u00edamos continuar a la izquierda para ir al <strong>Bar Restaurante La Tona<\/strong>, un lugar acogedor, con cocina tradicional y de calidad, no te puedes perder los Mintxos o un buen arroz.<\/p>\n\n\n\n<h3 class=\"has-trawell-cat-2-color has-text-color wp-block-heading\" id=\"despoblado-de-l-adzuvieta\"><span class=\"ez-toc-section\" id=\"Despoblado_de_lAdzuvieta\"><\/span>Despoblado de l&#8217;Adzuvieta<span class=\"ez-toc-section-end\"><\/span><\/h3>\n\n\n\n<p>A tan solo unos diez minutos del pueblo y en un agradable paseo, llegas a l&#8217;Adzuvieta, uno de los siete asentamientos que formaban La Vall d&#8217;Alcal\u00e0 en tiempos de Al-Azraq.<\/p>\n\n\n\n<div aria-label=\"Carousel Gallery\" class=\"wp-block-coblocks-gallery-carousel has-responsive-height\"><div class=\"is-cropped coblocks-gallery has-no-alignment has-caption-style-dark has-horizontal-gutter has-lightbox\"><div class=\"has-carousel has-carousel-lrg has-aligned-cells\" data-flickity=\"{&quot;autoPlay&quot;:false,&quot;draggable&quot;:true,&quot;pageDots&quot;:false,&quot;prevNextButtons&quot;:true,&quot;wrapAround&quot;:true,&quot;cellAlign&quot;:&quot;left&quot;,&quot;pauseAutoPlayOnHover&quot;:false,&quot;freeScroll&quot;:false,&quot;arrowShape&quot;:{&quot;x0&quot;:10,&quot;x1&quot;:60,&quot;y1&quot;:50,&quot;x2&quot;:65,&quot;y2&quot;:45,&quot;x3&quot;:20},&quot;thumbnails&quot;:false,&quot;responsiveHeight&quot;:true}\"><div class=\"coblocks-gallery--item\"><figure class=\"coblocks-gallery--figure has-margin-left-5 has-margin-left-mobile-5 has-margin-right-5 has-margin-right-mobile-5\"><img loading=\"lazy\" decoding=\"async\" width=\"1024\" height=\"576\" src=\"https:\/\/thelittlerstravel.com\/wp-content\/uploads\/2020\/07\/DJI_0343-1024x576.jpg\" alt=\"Despoblat de l'Adzuvieta\" data-id=\"2615\" data-link=\"https:\/\/thelittlerstravel.com\/dji_0343\/\" class=\"wp-image-2615\" srcset=\"https:\/\/thelittlerstravel.com\/wp-content\/uploads\/2020\/07\/DJI_0343-1024x576.jpg 1024w, https:\/\/thelittlerstravel.com\/wp-content\/uploads\/2020\/07\/DJI_0343-300x169.jpg 300w, https:\/\/thelittlerstravel.com\/wp-content\/uploads\/2020\/07\/DJI_0343-768x432.jpg 768w, https:\/\/thelittlerstravel.com\/wp-content\/uploads\/2020\/07\/DJI_0343-1536x864.jpg 1536w, https:\/\/thelittlerstravel.com\/wp-content\/uploads\/2020\/07\/DJI_0343-2048x1152.jpg 2048w, https:\/\/thelittlerstravel.com\/wp-content\/uploads\/2020\/07\/DJI_0343-1920x1080.jpg 1920w, https:\/\/thelittlerstravel.com\/wp-content\/uploads\/2020\/07\/DJI_0343-600x338.jpg 600w, https:\/\/thelittlerstravel.com\/wp-content\/uploads\/2020\/07\/DJI_0343-800x450.jpg 800w, https:\/\/thelittlerstravel.com\/wp-content\/uploads\/2020\/07\/DJI_0343-1200x675.jpg 1200w, https:\/\/thelittlerstravel.com\/wp-content\/uploads\/2020\/07\/DJI_0343-585x330.jpg 585w, https:\/\/thelittlerstravel.com\/wp-content\/uploads\/2020\/07\/DJI_0343-385x217.jpg 385w, https:\/\/thelittlerstravel.com\/wp-content\/uploads\/2020\/07\/DJI_0343-380x214.jpg 380w, https:\/\/thelittlerstravel.com\/wp-content\/uploads\/2020\/07\/DJI_0343-247x139.jpg 247w, https:\/\/thelittlerstravel.com\/wp-content\/uploads\/2020\/07\/DJI_0343-278x157.jpg 278w, https:\/\/thelittlerstravel.com\/wp-content\/uploads\/2020\/07\/DJI_0343-178x101.jpg 178w\" sizes=\"auto, (max-width: 1024px) 100vw, 1024px\" \/><\/figure><\/div><div class=\"coblocks-gallery--item\"><figure class=\"coblocks-gallery--figure has-margin-left-5 has-margin-left-mobile-5 has-margin-right-5 has-margin-right-mobile-5\"><img loading=\"lazy\" decoding=\"async\" width=\"1024\" height=\"768\" src=\"https:\/\/thelittlerstravel.com\/wp-content\/uploads\/2020\/07\/IMG_7368-1024x768.jpg\" alt=\"Puente \u00e1rabe\" data-id=\"2666\" data-link=\"https:\/\/thelittlerstravel.com\/img_7368\/\" class=\"wp-image-2666\" srcset=\"https:\/\/thelittlerstravel.com\/wp-content\/uploads\/2020\/07\/IMG_7368-1024x768.jpg 1024w, https:\/\/thelittlerstravel.com\/wp-content\/uploads\/2020\/07\/IMG_7368-300x225.jpg 300w, https:\/\/thelittlerstravel.com\/wp-content\/uploads\/2020\/07\/IMG_7368-768x576.jpg 768w, https:\/\/thelittlerstravel.com\/wp-content\/uploads\/2020\/07\/IMG_7368-1536x1152.jpg 1536w, https:\/\/thelittlerstravel.com\/wp-content\/uploads\/2020\/07\/IMG_7368-2048x1536.jpg 2048w, https:\/\/thelittlerstravel.com\/wp-content\/uploads\/2020\/07\/IMG_7368-1920x1440.jpg 1920w, https:\/\/thelittlerstravel.com\/wp-content\/uploads\/2020\/07\/IMG_7368-600x450.jpg 600w, https:\/\/thelittlerstravel.com\/wp-content\/uploads\/2020\/07\/IMG_7368-800x600.jpg 800w, https:\/\/thelittlerstravel.com\/wp-content\/uploads\/2020\/07\/IMG_7368-141x106.jpg 141w, https:\/\/thelittlerstravel.com\/wp-content\/uploads\/2020\/07\/IMG_7368-380x285.jpg 380w, https:\/\/thelittlerstravel.com\/wp-content\/uploads\/2020\/07\/IMG_7368-247x186.jpg 247w\" sizes=\"auto, (max-width: 1024px) 100vw, 1024px\" \/><\/figure><\/div><div class=\"coblocks-gallery--item\"><figure class=\"coblocks-gallery--figure has-margin-left-5 has-margin-left-mobile-5 has-margin-right-5 has-margin-right-mobile-5\"><img loading=\"lazy\" decoding=\"async\" width=\"1024\" height=\"768\" src=\"https:\/\/thelittlerstravel.com\/wp-content\/uploads\/2020\/07\/IMG_4312-1024x768.jpg\" alt=\"Puerta en despoblat Adzuvieta\" data-id=\"2639\" data-link=\"https:\/\/thelittlerstravel.com\/img_4312\/\" class=\"wp-image-2639\" srcset=\"https:\/\/thelittlerstravel.com\/wp-content\/uploads\/2020\/07\/IMG_4312-1024x768.jpg 1024w, https:\/\/thelittlerstravel.com\/wp-content\/uploads\/2020\/07\/IMG_4312-300x225.jpg 300w, https:\/\/thelittlerstravel.com\/wp-content\/uploads\/2020\/07\/IMG_4312-768x576.jpg 768w, https:\/\/thelittlerstravel.com\/wp-content\/uploads\/2020\/07\/IMG_4312-1536x1152.jpg 1536w, https:\/\/thelittlerstravel.com\/wp-content\/uploads\/2020\/07\/IMG_4312-2048x1536.jpg 2048w, https:\/\/thelittlerstravel.com\/wp-content\/uploads\/2020\/07\/IMG_4312-1920x1440.jpg 1920w, https:\/\/thelittlerstravel.com\/wp-content\/uploads\/2020\/07\/IMG_4312-600x450.jpg 600w, https:\/\/thelittlerstravel.com\/wp-content\/uploads\/2020\/07\/IMG_4312-800x600.jpg 800w, https:\/\/thelittlerstravel.com\/wp-content\/uploads\/2020\/07\/IMG_4312-141x106.jpg 141w, https:\/\/thelittlerstravel.com\/wp-content\/uploads\/2020\/07\/IMG_4312-380x285.jpg 380w, https:\/\/thelittlerstravel.com\/wp-content\/uploads\/2020\/07\/IMG_4312-247x186.jpg 247w\" sizes=\"auto, (max-width: 1024px) 100vw, 1024px\" \/><\/figure><\/div><div class=\"coblocks-gallery--item\"><figure class=\"coblocks-gallery--figure has-margin-left-5 has-margin-left-mobile-5 has-margin-right-5 has-margin-right-mobile-5\"><img loading=\"lazy\" decoding=\"async\" width=\"768\" height=\"1024\" src=\"https:\/\/thelittlerstravel.com\/wp-content\/uploads\/2020\/07\/IMG_0064-768x1024.jpg\" alt=\"Pared despoblat de l'Adzuvieta\" data-id=\"2617\" data-link=\"https:\/\/thelittlerstravel.com\/img_0064\/\" class=\"wp-image-2617\" srcset=\"https:\/\/thelittlerstravel.com\/wp-content\/uploads\/2020\/07\/IMG_0064-768x1024.jpg 768w, https:\/\/thelittlerstravel.com\/wp-content\/uploads\/2020\/07\/IMG_0064-225x300.jpg 225w, https:\/\/thelittlerstravel.com\/wp-content\/uploads\/2020\/07\/IMG_0064-1152x1536.jpg 1152w, https:\/\/thelittlerstravel.com\/wp-content\/uploads\/2020\/07\/IMG_0064-1536x2048.jpg 1536w, https:\/\/thelittlerstravel.com\/wp-content\/uploads\/2020\/07\/IMG_0064-1440x1920.jpg 1440w, https:\/\/thelittlerstravel.com\/wp-content\/uploads\/2020\/07\/IMG_0064-600x800.jpg 600w, https:\/\/thelittlerstravel.com\/wp-content\/uploads\/2020\/07\/IMG_0064-800x1067.jpg 800w, https:\/\/thelittlerstravel.com\/wp-content\/uploads\/2020\/07\/IMG_0064-380x507.jpg 380w, https:\/\/thelittlerstravel.com\/wp-content\/uploads\/2020\/07\/IMG_0064-247x330.jpg 247w, https:\/\/thelittlerstravel.com\/wp-content\/uploads\/2020\/07\/IMG_0064-278x371.jpg 278w\" sizes=\"auto, (max-width: 768px) 100vw, 768px\" \/><\/figure><\/div><div class=\"coblocks-gallery--item\"><figure class=\"coblocks-gallery--figure has-margin-left-5 has-margin-left-mobile-5 has-margin-right-5 has-margin-right-mobile-5\"><img loading=\"lazy\" decoding=\"async\" width=\"768\" height=\"1024\" src=\"https:\/\/thelittlerstravel.com\/wp-content\/uploads\/2020\/07\/IMG_3010-768x1024.jpg\" alt=\"Puente de piedra\" data-id=\"2698\" data-link=\"https:\/\/thelittlerstravel.com\/img_3010\/\" class=\"wp-image-2698\" srcset=\"https:\/\/thelittlerstravel.com\/wp-content\/uploads\/2020\/07\/IMG_3010-768x1024.jpg 768w, https:\/\/thelittlerstravel.com\/wp-content\/uploads\/2020\/07\/IMG_3010-225x300.jpg 225w, https:\/\/thelittlerstravel.com\/wp-content\/uploads\/2020\/07\/IMG_3010-1152x1536.jpg 1152w, https:\/\/thelittlerstravel.com\/wp-content\/uploads\/2020\/07\/IMG_3010-1536x2048.jpg 1536w, https:\/\/thelittlerstravel.com\/wp-content\/uploads\/2020\/07\/IMG_3010-1440x1920.jpg 1440w, https:\/\/thelittlerstravel.com\/wp-content\/uploads\/2020\/07\/IMG_3010-600x800.jpg 600w, https:\/\/thelittlerstravel.com\/wp-content\/uploads\/2020\/07\/IMG_3010-800x1067.jpg 800w, https:\/\/thelittlerstravel.com\/wp-content\/uploads\/2020\/07\/IMG_3010-380x507.jpg 380w, https:\/\/thelittlerstravel.com\/wp-content\/uploads\/2020\/07\/IMG_3010-247x330.jpg 247w, https:\/\/thelittlerstravel.com\/wp-content\/uploads\/2020\/07\/IMG_3010-278x371.jpg 278w\" sizes=\"auto, (max-width: 768px) 100vw, 768px\" \/><\/figure><\/div><div class=\"coblocks-gallery--item\"><figure class=\"coblocks-gallery--figure has-margin-left-5 has-margin-left-mobile-5 has-margin-right-5 has-margin-right-mobile-5\"><img loading=\"lazy\" decoding=\"async\" width=\"1024\" height=\"1002\" src=\"https:\/\/thelittlerstravel.com\/wp-content\/uploads\/2020\/07\/IMG_5167-1-1024x1002.jpg\" alt=\"Puente \u00e1rabe\" data-id=\"2718\" data-link=\"https:\/\/thelittlerstravel.com\/img_5167-2\/\" class=\"wp-image-2718\" srcset=\"https:\/\/thelittlerstravel.com\/wp-content\/uploads\/2020\/07\/IMG_5167-1-1024x1002.jpg 1024w, https:\/\/thelittlerstravel.com\/wp-content\/uploads\/2020\/07\/IMG_5167-1-300x293.jpg 300w, https:\/\/thelittlerstravel.com\/wp-content\/uploads\/2020\/07\/IMG_5167-1-768x751.jpg 768w, https:\/\/thelittlerstravel.com\/wp-content\/uploads\/2020\/07\/IMG_5167-1-600x587.jpg 600w, https:\/\/thelittlerstravel.com\/wp-content\/uploads\/2020\/07\/IMG_5167-1-800x783.jpg 800w, https:\/\/thelittlerstravel.com\/wp-content\/uploads\/2020\/07\/IMG_5167-1.jpg 1242w\" sizes=\"auto, (max-width: 1024px) 100vw, 1024px\" \/><\/figure><\/div><div class=\"coblocks-gallery--item\"><figure class=\"coblocks-gallery--figure has-margin-left-5 has-margin-left-mobile-5 has-margin-right-5 has-margin-right-mobile-5\"><img loading=\"lazy\" decoding=\"async\" width=\"768\" height=\"1024\" src=\"https:\/\/thelittlerstravel.com\/wp-content\/uploads\/2020\/07\/IMG_6645-768x1024.jpg\" alt=\"Rio\" data-id=\"2656\" data-link=\"https:\/\/thelittlerstravel.com\/img_6645\/\" class=\"wp-image-2656\" srcset=\"https:\/\/thelittlerstravel.com\/wp-content\/uploads\/2020\/07\/IMG_6645-768x1024.jpg 768w, https:\/\/thelittlerstravel.com\/wp-content\/uploads\/2020\/07\/IMG_6645-225x300.jpg 225w, https:\/\/thelittlerstravel.com\/wp-content\/uploads\/2020\/07\/IMG_6645-1152x1536.jpg 1152w, https:\/\/thelittlerstravel.com\/wp-content\/uploads\/2020\/07\/IMG_6645-1536x2048.jpg 1536w, https:\/\/thelittlerstravel.com\/wp-content\/uploads\/2020\/07\/IMG_6645-1440x1920.jpg 1440w, https:\/\/thelittlerstravel.com\/wp-content\/uploads\/2020\/07\/IMG_6645-600x800.jpg 600w, https:\/\/thelittlerstravel.com\/wp-content\/uploads\/2020\/07\/IMG_6645-800x1067.jpg 800w, https:\/\/thelittlerstravel.com\/wp-content\/uploads\/2020\/07\/IMG_6645-380x507.jpg 380w, https:\/\/thelittlerstravel.com\/wp-content\/uploads\/2020\/07\/IMG_6645-247x330.jpg 247w, https:\/\/thelittlerstravel.com\/wp-content\/uploads\/2020\/07\/IMG_6645-278x371.jpg 278w\" sizes=\"auto, (max-width: 768px) 100vw, 768px\" \/><\/figure><\/div><\/div><\/div><figcaption class=\"coblocks-gallery--caption coblocks-gallery--primary-caption\">Despoblat de l&#8217;Adzuvieta<\/figcaption><\/div>\n\n\n\n<p>Todav\u00eda se aprecian las estructuras que una vez formaron parte de un peque\u00f1o poblado y que mientras atraviesas sus arcos en perfectas condiciones, te llevar\u00e1n de vuelta al pasado.<\/p>\n\n\n\n<h3 class=\"has-trawell-cat-2-color has-text-color wp-block-heading\" id=\"nevera\"><span class=\"ez-toc-section\" id=\"Nevera\"><\/span>Nevera<span class=\"ez-toc-section-end\"><\/span><\/h3>\n\n\n\n<p>A unos 15 minutos andando desde el pueblo, por un camino sencillo de piedras, llegar\u00e1s a la Nevera, una estructura de piedra en forma de c\u00fapula y que se utilizaba para almacenar la nieve que ca\u00eda en invierno en esta zona y que despu\u00e9s, vender\u00edan en la costa para la elaboraci\u00f3n de helados.<\/p>\n\n\n\n<div aria-label=\"Carousel Gallery\" class=\"wp-block-coblocks-gallery-carousel has-responsive-height\"><div class=\"is-cropped coblocks-gallery has-no-alignment has-caption-style-dark has-horizontal-gutter has-lightbox\"><div class=\"has-carousel has-carousel-lrg has-aligned-cells\" data-flickity=\"{&quot;autoPlay&quot;:false,&quot;draggable&quot;:true,&quot;pageDots&quot;:false,&quot;prevNextButtons&quot;:true,&quot;wrapAround&quot;:true,&quot;cellAlign&quot;:&quot;left&quot;,&quot;pauseAutoPlayOnHover&quot;:false,&quot;freeScroll&quot;:false,&quot;arrowShape&quot;:{&quot;x0&quot;:10,&quot;x1&quot;:60,&quot;y1&quot;:50,&quot;x2&quot;:65,&quot;y2&quot;:45,&quot;x3&quot;:20},&quot;thumbnails&quot;:false,&quot;responsiveHeight&quot;:true}\"><div class=\"coblocks-gallery--item\"><figure class=\"coblocks-gallery--figure has-margin-left-5 has-margin-left-mobile-5 has-margin-right-5 has-margin-right-mobile-5\"><img loading=\"lazy\" decoding=\"async\" width=\"1024\" height=\"768\" src=\"https:\/\/thelittlerstravel.com\/wp-content\/uploads\/2020\/07\/IMG_5837-1024x768.jpg\" alt=\"Nevera La Vall d'Alcal\u00e0\" data-id=\"2788\" data-link=\"https:\/\/thelittlerstravel.com\/img_5837\/\" class=\"wp-image-2788\" srcset=\"https:\/\/thelittlerstravel.com\/wp-content\/uploads\/2020\/07\/IMG_5837-1024x768.jpg 1024w, https:\/\/thelittlerstravel.com\/wp-content\/uploads\/2020\/07\/IMG_5837-300x225.jpg 300w, https:\/\/thelittlerstravel.com\/wp-content\/uploads\/2020\/07\/IMG_5837-768x576.jpg 768w, https:\/\/thelittlerstravel.com\/wp-content\/uploads\/2020\/07\/IMG_5837-1536x1152.jpg 1536w, https:\/\/thelittlerstravel.com\/wp-content\/uploads\/2020\/07\/IMG_5837-2048x1536.jpg 2048w, https:\/\/thelittlerstravel.com\/wp-content\/uploads\/2020\/07\/IMG_5837-1920x1440.jpg 1920w, https:\/\/thelittlerstravel.com\/wp-content\/uploads\/2020\/07\/IMG_5837-600x450.jpg 600w, https:\/\/thelittlerstravel.com\/wp-content\/uploads\/2020\/07\/IMG_5837-800x600.jpg 800w, https:\/\/thelittlerstravel.com\/wp-content\/uploads\/2020\/07\/IMG_5837-141x106.jpg 141w, https:\/\/thelittlerstravel.com\/wp-content\/uploads\/2020\/07\/IMG_5837-380x285.jpg 380w, https:\/\/thelittlerstravel.com\/wp-content\/uploads\/2020\/07\/IMG_5837-247x186.jpg 247w\" sizes=\"auto, (max-width: 1024px) 100vw, 1024px\" \/><\/figure><\/div><div class=\"coblocks-gallery--item\"><figure class=\"coblocks-gallery--figure has-margin-left-5 has-margin-left-mobile-5 has-margin-right-5 has-margin-right-mobile-5\"><img loading=\"lazy\" decoding=\"async\" width=\"1024\" height=\"768\" src=\"https:\/\/thelittlerstravel.com\/wp-content\/uploads\/2020\/07\/IMG_5834-1024x768.jpg\" alt=\"Nevero La Vall d'Alcal\u00e0\" data-id=\"2785\" data-link=\"https:\/\/thelittlerstravel.com\/img_5834\/\" class=\"wp-image-2785\" srcset=\"https:\/\/thelittlerstravel.com\/wp-content\/uploads\/2020\/07\/IMG_5834-1024x768.jpg 1024w, https:\/\/thelittlerstravel.com\/wp-content\/uploads\/2020\/07\/IMG_5834-300x225.jpg 300w, https:\/\/thelittlerstravel.com\/wp-content\/uploads\/2020\/07\/IMG_5834-768x576.jpg 768w, https:\/\/thelittlerstravel.com\/wp-content\/uploads\/2020\/07\/IMG_5834-1536x1152.jpg 1536w, https:\/\/thelittlerstravel.com\/wp-content\/uploads\/2020\/07\/IMG_5834-2048x1536.jpg 2048w, https:\/\/thelittlerstravel.com\/wp-content\/uploads\/2020\/07\/IMG_5834-1920x1440.jpg 1920w, https:\/\/thelittlerstravel.com\/wp-content\/uploads\/2020\/07\/IMG_5834-600x450.jpg 600w, https:\/\/thelittlerstravel.com\/wp-content\/uploads\/2020\/07\/IMG_5834-800x600.jpg 800w, https:\/\/thelittlerstravel.com\/wp-content\/uploads\/2020\/07\/IMG_5834-141x106.jpg 141w, https:\/\/thelittlerstravel.com\/wp-content\/uploads\/2020\/07\/IMG_5834-380x285.jpg 380w, https:\/\/thelittlerstravel.com\/wp-content\/uploads\/2020\/07\/IMG_5834-247x186.jpg 247w\" sizes=\"auto, (max-width: 1024px) 100vw, 1024px\" \/><\/figure><\/div><div class=\"coblocks-gallery--item\"><figure class=\"coblocks-gallery--figure has-margin-left-5 has-margin-left-mobile-5 has-margin-right-5 has-margin-right-mobile-5\"><img loading=\"lazy\" decoding=\"async\" width=\"1024\" height=\"768\" src=\"https:\/\/thelittlerstravel.com\/wp-content\/uploads\/2020\/07\/IMG_5835-1024x768.jpg\" alt=\"Nevera de baix La Vall d'Alcal\u00e0\" data-id=\"2786\" data-link=\"https:\/\/thelittlerstravel.com\/img_5835\/\" class=\"wp-image-2786\" srcset=\"https:\/\/thelittlerstravel.com\/wp-content\/uploads\/2020\/07\/IMG_5835-1024x768.jpg 1024w, https:\/\/thelittlerstravel.com\/wp-content\/uploads\/2020\/07\/IMG_5835-300x225.jpg 300w, https:\/\/thelittlerstravel.com\/wp-content\/uploads\/2020\/07\/IMG_5835-768x576.jpg 768w, https:\/\/thelittlerstravel.com\/wp-content\/uploads\/2020\/07\/IMG_5835-1536x1152.jpg 1536w, https:\/\/thelittlerstravel.com\/wp-content\/uploads\/2020\/07\/IMG_5835-2048x1536.jpg 2048w, https:\/\/thelittlerstravel.com\/wp-content\/uploads\/2020\/07\/IMG_5835-1920x1440.jpg 1920w, https:\/\/thelittlerstravel.com\/wp-content\/uploads\/2020\/07\/IMG_5835-600x450.jpg 600w, https:\/\/thelittlerstravel.com\/wp-content\/uploads\/2020\/07\/IMG_5835-800x600.jpg 800w, https:\/\/thelittlerstravel.com\/wp-content\/uploads\/2020\/07\/IMG_5835-141x106.jpg 141w, https:\/\/thelittlerstravel.com\/wp-content\/uploads\/2020\/07\/IMG_5835-380x285.jpg 380w, https:\/\/thelittlerstravel.com\/wp-content\/uploads\/2020\/07\/IMG_5835-247x186.jpg 247w\" sizes=\"auto, (max-width: 1024px) 100vw, 1024px\" \/><\/figure><\/div><div class=\"coblocks-gallery--item\"><figure class=\"coblocks-gallery--figure has-margin-left-5 has-margin-left-mobile-5 has-margin-right-5 has-margin-right-mobile-5\"><img loading=\"lazy\" decoding=\"async\" width=\"1024\" height=\"768\" src=\"https:\/\/thelittlerstravel.com\/wp-content\/uploads\/2020\/07\/IMG_5836-1024x768.jpg\" alt=\"Nevera La Vall d'Alcal\u00e0\" data-id=\"2787\" data-link=\"https:\/\/thelittlerstravel.com\/img_5836\/\" class=\"wp-image-2787\" srcset=\"https:\/\/thelittlerstravel.com\/wp-content\/uploads\/2020\/07\/IMG_5836-1024x768.jpg 1024w, https:\/\/thelittlerstravel.com\/wp-content\/uploads\/2020\/07\/IMG_5836-300x225.jpg 300w, https:\/\/thelittlerstravel.com\/wp-content\/uploads\/2020\/07\/IMG_5836-768x576.jpg 768w, https:\/\/thelittlerstravel.com\/wp-content\/uploads\/2020\/07\/IMG_5836-1536x1152.jpg 1536w, https:\/\/thelittlerstravel.com\/wp-content\/uploads\/2020\/07\/IMG_5836-2048x1536.jpg 2048w, https:\/\/thelittlerstravel.com\/wp-content\/uploads\/2020\/07\/IMG_5836-1920x1440.jpg 1920w, https:\/\/thelittlerstravel.com\/wp-content\/uploads\/2020\/07\/IMG_5836-600x450.jpg 600w, https:\/\/thelittlerstravel.com\/wp-content\/uploads\/2020\/07\/IMG_5836-800x600.jpg 800w, https:\/\/thelittlerstravel.com\/wp-content\/uploads\/2020\/07\/IMG_5836-141x106.jpg 141w, https:\/\/thelittlerstravel.com\/wp-content\/uploads\/2020\/07\/IMG_5836-380x285.jpg 380w, https:\/\/thelittlerstravel.com\/wp-content\/uploads\/2020\/07\/IMG_5836-247x186.jpg 247w\" sizes=\"auto, (max-width: 1024px) 100vw, 1024px\" \/><\/figure><\/div><\/div><\/div><figcaption class=\"coblocks-gallery--caption coblocks-gallery--primary-caption\">La Nevera<\/figcaption><\/div>\n\n\n\n<h3 class=\"has-trawell-cat-2-color has-text-color wp-block-heading\" id=\"la-forada\"><span class=\"ez-toc-section\" id=\"La_Forada\"><\/span>La Forad\u00e0<span class=\"ez-toc-section-end\"><\/span><\/h3>\n\n\n\n<p>Si te ves con ganas de caminar un poco m\u00e1s, en la misma direcci\u00f3n en que se encuentra el despoblado de l&#8217;Adzuvieta, y a unos 40 minutos de senderismo sencillo, podr\u00e1s llegar a la Forad\u00e0, una monta\u00f1a sacada de cuento de hadas.<\/p>\n\n\n\n<p>Si tienes la suerte de estar en estas tierras a principio de marzo o a principio de octubre, podr\u00e1s observar la alineaci\u00f3n solar de La Forad\u00e0 desde el convento franciscano de Benitaia, en La Vall de la Gallinera. <\/p>\n\n\n\n<div aria-label=\"Carousel Gallery\" class=\"wp-block-coblocks-gallery-carousel\"><div class=\"is-cropped coblocks-gallery has-no-alignment has-caption-style-dark has-horizontal-gutter\"><div class=\"has-carousel has-carousel-lrg\" style=\"height:400px\" data-flickity=\"{&quot;autoPlay&quot;:false,&quot;draggable&quot;:true,&quot;pageDots&quot;:false,&quot;prevNextButtons&quot;:true,&quot;wrapAround&quot;:true,&quot;cellAlign&quot;:&quot;center&quot;,&quot;pauseAutoPlayOnHover&quot;:false,&quot;freeScroll&quot;:false,&quot;arrowShape&quot;:{&quot;x0&quot;:10,&quot;x1&quot;:60,&quot;y1&quot;:50,&quot;x2&quot;:65,&quot;y2&quot;:45,&quot;x3&quot;:20},&quot;thumbnails&quot;:false,&quot;responsiveHeight&quot;:false}\"><div class=\"coblocks-gallery--item\"><figure class=\"coblocks-gallery--figure has-margin-left-5 has-margin-left-mobile-5 has-margin-right-5 has-margin-right-mobile-5\"><img loading=\"lazy\" decoding=\"async\" width=\"1024\" height=\"768\" src=\"https:\/\/thelittlerstravel.com\/wp-content\/uploads\/2020\/07\/IMG_4267-1024x768.jpg\" alt=\"Alineaci\u00f3n solar La Forad\u00e0\" data-id=\"2638\" data-link=\"https:\/\/thelittlerstravel.com\/img_4267\/\" class=\"wp-image-2638\" srcset=\"https:\/\/thelittlerstravel.com\/wp-content\/uploads\/2020\/07\/IMG_4267-1024x768.jpg 1024w, https:\/\/thelittlerstravel.com\/wp-content\/uploads\/2020\/07\/IMG_4267-300x225.jpg 300w, https:\/\/thelittlerstravel.com\/wp-content\/uploads\/2020\/07\/IMG_4267-768x576.jpg 768w, https:\/\/thelittlerstravel.com\/wp-content\/uploads\/2020\/07\/IMG_4267-1536x1152.jpg 1536w, https:\/\/thelittlerstravel.com\/wp-content\/uploads\/2020\/07\/IMG_4267-2048x1536.jpg 2048w, https:\/\/thelittlerstravel.com\/wp-content\/uploads\/2020\/07\/IMG_4267-1920x1440.jpg 1920w, https:\/\/thelittlerstravel.com\/wp-content\/uploads\/2020\/07\/IMG_4267-600x450.jpg 600w, https:\/\/thelittlerstravel.com\/wp-content\/uploads\/2020\/07\/IMG_4267-800x600.jpg 800w, https:\/\/thelittlerstravel.com\/wp-content\/uploads\/2020\/07\/IMG_4267-141x106.jpg 141w, https:\/\/thelittlerstravel.com\/wp-content\/uploads\/2020\/07\/IMG_4267-380x285.jpg 380w, https:\/\/thelittlerstravel.com\/wp-content\/uploads\/2020\/07\/IMG_4267-247x186.jpg 247w\" sizes=\"auto, (max-width: 1024px) 100vw, 1024px\" \/><\/figure><\/div><div class=\"coblocks-gallery--item\"><figure class=\"coblocks-gallery--figure has-margin-left-5 has-margin-left-mobile-5 has-margin-right-5 has-margin-right-mobile-5\"><img loading=\"lazy\" decoding=\"async\" width=\"1024\" height=\"654\" src=\"https:\/\/thelittlerstravel.com\/wp-content\/uploads\/2020\/07\/IMG_2931-1024x654.jpg\" alt=\"La Forad\u00e0\" data-id=\"2632\" data-link=\"https:\/\/thelittlerstravel.com\/img_2931\/\" class=\"wp-image-2632\" srcset=\"https:\/\/thelittlerstravel.com\/wp-content\/uploads\/2020\/07\/IMG_2931-1024x654.jpg 1024w, https:\/\/thelittlerstravel.com\/wp-content\/uploads\/2020\/07\/IMG_2931-300x192.jpg 300w, https:\/\/thelittlerstravel.com\/wp-content\/uploads\/2020\/07\/IMG_2931-768x490.jpg 768w, https:\/\/thelittlerstravel.com\/wp-content\/uploads\/2020\/07\/IMG_2931-600x383.jpg 600w, https:\/\/thelittlerstravel.com\/wp-content\/uploads\/2020\/07\/IMG_2931-800x511.jpg 800w, https:\/\/thelittlerstravel.com\/wp-content\/uploads\/2020\/07\/IMG_2931.jpg 1101w\" sizes=\"auto, (max-width: 1024px) 100vw, 1024px\" \/><\/figure><\/div><\/div><\/div><\/div>\n\n\n\n<p>La Forad\u00e0 (La Agujereada en castellano) y tal y como su nombre indica, es una monta\u00f1a con un gigantesco agujero natural que te permite, una vez en el agujero, divisar La Vall d&#8217;Alcal\u00e0 a un lado y La Vall de la Gallinera en el otro. Este lugar no deja indiferente a nadie.<\/p>\n\n\n\n<h3 class=\"has-trawell-cat-2-color has-text-color wp-block-heading\" id=\"callejeando-por-beniaia\"><span class=\"ez-toc-section\" id=\"Callejeando_por_Beniaia\"><\/span>Callejeando por Beniaia<span class=\"ez-toc-section-end\"><\/span><\/h3>\n\n\n\n<p>Beniaia es otro de los asentamientos que a d\u00eda de hoy todav\u00eda tiene habitantes, es el segundo n\u00facleo urbano de La Vall d&#8217;Alcal\u00e0 en n\u00famero de habitantes (unos 20 en invierno) pero m\u00e1s bonito si cabe.<\/p>\n\n\n\n<p>Uno de los lugares clave a visitar es la <strong>iglesia<\/strong>, muy peque\u00f1a y llena de historia. Esta iglesia se encuentra en el <strong>Carrer de Baix,<\/strong> una calle muy bien cuidada con unas fachadas de piedra que son la delicia de cualquiera que lo visita.<\/p>\n\n\n\n<div class=\"wp-block-image\"><figure class=\"aligncenter size-large is-resized\"><img loading=\"lazy\" decoding=\"async\" src=\"https:\/\/thelittlerstravel.com\/wp-content\/uploads\/2020\/07\/IMG_6801-768x1024.jpg\" alt=\"Carrer de Baix Beniaia\" class=\"wp-image-2721\" width=\"266\" height=\"356\" srcset=\"https:\/\/thelittlerstravel.com\/wp-content\/uploads\/2020\/07\/IMG_6801-768x1024.jpg 768w, https:\/\/thelittlerstravel.com\/wp-content\/uploads\/2020\/07\/IMG_6801-225x300.jpg 225w, https:\/\/thelittlerstravel.com\/wp-content\/uploads\/2020\/07\/IMG_6801-1152x1536.jpg 1152w, https:\/\/thelittlerstravel.com\/wp-content\/uploads\/2020\/07\/IMG_6801-1536x2048.jpg 1536w, https:\/\/thelittlerstravel.com\/wp-content\/uploads\/2020\/07\/IMG_6801-1440x1920.jpg 1440w, https:\/\/thelittlerstravel.com\/wp-content\/uploads\/2020\/07\/IMG_6801-600x800.jpg 600w, https:\/\/thelittlerstravel.com\/wp-content\/uploads\/2020\/07\/IMG_6801-800x1067.jpg 800w, https:\/\/thelittlerstravel.com\/wp-content\/uploads\/2020\/07\/IMG_6801-380x507.jpg 380w, https:\/\/thelittlerstravel.com\/wp-content\/uploads\/2020\/07\/IMG_6801-247x330.jpg 247w, https:\/\/thelittlerstravel.com\/wp-content\/uploads\/2020\/07\/IMG_6801-278x371.jpg 278w\" sizes=\"auto, (max-width: 266px) 100vw, 266px\" \/><figcaption>Carrer de Baix de Beniaia<\/figcaption><\/figure><\/div>\n\n\n\n<p>Si vamos a la plaza del pueblo, ver\u00e1s el <strong>Bar Restaurante El Llogaret<\/strong>, no te vayas sin comer all\u00ed! Cuando termines, si sigues esa misma calle y andas por unos pocos minutos, llegar\u00e1s en un agradable paseo, al <strong>Lavadero<\/strong>, toda una joya.<\/p>\n\n\n\n<div class=\"wp-block-image\"><figure class=\"aligncenter size-large is-resized\"><img loading=\"lazy\" decoding=\"async\" src=\"https:\/\/thelittlerstravel.com\/wp-content\/uploads\/2020\/07\/IMG_5691-1024x768.jpg\" alt=\"Plaza Beniaia en Fiestas\" class=\"wp-image-2714\" width=\"468\" height=\"351\" srcset=\"https:\/\/thelittlerstravel.com\/wp-content\/uploads\/2020\/07\/IMG_5691-1024x768.jpg 1024w, https:\/\/thelittlerstravel.com\/wp-content\/uploads\/2020\/07\/IMG_5691-300x225.jpg 300w, https:\/\/thelittlerstravel.com\/wp-content\/uploads\/2020\/07\/IMG_5691-768x576.jpg 768w, https:\/\/thelittlerstravel.com\/wp-content\/uploads\/2020\/07\/IMG_5691-1536x1152.jpg 1536w, https:\/\/thelittlerstravel.com\/wp-content\/uploads\/2020\/07\/IMG_5691-2048x1536.jpg 2048w, https:\/\/thelittlerstravel.com\/wp-content\/uploads\/2020\/07\/IMG_5691-1920x1440.jpg 1920w, https:\/\/thelittlerstravel.com\/wp-content\/uploads\/2020\/07\/IMG_5691-600x450.jpg 600w, https:\/\/thelittlerstravel.com\/wp-content\/uploads\/2020\/07\/IMG_5691-800x600.jpg 800w, https:\/\/thelittlerstravel.com\/wp-content\/uploads\/2020\/07\/IMG_5691-141x106.jpg 141w, https:\/\/thelittlerstravel.com\/wp-content\/uploads\/2020\/07\/IMG_5691-380x285.jpg 380w, https:\/\/thelittlerstravel.com\/wp-content\/uploads\/2020\/07\/IMG_5691-247x186.jpg 247w\" sizes=\"auto, (max-width: 468px) 100vw, 468px\" \/><figcaption>Plaza de Beniaia en fiestas<\/figcaption><\/figure><\/div>\n\n\n\n<h3 class=\"has-trawell-cat-2-color has-text-color wp-block-heading\" id=\"despoblado-de-la-queirola\"><span class=\"ez-toc-section\" id=\"Despoblado_de_la_Queirola\"><\/span>Despoblado de la Queirola<span class=\"ez-toc-section-end\"><\/span><\/h3>\n\n\n\n<p>La Queirola es otro de los cinco despoblados \u00e1rabes de La Vall d&#8217;Alcal\u00e0 y que en este caso, est\u00e1 muy cercano a Beniaia. Pasea y d\u00e9jate impresionar por sus muros de piedra y sus arcos. <\/p>\n\n\n\n<div class=\"wp-block-image\"><figure class=\"aligncenter size-large is-resized\"><img loading=\"lazy\" decoding=\"async\" src=\"https:\/\/thelittlerstravel.com\/wp-content\/uploads\/2020\/07\/IMG_3183-768x1024.jpg\" alt=\"Despoblado La Queirola\" class=\"wp-image-2770\" width=\"269\" height=\"359\" srcset=\"https:\/\/thelittlerstravel.com\/wp-content\/uploads\/2020\/07\/IMG_3183-768x1024.jpg 768w, https:\/\/thelittlerstravel.com\/wp-content\/uploads\/2020\/07\/IMG_3183-225x300.jpg 225w, https:\/\/thelittlerstravel.com\/wp-content\/uploads\/2020\/07\/IMG_3183-1152x1536.jpg 1152w, https:\/\/thelittlerstravel.com\/wp-content\/uploads\/2020\/07\/IMG_3183-1536x2048.jpg 1536w, https:\/\/thelittlerstravel.com\/wp-content\/uploads\/2020\/07\/IMG_3183-1440x1920.jpg 1440w, https:\/\/thelittlerstravel.com\/wp-content\/uploads\/2020\/07\/IMG_3183-600x800.jpg 600w, https:\/\/thelittlerstravel.com\/wp-content\/uploads\/2020\/07\/IMG_3183-800x1067.jpg 800w, https:\/\/thelittlerstravel.com\/wp-content\/uploads\/2020\/07\/IMG_3183-380x507.jpg 380w, https:\/\/thelittlerstravel.com\/wp-content\/uploads\/2020\/07\/IMG_3183-247x330.jpg 247w, https:\/\/thelittlerstravel.com\/wp-content\/uploads\/2020\/07\/IMG_3183-278x371.jpg 278w\" sizes=\"auto, (max-width: 269px) 100vw, 269px\" \/><figcaption>Despoblado La Queirola<\/figcaption><\/figure><\/div>\n\n\n\n<h3 class=\"has-trawell-cat-2-color has-text-color wp-block-heading\" id=\"el-condoig\"><span class=\"ez-toc-section\" id=\"El_Condoig\"><\/span>El Condoig<span class=\"ez-toc-section-end\"><\/span><\/h3>\n\n\n\n<p>Este es un paraje natural \u00fanico, al que llegar\u00e1s en una horita de senderismo desde Beniaia. En esta zona se dan unas condiciones atmosf\u00e9ricas \u00fanicas que permiten que crezca una planta \u00fanica en el mundo.<\/p>\n\n\n\n<div aria-label=\"Carousel Gallery\" class=\"wp-block-coblocks-gallery-carousel has-responsive-height\"><div class=\"is-cropped coblocks-gallery has-no-alignment has-caption-style-dark has-horizontal-gutter has-lightbox\"><div class=\"has-carousel has-carousel-lrg has-aligned-cells\" data-flickity=\"{&quot;autoPlay&quot;:false,&quot;draggable&quot;:true,&quot;pageDots&quot;:false,&quot;prevNextButtons&quot;:true,&quot;wrapAround&quot;:true,&quot;cellAlign&quot;:&quot;left&quot;,&quot;pauseAutoPlayOnHover&quot;:false,&quot;freeScroll&quot;:false,&quot;arrowShape&quot;:{&quot;x0&quot;:10,&quot;x1&quot;:60,&quot;y1&quot;:50,&quot;x2&quot;:65,&quot;y2&quot;:45,&quot;x3&quot;:20},&quot;thumbnails&quot;:false,&quot;responsiveHeight&quot;:true}\"><div class=\"coblocks-gallery--item\"><figure class=\"coblocks-gallery--figure has-margin-left-5 has-margin-left-mobile-5 has-margin-right-5 has-margin-right-mobile-5\"><img loading=\"lazy\" decoding=\"async\" width=\"768\" height=\"1024\" src=\"https:\/\/thelittlerstravel.com\/wp-content\/uploads\/2020\/07\/IMG_3141-768x1024.jpg\" alt=\"Paraje natural El Condoig\" data-id=\"2683\" data-link=\"https:\/\/thelittlerstravel.com\/img_3141\/\" class=\"wp-image-2683\" srcset=\"https:\/\/thelittlerstravel.com\/wp-content\/uploads\/2020\/07\/IMG_3141-768x1024.jpg 768w, https:\/\/thelittlerstravel.com\/wp-content\/uploads\/2020\/07\/IMG_3141-225x300.jpg 225w, https:\/\/thelittlerstravel.com\/wp-content\/uploads\/2020\/07\/IMG_3141-1152x1536.jpg 1152w, https:\/\/thelittlerstravel.com\/wp-content\/uploads\/2020\/07\/IMG_3141-1536x2048.jpg 1536w, https:\/\/thelittlerstravel.com\/wp-content\/uploads\/2020\/07\/IMG_3141-1440x1920.jpg 1440w, https:\/\/thelittlerstravel.com\/wp-content\/uploads\/2020\/07\/IMG_3141-600x800.jpg 600w, https:\/\/thelittlerstravel.com\/wp-content\/uploads\/2020\/07\/IMG_3141-800x1067.jpg 800w, https:\/\/thelittlerstravel.com\/wp-content\/uploads\/2020\/07\/IMG_3141-380x507.jpg 380w, https:\/\/thelittlerstravel.com\/wp-content\/uploads\/2020\/07\/IMG_3141-247x330.jpg 247w, https:\/\/thelittlerstravel.com\/wp-content\/uploads\/2020\/07\/IMG_3141-278x371.jpg 278w\" sizes=\"auto, (max-width: 768px) 100vw, 768px\" \/><\/figure><\/div><div class=\"coblocks-gallery--item\"><figure class=\"coblocks-gallery--figure has-margin-left-5 has-margin-left-mobile-5 has-margin-right-5 has-margin-right-mobile-5\"><img loading=\"lazy\" decoding=\"async\" width=\"768\" height=\"1024\" src=\"https:\/\/thelittlerstravel.com\/wp-content\/uploads\/2020\/07\/IMG_3170-768x1024.jpg\" alt=\"El Condoig\" data-id=\"2686\" data-link=\"https:\/\/thelittlerstravel.com\/img_3170\/\" class=\"wp-image-2686\" srcset=\"https:\/\/thelittlerstravel.com\/wp-content\/uploads\/2020\/07\/IMG_3170-768x1024.jpg 768w, https:\/\/thelittlerstravel.com\/wp-content\/uploads\/2020\/07\/IMG_3170-225x300.jpg 225w, https:\/\/thelittlerstravel.com\/wp-content\/uploads\/2020\/07\/IMG_3170-1152x1536.jpg 1152w, https:\/\/thelittlerstravel.com\/wp-content\/uploads\/2020\/07\/IMG_3170-1536x2048.jpg 1536w, https:\/\/thelittlerstravel.com\/wp-content\/uploads\/2020\/07\/IMG_3170-1440x1920.jpg 1440w, https:\/\/thelittlerstravel.com\/wp-content\/uploads\/2020\/07\/IMG_3170-600x800.jpg 600w, https:\/\/thelittlerstravel.com\/wp-content\/uploads\/2020\/07\/IMG_3170-800x1067.jpg 800w, https:\/\/thelittlerstravel.com\/wp-content\/uploads\/2020\/07\/IMG_3170-380x507.jpg 380w, https:\/\/thelittlerstravel.com\/wp-content\/uploads\/2020\/07\/IMG_3170-247x330.jpg 247w, https:\/\/thelittlerstravel.com\/wp-content\/uploads\/2020\/07\/IMG_3170-278x371.jpg 278w\" sizes=\"auto, (max-width: 768px) 100vw, 768px\" \/><\/figure><\/div><div class=\"coblocks-gallery--item\"><figure class=\"coblocks-gallery--figure has-margin-left-5 has-margin-left-mobile-5 has-margin-right-5 has-margin-right-mobile-5\"><img loading=\"lazy\" decoding=\"async\" width=\"768\" height=\"1024\" src=\"https:\/\/thelittlerstravel.com\/wp-content\/uploads\/2020\/07\/IMG_3165-768x1024.jpg\" alt=\"Camino al Condoig\" data-id=\"2685\" data-link=\"https:\/\/thelittlerstravel.com\/img_3165\/\" class=\"wp-image-2685\" srcset=\"https:\/\/thelittlerstravel.com\/wp-content\/uploads\/2020\/07\/IMG_3165-768x1024.jpg 768w, https:\/\/thelittlerstravel.com\/wp-content\/uploads\/2020\/07\/IMG_3165-225x300.jpg 225w, https:\/\/thelittlerstravel.com\/wp-content\/uploads\/2020\/07\/IMG_3165-1152x1536.jpg 1152w, https:\/\/thelittlerstravel.com\/wp-content\/uploads\/2020\/07\/IMG_3165-1536x2048.jpg 1536w, https:\/\/thelittlerstravel.com\/wp-content\/uploads\/2020\/07\/IMG_3165-1440x1920.jpg 1440w, https:\/\/thelittlerstravel.com\/wp-content\/uploads\/2020\/07\/IMG_3165-600x800.jpg 600w, https:\/\/thelittlerstravel.com\/wp-content\/uploads\/2020\/07\/IMG_3165-800x1067.jpg 800w, https:\/\/thelittlerstravel.com\/wp-content\/uploads\/2020\/07\/IMG_3165-380x507.jpg 380w, https:\/\/thelittlerstravel.com\/wp-content\/uploads\/2020\/07\/IMG_3165-247x330.jpg 247w, https:\/\/thelittlerstravel.com\/wp-content\/uploads\/2020\/07\/IMG_3165-278x371.jpg 278w\" sizes=\"auto, (max-width: 768px) 100vw, 768px\" \/><\/figure><\/div><div class=\"coblocks-gallery--item\"><figure class=\"coblocks-gallery--figure has-margin-left-5 has-margin-left-mobile-5 has-margin-right-5 has-margin-right-mobile-5\"><img loading=\"lazy\" decoding=\"async\" width=\"768\" height=\"1024\" src=\"https:\/\/thelittlerstravel.com\/wp-content\/uploads\/2020\/07\/IMG_3111-768x1024.jpg\" alt=\"Flora en El Condoig\" data-id=\"2682\" data-link=\"https:\/\/thelittlerstravel.com\/img_3111\/\" class=\"wp-image-2682\" srcset=\"https:\/\/thelittlerstravel.com\/wp-content\/uploads\/2020\/07\/IMG_3111-768x1024.jpg 768w, https:\/\/thelittlerstravel.com\/wp-content\/uploads\/2020\/07\/IMG_3111-225x300.jpg 225w, https:\/\/thelittlerstravel.com\/wp-content\/uploads\/2020\/07\/IMG_3111-1152x1536.jpg 1152w, https:\/\/thelittlerstravel.com\/wp-content\/uploads\/2020\/07\/IMG_3111-1536x2048.jpg 1536w, https:\/\/thelittlerstravel.com\/wp-content\/uploads\/2020\/07\/IMG_3111-1440x1920.jpg 1440w, https:\/\/thelittlerstravel.com\/wp-content\/uploads\/2020\/07\/IMG_3111-600x800.jpg 600w, https:\/\/thelittlerstravel.com\/wp-content\/uploads\/2020\/07\/IMG_3111-800x1067.jpg 800w, https:\/\/thelittlerstravel.com\/wp-content\/uploads\/2020\/07\/IMG_3111-380x507.jpg 380w, https:\/\/thelittlerstravel.com\/wp-content\/uploads\/2020\/07\/IMG_3111-247x330.jpg 247w, https:\/\/thelittlerstravel.com\/wp-content\/uploads\/2020\/07\/IMG_3111-278x371.jpg 278w\" sizes=\"auto, (max-width: 768px) 100vw, 768px\" \/><\/figure><\/div><div class=\"coblocks-gallery--item\"><figure class=\"coblocks-gallery--figure has-margin-left-5 has-margin-left-mobile-5 has-margin-right-5 has-margin-right-mobile-5\"><img loading=\"lazy\" decoding=\"async\" width=\"768\" height=\"1024\" src=\"https:\/\/thelittlerstravel.com\/wp-content\/uploads\/2020\/07\/IMG_3147-768x1024.jpg\" alt=\"El Condoig\" data-id=\"2684\" data-link=\"https:\/\/thelittlerstravel.com\/img_3147\/\" class=\"wp-image-2684\" srcset=\"https:\/\/thelittlerstravel.com\/wp-content\/uploads\/2020\/07\/IMG_3147-768x1024.jpg 768w, https:\/\/thelittlerstravel.com\/wp-content\/uploads\/2020\/07\/IMG_3147-225x300.jpg 225w, https:\/\/thelittlerstravel.com\/wp-content\/uploads\/2020\/07\/IMG_3147-1152x1536.jpg 1152w, https:\/\/thelittlerstravel.com\/wp-content\/uploads\/2020\/07\/IMG_3147-1536x2048.jpg 1536w, https:\/\/thelittlerstravel.com\/wp-content\/uploads\/2020\/07\/IMG_3147-1440x1920.jpg 1440w, https:\/\/thelittlerstravel.com\/wp-content\/uploads\/2020\/07\/IMG_3147-600x800.jpg 600w, https:\/\/thelittlerstravel.com\/wp-content\/uploads\/2020\/07\/IMG_3147-800x1067.jpg 800w, https:\/\/thelittlerstravel.com\/wp-content\/uploads\/2020\/07\/IMG_3147-380x507.jpg 380w, https:\/\/thelittlerstravel.com\/wp-content\/uploads\/2020\/07\/IMG_3147-247x330.jpg 247w, https:\/\/thelittlerstravel.com\/wp-content\/uploads\/2020\/07\/IMG_3147-278x371.jpg 278w\" sizes=\"auto, (max-width: 768px) 100vw, 768px\" \/><\/figure><\/div><\/div><\/div><figcaption class=\"coblocks-gallery--caption coblocks-gallery--primary-caption\">El Condoig<\/figcaption><\/div>\n\n\n\n<h3 class=\"has-trawell-cat-2-color has-text-color wp-block-heading\" id=\"callejeando-por-la-vall-d-ebo\"><span class=\"ez-toc-section\" id=\"Callejeando_por_La_Vall_dEbo\"><\/span>Callejeando por La Vall d&#8217;Ebo<span class=\"ez-toc-section-end\"><\/span><\/h3>\n\n\n\n<p>A 10 minutos de La Vall d&#8217;Alcal\u00e0, encontramos otro municipio llamado La Vall d&#8217;Ebo en el que encontramos <strong>La Cova del Rull.<\/strong><\/p>\n\n\n\n<div class=\"wp-block-image\"><figure class=\"aligncenter size-large is-resized\"><img loading=\"lazy\" decoding=\"async\" src=\"https:\/\/thelittlerstravel.com\/wp-content\/uploads\/2020\/09\/IMG_7901-1024x768.jpg\" alt=\"Entrada Cova del Rull\" class=\"wp-image-2968\" width=\"471\" height=\"353\" srcset=\"https:\/\/thelittlerstravel.com\/wp-content\/uploads\/2020\/09\/IMG_7901-1024x768.jpg 1024w, https:\/\/thelittlerstravel.com\/wp-content\/uploads\/2020\/09\/IMG_7901-300x225.jpg 300w, https:\/\/thelittlerstravel.com\/wp-content\/uploads\/2020\/09\/IMG_7901-768x576.jpg 768w, https:\/\/thelittlerstravel.com\/wp-content\/uploads\/2020\/09\/IMG_7901-1536x1152.jpg 1536w, https:\/\/thelittlerstravel.com\/wp-content\/uploads\/2020\/09\/IMG_7901-2048x1536.jpg 2048w, https:\/\/thelittlerstravel.com\/wp-content\/uploads\/2020\/09\/IMG_7901-1920x1440.jpg 1920w, https:\/\/thelittlerstravel.com\/wp-content\/uploads\/2020\/09\/IMG_7901-600x450.jpg 600w, https:\/\/thelittlerstravel.com\/wp-content\/uploads\/2020\/09\/IMG_7901-800x600.jpg 800w, https:\/\/thelittlerstravel.com\/wp-content\/uploads\/2020\/09\/IMG_7901-141x106.jpg 141w, https:\/\/thelittlerstravel.com\/wp-content\/uploads\/2020\/09\/IMG_7901-380x285.jpg 380w, https:\/\/thelittlerstravel.com\/wp-content\/uploads\/2020\/09\/IMG_7901-247x186.jpg 247w\" sizes=\"auto, (max-width: 471px) 100vw, 471px\" \/><figcaption>Entrada Cova del Rull<\/figcaption><\/figure><\/div>\n\n\n\n<p>Es una cueva muy bien mantenida en la que podr\u00e1s ver cientos de estalactitas y estalagmitas. Junto con la entrada, que tiene un coste de unos pocos euros, adem\u00e1s se te incluye una visita guiada. Puedes informarte de todo en esta web de <a href=\"https:\/\/lavalldebo.org\/es\/la-cueva-del-rull\/\">aqu\u00ed<\/a>.<br>A pesar de que la hemos visitado cientos de veces, no tenemos fotograf\u00edas puesto que estas est\u00e1n prohibidas con tal de evitar que se da\u00f1en las estructuras y creaciones naturales, as\u00ed que cuando las visites, seguro que te impresionar\u00e1n todav\u00eda m\u00e1s.<\/p>\n\n\n\n<h2 class=\"has-trawell-cat-2-color has-text-color wp-block-heading\" id=\"dia-3-en-el-interior-de-alicante-petracos-y-guadalest\"><span class=\"ez-toc-section\" id=\"Dia_3_en_el_interior_de_Alicante_%E2%80%93_Petracos_y_Guadalest\"><\/span>D\u00eda 3 en el interior de Alicante &#8211; Petracos y Guadalest<span class=\"ez-toc-section-end\"><\/span><\/h2>\n\n\n\n<p>A pesar de que Alicante sea sobretodo conocido por sus playas, tanto la costa como el interior, tienen tanto que ofrecer, que podr\u00edas pasar semanas en la zona del interior de Alicante deslumbr\u00e1ndote de todas las maravillas que posee.<br>Este tercer d\u00eda lo dedicaremos a Petracos y Guadalest.<\/p>\n\n\n\n<h3 class=\"has-trawell-cat-2-color has-text-color wp-block-heading\" id=\"pinturas-rupestres-del-santuario-del-pla-de-petracos\"><span class=\"ez-toc-section\" id=\"Pinturas_Rupestres_del_Santuario_del_Pla_de_Petracos\"><\/span>Pinturas Rupestres del Santuario del Pl\u00e1 de Petracos&nbsp;<span class=\"ez-toc-section-end\"><\/span><\/h3>\n\n\n\n<p>Si has pasado la noche en La Vall d&#8217;Alcala, de camino a Guadalest, te recomendamos que vayas por el Pl\u00e0 de Petracos, cerca del municipio Castell de Castells, atravesando una carretera de monta\u00f1a que te llevar\u00e1 a un yacimiento clave para el arte rupestre.<\/p>\n\n\n\n<div aria-label=\"Carousel Gallery\" class=\"wp-block-coblocks-gallery-carousel has-responsive-height\"><div class=\"is-cropped coblocks-gallery has-no-alignment has-caption-style-dark has-horizontal-gutter has-lightbox\"><div class=\"has-carousel has-carousel-lrg has-aligned-cells\" data-flickity=\"{&quot;autoPlay&quot;:false,&quot;draggable&quot;:true,&quot;pageDots&quot;:false,&quot;prevNextButtons&quot;:true,&quot;wrapAround&quot;:true,&quot;cellAlign&quot;:&quot;left&quot;,&quot;pauseAutoPlayOnHover&quot;:false,&quot;freeScroll&quot;:false,&quot;arrowShape&quot;:{&quot;x0&quot;:10,&quot;x1&quot;:60,&quot;y1&quot;:50,&quot;x2&quot;:65,&quot;y2&quot;:45,&quot;x3&quot;:20},&quot;thumbnails&quot;:false,&quot;responsiveHeight&quot;:true}\"><div class=\"coblocks-gallery--item\"><figure class=\"coblocks-gallery--figure has-margin-left-5 has-margin-left-mobile-5 has-margin-right-5 has-margin-right-mobile-5\"><img loading=\"lazy\" decoding=\"async\" width=\"1024\" height=\"768\" src=\"https:\/\/thelittlerstravel.com\/wp-content\/uploads\/2020\/09\/IMG_2115-1024x768.jpg\" alt=\"Pinturas rupestres Petracos\" data-id=\"2961\" data-link=\"https:\/\/thelittlerstravel.com\/img_2115\/\" class=\"wp-image-2961\" srcset=\"https:\/\/thelittlerstravel.com\/wp-content\/uploads\/2020\/09\/IMG_2115-1024x768.jpg 1024w, https:\/\/thelittlerstravel.com\/wp-content\/uploads\/2020\/09\/IMG_2115-300x225.jpg 300w, https:\/\/thelittlerstravel.com\/wp-content\/uploads\/2020\/09\/IMG_2115-768x576.jpg 768w, https:\/\/thelittlerstravel.com\/wp-content\/uploads\/2020\/09\/IMG_2115-1536x1152.jpg 1536w, https:\/\/thelittlerstravel.com\/wp-content\/uploads\/2020\/09\/IMG_2115-2048x1536.jpg 2048w, https:\/\/thelittlerstravel.com\/wp-content\/uploads\/2020\/09\/IMG_2115-1920x1440.jpg 1920w, https:\/\/thelittlerstravel.com\/wp-content\/uploads\/2020\/09\/IMG_2115-600x450.jpg 600w, https:\/\/thelittlerstravel.com\/wp-content\/uploads\/2020\/09\/IMG_2115-800x600.jpg 800w, https:\/\/thelittlerstravel.com\/wp-content\/uploads\/2020\/09\/IMG_2115-141x106.jpg 141w, https:\/\/thelittlerstravel.com\/wp-content\/uploads\/2020\/09\/IMG_2115-380x285.jpg 380w, https:\/\/thelittlerstravel.com\/wp-content\/uploads\/2020\/09\/IMG_2115-247x186.jpg 247w\" sizes=\"auto, (max-width: 1024px) 100vw, 1024px\" \/><\/figure><\/div><div class=\"coblocks-gallery--item\"><figure class=\"coblocks-gallery--figure has-margin-left-5 has-margin-left-mobile-5 has-margin-right-5 has-margin-right-mobile-5\"><img loading=\"lazy\" decoding=\"async\" width=\"1024\" height=\"768\" src=\"https:\/\/thelittlerstravel.com\/wp-content\/uploads\/2020\/09\/IMG_2120-1024x768.jpg\" alt=\"Vistas desde Pinturas Petracos\" data-id=\"2963\" data-link=\"https:\/\/thelittlerstravel.com\/img_2120\/\" class=\"wp-image-2963\" srcset=\"https:\/\/thelittlerstravel.com\/wp-content\/uploads\/2020\/09\/IMG_2120-1024x768.jpg 1024w, https:\/\/thelittlerstravel.com\/wp-content\/uploads\/2020\/09\/IMG_2120-300x225.jpg 300w, https:\/\/thelittlerstravel.com\/wp-content\/uploads\/2020\/09\/IMG_2120-768x576.jpg 768w, https:\/\/thelittlerstravel.com\/wp-content\/uploads\/2020\/09\/IMG_2120-1536x1152.jpg 1536w, https:\/\/thelittlerstravel.com\/wp-content\/uploads\/2020\/09\/IMG_2120-2048x1536.jpg 2048w, https:\/\/thelittlerstravel.com\/wp-content\/uploads\/2020\/09\/IMG_2120-1920x1440.jpg 1920w, https:\/\/thelittlerstravel.com\/wp-content\/uploads\/2020\/09\/IMG_2120-600x450.jpg 600w, https:\/\/thelittlerstravel.com\/wp-content\/uploads\/2020\/09\/IMG_2120-800x600.jpg 800w, https:\/\/thelittlerstravel.com\/wp-content\/uploads\/2020\/09\/IMG_2120-141x106.jpg 141w, https:\/\/thelittlerstravel.com\/wp-content\/uploads\/2020\/09\/IMG_2120-380x285.jpg 380w, https:\/\/thelittlerstravel.com\/wp-content\/uploads\/2020\/09\/IMG_2120-247x186.jpg 247w\" sizes=\"auto, (max-width: 1024px) 100vw, 1024px\" \/><\/figure><\/div><div class=\"coblocks-gallery--item\"><figure class=\"coblocks-gallery--figure has-margin-left-5 has-margin-left-mobile-5 has-margin-right-5 has-margin-right-mobile-5\"><img loading=\"lazy\" decoding=\"async\" width=\"1024\" height=\"768\" src=\"https:\/\/thelittlerstravel.com\/wp-content\/uploads\/2020\/09\/IMG_2125-1024x768.jpg\" alt=\"Cueva pinturas Petracos\" data-id=\"2965\" data-link=\"https:\/\/thelittlerstravel.com\/img_2125\/\" class=\"wp-image-2965\" srcset=\"https:\/\/thelittlerstravel.com\/wp-content\/uploads\/2020\/09\/IMG_2125-1024x768.jpg 1024w, https:\/\/thelittlerstravel.com\/wp-content\/uploads\/2020\/09\/IMG_2125-300x225.jpg 300w, https:\/\/thelittlerstravel.com\/wp-content\/uploads\/2020\/09\/IMG_2125-768x576.jpg 768w, https:\/\/thelittlerstravel.com\/wp-content\/uploads\/2020\/09\/IMG_2125-1536x1152.jpg 1536w, https:\/\/thelittlerstravel.com\/wp-content\/uploads\/2020\/09\/IMG_2125-2048x1536.jpg 2048w, https:\/\/thelittlerstravel.com\/wp-content\/uploads\/2020\/09\/IMG_2125-1920x1440.jpg 1920w, https:\/\/thelittlerstravel.com\/wp-content\/uploads\/2020\/09\/IMG_2125-600x450.jpg 600w, https:\/\/thelittlerstravel.com\/wp-content\/uploads\/2020\/09\/IMG_2125-800x600.jpg 800w, https:\/\/thelittlerstravel.com\/wp-content\/uploads\/2020\/09\/IMG_2125-141x106.jpg 141w, https:\/\/thelittlerstravel.com\/wp-content\/uploads\/2020\/09\/IMG_2125-380x285.jpg 380w, https:\/\/thelittlerstravel.com\/wp-content\/uploads\/2020\/09\/IMG_2125-247x186.jpg 247w\" sizes=\"auto, (max-width: 1024px) 100vw, 1024px\" \/><\/figure><\/div><div class=\"coblocks-gallery--item\"><figure class=\"coblocks-gallery--figure has-margin-left-5 has-margin-left-mobile-5 has-margin-right-5 has-margin-right-mobile-5\"><img loading=\"lazy\" decoding=\"async\" width=\"1024\" height=\"768\" src=\"https:\/\/thelittlerstravel.com\/wp-content\/uploads\/2020\/09\/IMG_2114-1024x768.jpg\" alt=\"Pinturas rupestres Petracos\" data-id=\"2960\" data-link=\"https:\/\/thelittlerstravel.com\/img_2114-2\/\" class=\"wp-image-2960\" srcset=\"https:\/\/thelittlerstravel.com\/wp-content\/uploads\/2020\/09\/IMG_2114-1024x768.jpg 1024w, https:\/\/thelittlerstravel.com\/wp-content\/uploads\/2020\/09\/IMG_2114-300x225.jpg 300w, https:\/\/thelittlerstravel.com\/wp-content\/uploads\/2020\/09\/IMG_2114-768x576.jpg 768w, https:\/\/thelittlerstravel.com\/wp-content\/uploads\/2020\/09\/IMG_2114-1536x1152.jpg 1536w, https:\/\/thelittlerstravel.com\/wp-content\/uploads\/2020\/09\/IMG_2114-2048x1536.jpg 2048w, https:\/\/thelittlerstravel.com\/wp-content\/uploads\/2020\/09\/IMG_2114-1920x1440.jpg 1920w, https:\/\/thelittlerstravel.com\/wp-content\/uploads\/2020\/09\/IMG_2114-600x450.jpg 600w, https:\/\/thelittlerstravel.com\/wp-content\/uploads\/2020\/09\/IMG_2114-800x600.jpg 800w, https:\/\/thelittlerstravel.com\/wp-content\/uploads\/2020\/09\/IMG_2114-141x106.jpg 141w, https:\/\/thelittlerstravel.com\/wp-content\/uploads\/2020\/09\/IMG_2114-380x285.jpg 380w, https:\/\/thelittlerstravel.com\/wp-content\/uploads\/2020\/09\/IMG_2114-247x186.jpg 247w\" sizes=\"auto, (max-width: 1024px) 100vw, 1024px\" \/><\/figure><\/div><div class=\"coblocks-gallery--item\"><figure class=\"coblocks-gallery--figure has-margin-left-5 has-margin-left-mobile-5 has-margin-right-5 has-margin-right-mobile-5\"><img loading=\"lazy\" decoding=\"async\" width=\"1024\" height=\"768\" src=\"https:\/\/thelittlerstravel.com\/wp-content\/uploads\/2020\/09\/IMG_2123-1024x768.jpg\" alt=\"Pinturas rupestres Petracos\" data-id=\"2964\" data-link=\"https:\/\/thelittlerstravel.com\/img_2123\/\" class=\"wp-image-2964\" srcset=\"https:\/\/thelittlerstravel.com\/wp-content\/uploads\/2020\/09\/IMG_2123-1024x768.jpg 1024w, https:\/\/thelittlerstravel.com\/wp-content\/uploads\/2020\/09\/IMG_2123-300x225.jpg 300w, https:\/\/thelittlerstravel.com\/wp-content\/uploads\/2020\/09\/IMG_2123-768x576.jpg 768w, https:\/\/thelittlerstravel.com\/wp-content\/uploads\/2020\/09\/IMG_2123-1536x1152.jpg 1536w, https:\/\/thelittlerstravel.com\/wp-content\/uploads\/2020\/09\/IMG_2123-2048x1536.jpg 2048w, https:\/\/thelittlerstravel.com\/wp-content\/uploads\/2020\/09\/IMG_2123-1920x1440.jpg 1920w, https:\/\/thelittlerstravel.com\/wp-content\/uploads\/2020\/09\/IMG_2123-600x450.jpg 600w, https:\/\/thelittlerstravel.com\/wp-content\/uploads\/2020\/09\/IMG_2123-800x600.jpg 800w, https:\/\/thelittlerstravel.com\/wp-content\/uploads\/2020\/09\/IMG_2123-141x106.jpg 141w, https:\/\/thelittlerstravel.com\/wp-content\/uploads\/2020\/09\/IMG_2123-380x285.jpg 380w, https:\/\/thelittlerstravel.com\/wp-content\/uploads\/2020\/09\/IMG_2123-247x186.jpg 247w\" sizes=\"auto, (max-width: 1024px) 100vw, 1024px\" \/><\/figure><\/div><div class=\"coblocks-gallery--item\"><figure class=\"coblocks-gallery--figure has-margin-left-5 has-margin-left-mobile-5 has-margin-right-5 has-margin-right-mobile-5\"><img loading=\"lazy\" decoding=\"async\" width=\"1024\" height=\"768\" src=\"https:\/\/thelittlerstravel.com\/wp-content\/uploads\/2020\/09\/IMG_2130-1024x768.jpg\" alt=\"Cueva pinturas Petracos\" data-id=\"2967\" data-link=\"https:\/\/thelittlerstravel.com\/img_2130\/\" class=\"wp-image-2967\" srcset=\"https:\/\/thelittlerstravel.com\/wp-content\/uploads\/2020\/09\/IMG_2130-1024x768.jpg 1024w, https:\/\/thelittlerstravel.com\/wp-content\/uploads\/2020\/09\/IMG_2130-300x225.jpg 300w, https:\/\/thelittlerstravel.com\/wp-content\/uploads\/2020\/09\/IMG_2130-768x576.jpg 768w, https:\/\/thelittlerstravel.com\/wp-content\/uploads\/2020\/09\/IMG_2130-1536x1152.jpg 1536w, https:\/\/thelittlerstravel.com\/wp-content\/uploads\/2020\/09\/IMG_2130-2048x1536.jpg 2048w, https:\/\/thelittlerstravel.com\/wp-content\/uploads\/2020\/09\/IMG_2130-1920x1440.jpg 1920w, https:\/\/thelittlerstravel.com\/wp-content\/uploads\/2020\/09\/IMG_2130-600x450.jpg 600w, https:\/\/thelittlerstravel.com\/wp-content\/uploads\/2020\/09\/IMG_2130-800x600.jpg 800w, https:\/\/thelittlerstravel.com\/wp-content\/uploads\/2020\/09\/IMG_2130-141x106.jpg 141w, https:\/\/thelittlerstravel.com\/wp-content\/uploads\/2020\/09\/IMG_2130-380x285.jpg 380w, https:\/\/thelittlerstravel.com\/wp-content\/uploads\/2020\/09\/IMG_2130-247x186.jpg 247w\" sizes=\"auto, (max-width: 1024px) 100vw, 1024px\" \/><\/figure><\/div><div class=\"coblocks-gallery--item\"><figure class=\"coblocks-gallery--figure has-margin-left-5 has-margin-left-mobile-5 has-margin-right-5 has-margin-right-mobile-5\"><img loading=\"lazy\" decoding=\"async\" width=\"1024\" height=\"768\" src=\"https:\/\/thelittlerstravel.com\/wp-content\/uploads\/2020\/09\/IMG_2109-1024x768.jpg\" alt=\"Vistas desde Pinturas Petracos\" data-id=\"2959\" data-link=\"https:\/\/thelittlerstravel.com\/img_2109-2\/\" class=\"wp-image-2959\" srcset=\"https:\/\/thelittlerstravel.com\/wp-content\/uploads\/2020\/09\/IMG_2109-1024x768.jpg 1024w, https:\/\/thelittlerstravel.com\/wp-content\/uploads\/2020\/09\/IMG_2109-300x225.jpg 300w, https:\/\/thelittlerstravel.com\/wp-content\/uploads\/2020\/09\/IMG_2109-768x576.jpg 768w, https:\/\/thelittlerstravel.com\/wp-content\/uploads\/2020\/09\/IMG_2109-1536x1152.jpg 1536w, https:\/\/thelittlerstravel.com\/wp-content\/uploads\/2020\/09\/IMG_2109-2048x1536.jpg 2048w, https:\/\/thelittlerstravel.com\/wp-content\/uploads\/2020\/09\/IMG_2109-1920x1440.jpg 1920w, https:\/\/thelittlerstravel.com\/wp-content\/uploads\/2020\/09\/IMG_2109-600x450.jpg 600w, https:\/\/thelittlerstravel.com\/wp-content\/uploads\/2020\/09\/IMG_2109-800x600.jpg 800w, https:\/\/thelittlerstravel.com\/wp-content\/uploads\/2020\/09\/IMG_2109-141x106.jpg 141w, https:\/\/thelittlerstravel.com\/wp-content\/uploads\/2020\/09\/IMG_2109-380x285.jpg 380w, https:\/\/thelittlerstravel.com\/wp-content\/uploads\/2020\/09\/IMG_2109-247x186.jpg 247w\" sizes=\"auto, (max-width: 1024px) 100vw, 1024px\" \/><\/figure><\/div><div class=\"coblocks-gallery--item\"><figure class=\"coblocks-gallery--figure has-margin-left-5 has-margin-left-mobile-5 has-margin-right-5 has-margin-right-mobile-5\"><img loading=\"lazy\" decoding=\"async\" width=\"1024\" height=\"768\" src=\"https:\/\/thelittlerstravel.com\/wp-content\/uploads\/2020\/09\/IMG_2117-1024x768.jpg\" alt=\"Pinturas rupestres Petracos\" data-id=\"2962\" data-link=\"https:\/\/thelittlerstravel.com\/img_2117\/\" class=\"wp-image-2962\" srcset=\"https:\/\/thelittlerstravel.com\/wp-content\/uploads\/2020\/09\/IMG_2117-1024x768.jpg 1024w, https:\/\/thelittlerstravel.com\/wp-content\/uploads\/2020\/09\/IMG_2117-300x225.jpg 300w, https:\/\/thelittlerstravel.com\/wp-content\/uploads\/2020\/09\/IMG_2117-768x576.jpg 768w, https:\/\/thelittlerstravel.com\/wp-content\/uploads\/2020\/09\/IMG_2117-1536x1152.jpg 1536w, https:\/\/thelittlerstravel.com\/wp-content\/uploads\/2020\/09\/IMG_2117-2048x1536.jpg 2048w, https:\/\/thelittlerstravel.com\/wp-content\/uploads\/2020\/09\/IMG_2117-1920x1440.jpg 1920w, https:\/\/thelittlerstravel.com\/wp-content\/uploads\/2020\/09\/IMG_2117-600x450.jpg 600w, https:\/\/thelittlerstravel.com\/wp-content\/uploads\/2020\/09\/IMG_2117-800x600.jpg 800w, https:\/\/thelittlerstravel.com\/wp-content\/uploads\/2020\/09\/IMG_2117-141x106.jpg 141w, https:\/\/thelittlerstravel.com\/wp-content\/uploads\/2020\/09\/IMG_2117-380x285.jpg 380w, https:\/\/thelittlerstravel.com\/wp-content\/uploads\/2020\/09\/IMG_2117-247x186.jpg 247w\" sizes=\"auto, (max-width: 1024px) 100vw, 1024px\" \/><\/figure><\/div><\/div><\/div><figcaption class=\"coblocks-gallery--caption coblocks-gallery--primary-caption\">Pinturas rupestres Petracos<\/figcaption><\/div>\n\n\n\n<p>Estas pinturas datan de hace unos 8000 a\u00f1os y est\u00e1n reconocidas como Patrimonio de la Humanidad por la UNESCO.<\/p>\n\n\n\n<h3 class=\"has-trawell-cat-2-color has-text-color wp-block-heading\" id=\"guadalest\"><span class=\"ez-toc-section\" id=\"Guadalest\"><\/span>Guadalest<span class=\"ez-toc-section-end\"><\/span><\/h3>\n\n\n\n<p>Cuando llegues a Guadalest, te recomendamos que aparques en el aparcamiento de la entrada del pueblo, de esa manera, te permitir\u00e1 callejear y perderte entre sus maravillosas calles.<\/p>\n\n\n\n<p>Mientras pasees, estamos seguros de que te sorprender\u00e1 la cantidad de museos con los que te encuentras de camino: de las miniaturas, de las casas de mu\u00f1ecas, de la tortura&#8230; y es que no es para menos! ya que esta localidad es conocida, entre otras cosas, por la gran cantidad de museos que posee. Seguro que encuentras varios que quieres visitar.<\/p>\n\n\n\n<div aria-label=\"Carousel Gallery\" class=\"wp-block-coblocks-gallery-carousel has-responsive-height\"><div class=\"is-cropped coblocks-gallery has-no-alignment has-caption-style-dark has-horizontal-gutter has-lightbox\"><div class=\"has-carousel has-carousel-lrg has-aligned-cells\" data-flickity=\"{&quot;autoPlay&quot;:false,&quot;draggable&quot;:true,&quot;pageDots&quot;:false,&quot;prevNextButtons&quot;:true,&quot;wrapAround&quot;:true,&quot;cellAlign&quot;:&quot;left&quot;,&quot;pauseAutoPlayOnHover&quot;:false,&quot;freeScroll&quot;:false,&quot;arrowShape&quot;:{&quot;x0&quot;:10,&quot;x1&quot;:60,&quot;y1&quot;:50,&quot;x2&quot;:65,&quot;y2&quot;:45,&quot;x3&quot;:20},&quot;thumbnails&quot;:false,&quot;responsiveHeight&quot;:true}\"><div class=\"coblocks-gallery--item\"><figure class=\"coblocks-gallery--figure has-margin-left-5 has-margin-left-mobile-5 has-margin-right-5 has-margin-right-mobile-5\"><img loading=\"lazy\" decoding=\"async\" width=\"768\" height=\"1024\" src=\"https:\/\/thelittlerstravel.com\/wp-content\/uploads\/2020\/07\/IMG_1312-768x1024.jpg\" alt=\"Castillo Guadalest\" data-id=\"2768\" data-link=\"https:\/\/thelittlerstravel.com\/img_1312\/\" class=\"wp-image-2768\" srcset=\"https:\/\/thelittlerstravel.com\/wp-content\/uploads\/2020\/07\/IMG_1312-768x1024.jpg 768w, https:\/\/thelittlerstravel.com\/wp-content\/uploads\/2020\/07\/IMG_1312-225x300.jpg 225w, https:\/\/thelittlerstravel.com\/wp-content\/uploads\/2020\/07\/IMG_1312-1152x1536.jpg 1152w, https:\/\/thelittlerstravel.com\/wp-content\/uploads\/2020\/07\/IMG_1312-1536x2048.jpg 1536w, https:\/\/thelittlerstravel.com\/wp-content\/uploads\/2020\/07\/IMG_1312-1440x1920.jpg 1440w, https:\/\/thelittlerstravel.com\/wp-content\/uploads\/2020\/07\/IMG_1312-600x800.jpg 600w, https:\/\/thelittlerstravel.com\/wp-content\/uploads\/2020\/07\/IMG_1312-800x1067.jpg 800w, https:\/\/thelittlerstravel.com\/wp-content\/uploads\/2020\/07\/IMG_1312-380x507.jpg 380w, https:\/\/thelittlerstravel.com\/wp-content\/uploads\/2020\/07\/IMG_1312-247x330.jpg 247w, https:\/\/thelittlerstravel.com\/wp-content\/uploads\/2020\/07\/IMG_1312-278x371.jpg 278w\" sizes=\"auto, (max-width: 768px) 100vw, 768px\" \/><\/figure><\/div><div class=\"coblocks-gallery--item\"><figure class=\"coblocks-gallery--figure has-margin-left-5 has-margin-left-mobile-5 has-margin-right-5 has-margin-right-mobile-5\"><img loading=\"lazy\" decoding=\"async\" width=\"1024\" height=\"768\" src=\"https:\/\/thelittlerstravel.com\/wp-content\/uploads\/2020\/07\/IMG_2054-1024x768.jpg\" alt=\"Vistas Castillo Guadalest\" data-id=\"2769\" data-link=\"https:\/\/thelittlerstravel.com\/img_2054\/\" class=\"wp-image-2769\" srcset=\"https:\/\/thelittlerstravel.com\/wp-content\/uploads\/2020\/07\/IMG_2054-1024x768.jpg 1024w, https:\/\/thelittlerstravel.com\/wp-content\/uploads\/2020\/07\/IMG_2054-300x225.jpg 300w, https:\/\/thelittlerstravel.com\/wp-content\/uploads\/2020\/07\/IMG_2054-768x576.jpg 768w, https:\/\/thelittlerstravel.com\/wp-content\/uploads\/2020\/07\/IMG_2054-1536x1152.jpg 1536w, https:\/\/thelittlerstravel.com\/wp-content\/uploads\/2020\/07\/IMG_2054-2048x1536.jpg 2048w, https:\/\/thelittlerstravel.com\/wp-content\/uploads\/2020\/07\/IMG_2054-1920x1440.jpg 1920w, https:\/\/thelittlerstravel.com\/wp-content\/uploads\/2020\/07\/IMG_2054-600x450.jpg 600w, https:\/\/thelittlerstravel.com\/wp-content\/uploads\/2020\/07\/IMG_2054-800x600.jpg 800w, https:\/\/thelittlerstravel.com\/wp-content\/uploads\/2020\/07\/IMG_2054-141x106.jpg 141w, https:\/\/thelittlerstravel.com\/wp-content\/uploads\/2020\/07\/IMG_2054-380x285.jpg 380w, https:\/\/thelittlerstravel.com\/wp-content\/uploads\/2020\/07\/IMG_2054-247x186.jpg 247w\" sizes=\"auto, (max-width: 1024px) 100vw, 1024px\" \/><\/figure><\/div><div class=\"coblocks-gallery--item\"><figure class=\"coblocks-gallery--figure has-margin-left-5 has-margin-left-mobile-5 has-margin-right-5 has-margin-right-mobile-5\"><img loading=\"lazy\" decoding=\"async\" width=\"768\" height=\"1024\" src=\"https:\/\/thelittlerstravel.com\/wp-content\/uploads\/2020\/07\/IMG_3855-768x1024.jpg\" alt=\"Subida Castillo Guadalest\" data-id=\"2772\" data-link=\"https:\/\/thelittlerstravel.com\/img_3855\/\" class=\"wp-image-2772\" srcset=\"https:\/\/thelittlerstravel.com\/wp-content\/uploads\/2020\/07\/IMG_3855-768x1024.jpg 768w, https:\/\/thelittlerstravel.com\/wp-content\/uploads\/2020\/07\/IMG_3855-225x300.jpg 225w, https:\/\/thelittlerstravel.com\/wp-content\/uploads\/2020\/07\/IMG_3855-1152x1536.jpg 1152w, https:\/\/thelittlerstravel.com\/wp-content\/uploads\/2020\/07\/IMG_3855-1536x2048.jpg 1536w, https:\/\/thelittlerstravel.com\/wp-content\/uploads\/2020\/07\/IMG_3855-1440x1920.jpg 1440w, https:\/\/thelittlerstravel.com\/wp-content\/uploads\/2020\/07\/IMG_3855-600x800.jpg 600w, https:\/\/thelittlerstravel.com\/wp-content\/uploads\/2020\/07\/IMG_3855-800x1067.jpg 800w, https:\/\/thelittlerstravel.com\/wp-content\/uploads\/2020\/07\/IMG_3855-380x507.jpg 380w, https:\/\/thelittlerstravel.com\/wp-content\/uploads\/2020\/07\/IMG_3855-247x330.jpg 247w, https:\/\/thelittlerstravel.com\/wp-content\/uploads\/2020\/07\/IMG_3855-278x371.jpg 278w\" sizes=\"auto, (max-width: 768px) 100vw, 768px\" \/><\/figure><\/div><div class=\"coblocks-gallery--item\"><figure class=\"coblocks-gallery--figure has-margin-left-5 has-margin-left-mobile-5 has-margin-right-5 has-margin-right-mobile-5\"><img loading=\"lazy\" decoding=\"async\" width=\"768\" height=\"1024\" src=\"https:\/\/thelittlerstravel.com\/wp-content\/uploads\/2020\/07\/IMG_5076-768x1024.jpg\" alt=\"Torre\u00f3n Guadalest\" data-id=\"2775\" data-link=\"https:\/\/thelittlerstravel.com\/img_5076\/\" class=\"wp-image-2775\" srcset=\"https:\/\/thelittlerstravel.com\/wp-content\/uploads\/2020\/07\/IMG_5076-768x1024.jpg 768w, https:\/\/thelittlerstravel.com\/wp-content\/uploads\/2020\/07\/IMG_5076-225x300.jpg 225w, https:\/\/thelittlerstravel.com\/wp-content\/uploads\/2020\/07\/IMG_5076-1152x1536.jpg 1152w, https:\/\/thelittlerstravel.com\/wp-content\/uploads\/2020\/07\/IMG_5076-1536x2048.jpg 1536w, https:\/\/thelittlerstravel.com\/wp-content\/uploads\/2020\/07\/IMG_5076-1440x1920.jpg 1440w, https:\/\/thelittlerstravel.com\/wp-content\/uploads\/2020\/07\/IMG_5076-600x800.jpg 600w, https:\/\/thelittlerstravel.com\/wp-content\/uploads\/2020\/07\/IMG_5076-800x1067.jpg 800w, https:\/\/thelittlerstravel.com\/wp-content\/uploads\/2020\/07\/IMG_5076-380x507.jpg 380w, https:\/\/thelittlerstravel.com\/wp-content\/uploads\/2020\/07\/IMG_5076-247x330.jpg 247w, https:\/\/thelittlerstravel.com\/wp-content\/uploads\/2020\/07\/IMG_5076-278x371.jpg 278w\" sizes=\"auto, (max-width: 768px) 100vw, 768px\" \/><\/figure><\/div><div class=\"coblocks-gallery--item\"><figure class=\"coblocks-gallery--figure has-margin-left-5 has-margin-left-mobile-5 has-margin-right-5 has-margin-right-mobile-5\"><img loading=\"lazy\" decoding=\"async\" width=\"1024\" height=\"768\" src=\"https:\/\/thelittlerstravel.com\/wp-content\/uploads\/2020\/07\/IMG_3325-1024x768.jpg\" alt=\"Lago Castillo Guadalest\" data-id=\"2771\" data-link=\"https:\/\/thelittlerstravel.com\/img_3325\/\" class=\"wp-image-2771\" srcset=\"https:\/\/thelittlerstravel.com\/wp-content\/uploads\/2020\/07\/IMG_3325-1024x768.jpg 1024w, https:\/\/thelittlerstravel.com\/wp-content\/uploads\/2020\/07\/IMG_3325-300x225.jpg 300w, https:\/\/thelittlerstravel.com\/wp-content\/uploads\/2020\/07\/IMG_3325-768x576.jpg 768w, https:\/\/thelittlerstravel.com\/wp-content\/uploads\/2020\/07\/IMG_3325-1536x1152.jpg 1536w, https:\/\/thelittlerstravel.com\/wp-content\/uploads\/2020\/07\/IMG_3325-2048x1536.jpg 2048w, https:\/\/thelittlerstravel.com\/wp-content\/uploads\/2020\/07\/IMG_3325-1920x1440.jpg 1920w, https:\/\/thelittlerstravel.com\/wp-content\/uploads\/2020\/07\/IMG_3325-600x450.jpg 600w, https:\/\/thelittlerstravel.com\/wp-content\/uploads\/2020\/07\/IMG_3325-800x600.jpg 800w, https:\/\/thelittlerstravel.com\/wp-content\/uploads\/2020\/07\/IMG_3325-141x106.jpg 141w, https:\/\/thelittlerstravel.com\/wp-content\/uploads\/2020\/07\/IMG_3325-380x285.jpg 380w, https:\/\/thelittlerstravel.com\/wp-content\/uploads\/2020\/07\/IMG_3325-247x186.jpg 247w\" sizes=\"auto, (max-width: 1024px) 100vw, 1024px\" \/><\/figure><\/div><div class=\"coblocks-gallery--item\"><figure class=\"coblocks-gallery--figure has-margin-left-5 has-margin-left-mobile-5 has-margin-right-5 has-margin-right-mobile-5\"><img loading=\"lazy\" decoding=\"async\" width=\"768\" height=\"1024\" src=\"https:\/\/thelittlerstravel.com\/wp-content\/uploads\/2020\/07\/IMG_7329-768x1024.jpg\" alt=\"Castillo Guadalest\" data-id=\"2778\" data-link=\"https:\/\/thelittlerstravel.com\/img_7329\/\" class=\"wp-image-2778\" srcset=\"https:\/\/thelittlerstravel.com\/wp-content\/uploads\/2020\/07\/IMG_7329-768x1024.jpg 768w, https:\/\/thelittlerstravel.com\/wp-content\/uploads\/2020\/07\/IMG_7329-225x300.jpg 225w, https:\/\/thelittlerstravel.com\/wp-content\/uploads\/2020\/07\/IMG_7329-1152x1536.jpg 1152w, https:\/\/thelittlerstravel.com\/wp-content\/uploads\/2020\/07\/IMG_7329-1536x2048.jpg 1536w, https:\/\/thelittlerstravel.com\/wp-content\/uploads\/2020\/07\/IMG_7329-1440x1920.jpg 1440w, https:\/\/thelittlerstravel.com\/wp-content\/uploads\/2020\/07\/IMG_7329-600x800.jpg 600w, https:\/\/thelittlerstravel.com\/wp-content\/uploads\/2020\/07\/IMG_7329-800x1067.jpg 800w, https:\/\/thelittlerstravel.com\/wp-content\/uploads\/2020\/07\/IMG_7329-380x507.jpg 380w, https:\/\/thelittlerstravel.com\/wp-content\/uploads\/2020\/07\/IMG_7329-247x330.jpg 247w, https:\/\/thelittlerstravel.com\/wp-content\/uploads\/2020\/07\/IMG_7329-278x371.jpg 278w\" sizes=\"auto, (max-width: 768px) 100vw, 768px\" \/><\/figure><\/div><div class=\"coblocks-gallery--item\"><figure class=\"coblocks-gallery--figure has-margin-left-5 has-margin-left-mobile-5 has-margin-right-5 has-margin-right-mobile-5\"><img loading=\"lazy\" decoding=\"async\" width=\"1024\" height=\"768\" src=\"https:\/\/thelittlerstravel.com\/wp-content\/uploads\/2020\/07\/IMG_0213-1024x768.jpg\" alt=\"Fuente Guadalest\" data-id=\"2766\" data-link=\"https:\/\/thelittlerstravel.com\/img_0213\/\" class=\"wp-image-2766\" srcset=\"https:\/\/thelittlerstravel.com\/wp-content\/uploads\/2020\/07\/IMG_0213-1024x768.jpg 1024w, https:\/\/thelittlerstravel.com\/wp-content\/uploads\/2020\/07\/IMG_0213-300x225.jpg 300w, https:\/\/thelittlerstravel.com\/wp-content\/uploads\/2020\/07\/IMG_0213-768x576.jpg 768w, https:\/\/thelittlerstravel.com\/wp-content\/uploads\/2020\/07\/IMG_0213-1536x1152.jpg 1536w, https:\/\/thelittlerstravel.com\/wp-content\/uploads\/2020\/07\/IMG_0213-2048x1536.jpg 2048w, https:\/\/thelittlerstravel.com\/wp-content\/uploads\/2020\/07\/IMG_0213-1920x1440.jpg 1920w, https:\/\/thelittlerstravel.com\/wp-content\/uploads\/2020\/07\/IMG_0213-600x450.jpg 600w, https:\/\/thelittlerstravel.com\/wp-content\/uploads\/2020\/07\/IMG_0213-800x600.jpg 800w, https:\/\/thelittlerstravel.com\/wp-content\/uploads\/2020\/07\/IMG_0213-141x106.jpg 141w, https:\/\/thelittlerstravel.com\/wp-content\/uploads\/2020\/07\/IMG_0213-380x285.jpg 380w, https:\/\/thelittlerstravel.com\/wp-content\/uploads\/2020\/07\/IMG_0213-247x186.jpg 247w\" sizes=\"auto, (max-width: 1024px) 100vw, 1024px\" \/><\/figure><\/div><div class=\"coblocks-gallery--item\"><figure class=\"coblocks-gallery--figure has-margin-left-5 has-margin-left-mobile-5 has-margin-right-5 has-margin-right-mobile-5\"><img loading=\"lazy\" decoding=\"async\" width=\"1024\" height=\"768\" src=\"https:\/\/thelittlerstravel.com\/wp-content\/uploads\/2020\/07\/IMG_4222-1024x768.jpg\" alt=\"Vistas Castillo Guadalest\" data-id=\"2773\" data-link=\"https:\/\/thelittlerstravel.com\/img_4222\/\" class=\"wp-image-2773\" srcset=\"https:\/\/thelittlerstravel.com\/wp-content\/uploads\/2020\/07\/IMG_4222-1024x768.jpg 1024w, https:\/\/thelittlerstravel.com\/wp-content\/uploads\/2020\/07\/IMG_4222-300x225.jpg 300w, https:\/\/thelittlerstravel.com\/wp-content\/uploads\/2020\/07\/IMG_4222-768x576.jpg 768w, https:\/\/thelittlerstravel.com\/wp-content\/uploads\/2020\/07\/IMG_4222-1536x1152.jpg 1536w, https:\/\/thelittlerstravel.com\/wp-content\/uploads\/2020\/07\/IMG_4222-2048x1536.jpg 2048w, https:\/\/thelittlerstravel.com\/wp-content\/uploads\/2020\/07\/IMG_4222-1920x1440.jpg 1920w, https:\/\/thelittlerstravel.com\/wp-content\/uploads\/2020\/07\/IMG_4222-600x450.jpg 600w, https:\/\/thelittlerstravel.com\/wp-content\/uploads\/2020\/07\/IMG_4222-800x600.jpg 800w, https:\/\/thelittlerstravel.com\/wp-content\/uploads\/2020\/07\/IMG_4222-141x106.jpg 141w, https:\/\/thelittlerstravel.com\/wp-content\/uploads\/2020\/07\/IMG_4222-380x285.jpg 380w, https:\/\/thelittlerstravel.com\/wp-content\/uploads\/2020\/07\/IMG_4222-247x186.jpg 247w\" sizes=\"auto, (max-width: 1024px) 100vw, 1024px\" \/><\/figure><\/div><div class=\"coblocks-gallery--item\"><figure class=\"coblocks-gallery--figure has-margin-left-5 has-margin-left-mobile-5 has-margin-right-5 has-margin-right-mobile-5\"><img loading=\"lazy\" decoding=\"async\" width=\"768\" height=\"1024\" src=\"https:\/\/thelittlerstravel.com\/wp-content\/uploads\/2020\/07\/IMG_9272-768x1024.jpg\" alt=\"Calle Guadalest\" data-id=\"2781\" data-link=\"https:\/\/thelittlerstravel.com\/img_9272\/\" class=\"wp-image-2781\" srcset=\"https:\/\/thelittlerstravel.com\/wp-content\/uploads\/2020\/07\/IMG_9272-768x1024.jpg 768w, https:\/\/thelittlerstravel.com\/wp-content\/uploads\/2020\/07\/IMG_9272-225x300.jpg 225w, https:\/\/thelittlerstravel.com\/wp-content\/uploads\/2020\/07\/IMG_9272-1152x1536.jpg 1152w, https:\/\/thelittlerstravel.com\/wp-content\/uploads\/2020\/07\/IMG_9272-1536x2048.jpg 1536w, https:\/\/thelittlerstravel.com\/wp-content\/uploads\/2020\/07\/IMG_9272-1440x1920.jpg 1440w, https:\/\/thelittlerstravel.com\/wp-content\/uploads\/2020\/07\/IMG_9272-600x800.jpg 600w, https:\/\/thelittlerstravel.com\/wp-content\/uploads\/2020\/07\/IMG_9272-800x1067.jpg 800w, https:\/\/thelittlerstravel.com\/wp-content\/uploads\/2020\/07\/IMG_9272-380x507.jpg 380w, https:\/\/thelittlerstravel.com\/wp-content\/uploads\/2020\/07\/IMG_9272-247x330.jpg 247w, https:\/\/thelittlerstravel.com\/wp-content\/uploads\/2020\/07\/IMG_9272-278x371.jpg 278w\" sizes=\"auto, (max-width: 768px) 100vw, 768px\" \/><\/figure><\/div><div class=\"coblocks-gallery--item\"><figure class=\"coblocks-gallery--figure has-margin-left-5 has-margin-left-mobile-5 has-margin-right-5 has-margin-right-mobile-5\"><img loading=\"lazy\" decoding=\"async\" width=\"1024\" height=\"768\" src=\"https:\/\/thelittlerstravel.com\/wp-content\/uploads\/2020\/07\/IMG_9119-1024x768.jpg\" alt=\"Plaza castillo Guadalest\" data-id=\"2780\" data-link=\"https:\/\/thelittlerstravel.com\/img_9119\/\" class=\"wp-image-2780\" srcset=\"https:\/\/thelittlerstravel.com\/wp-content\/uploads\/2020\/07\/IMG_9119-1024x768.jpg 1024w, https:\/\/thelittlerstravel.com\/wp-content\/uploads\/2020\/07\/IMG_9119-300x225.jpg 300w, https:\/\/thelittlerstravel.com\/wp-content\/uploads\/2020\/07\/IMG_9119-768x576.jpg 768w, https:\/\/thelittlerstravel.com\/wp-content\/uploads\/2020\/07\/IMG_9119-1536x1152.jpg 1536w, https:\/\/thelittlerstravel.com\/wp-content\/uploads\/2020\/07\/IMG_9119-2048x1536.jpg 2048w, https:\/\/thelittlerstravel.com\/wp-content\/uploads\/2020\/07\/IMG_9119-1920x1440.jpg 1920w, https:\/\/thelittlerstravel.com\/wp-content\/uploads\/2020\/07\/IMG_9119-600x450.jpg 600w, https:\/\/thelittlerstravel.com\/wp-content\/uploads\/2020\/07\/IMG_9119-800x600.jpg 800w, https:\/\/thelittlerstravel.com\/wp-content\/uploads\/2020\/07\/IMG_9119-141x106.jpg 141w, https:\/\/thelittlerstravel.com\/wp-content\/uploads\/2020\/07\/IMG_9119-380x285.jpg 380w, https:\/\/thelittlerstravel.com\/wp-content\/uploads\/2020\/07\/IMG_9119-247x186.jpg 247w\" sizes=\"auto, (max-width: 1024px) 100vw, 1024px\" \/><\/figure><\/div><div class=\"coblocks-gallery--item\"><figure class=\"coblocks-gallery--figure has-margin-left-5 has-margin-left-mobile-5 has-margin-right-5 has-margin-right-mobile-5\"><img loading=\"lazy\" decoding=\"async\" width=\"768\" height=\"1024\" src=\"https:\/\/thelittlerstravel.com\/wp-content\/uploads\/2020\/07\/IMG_6025-768x1024.jpg\" alt=\"Paseando por Guadalest\" data-id=\"2777\" data-link=\"https:\/\/thelittlerstravel.com\/img_6025\/\" class=\"wp-image-2777\" srcset=\"https:\/\/thelittlerstravel.com\/wp-content\/uploads\/2020\/07\/IMG_6025-768x1024.jpg 768w, https:\/\/thelittlerstravel.com\/wp-content\/uploads\/2020\/07\/IMG_6025-225x300.jpg 225w, https:\/\/thelittlerstravel.com\/wp-content\/uploads\/2020\/07\/IMG_6025-1152x1536.jpg 1152w, https:\/\/thelittlerstravel.com\/wp-content\/uploads\/2020\/07\/IMG_6025-1536x2048.jpg 1536w, https:\/\/thelittlerstravel.com\/wp-content\/uploads\/2020\/07\/IMG_6025-1440x1920.jpg 1440w, https:\/\/thelittlerstravel.com\/wp-content\/uploads\/2020\/07\/IMG_6025-600x800.jpg 600w, https:\/\/thelittlerstravel.com\/wp-content\/uploads\/2020\/07\/IMG_6025-800x1067.jpg 800w, https:\/\/thelittlerstravel.com\/wp-content\/uploads\/2020\/07\/IMG_6025-380x507.jpg 380w, https:\/\/thelittlerstravel.com\/wp-content\/uploads\/2020\/07\/IMG_6025-247x330.jpg 247w, https:\/\/thelittlerstravel.com\/wp-content\/uploads\/2020\/07\/IMG_6025-278x371.jpg 278w\" sizes=\"auto, (max-width: 768px) 100vw, 768px\" \/><\/figure><\/div><div class=\"coblocks-gallery--item\"><figure class=\"coblocks-gallery--figure has-margin-left-5 has-margin-left-mobile-5 has-margin-right-5 has-margin-right-mobile-5\"><img loading=\"lazy\" decoding=\"async\" width=\"1024\" height=\"768\" src=\"https:\/\/thelittlerstravel.com\/wp-content\/uploads\/2020\/07\/IMG_8100-1024x768.jpg\" alt=\"Castillo Guadalest de fondo\" data-id=\"2779\" data-link=\"https:\/\/thelittlerstravel.com\/img_8100\/\" class=\"wp-image-2779\" srcset=\"https:\/\/thelittlerstravel.com\/wp-content\/uploads\/2020\/07\/IMG_8100-1024x768.jpg 1024w, https:\/\/thelittlerstravel.com\/wp-content\/uploads\/2020\/07\/IMG_8100-300x225.jpg 300w, https:\/\/thelittlerstravel.com\/wp-content\/uploads\/2020\/07\/IMG_8100-768x576.jpg 768w, https:\/\/thelittlerstravel.com\/wp-content\/uploads\/2020\/07\/IMG_8100-1536x1152.jpg 1536w, https:\/\/thelittlerstravel.com\/wp-content\/uploads\/2020\/07\/IMG_8100-2048x1536.jpg 2048w, https:\/\/thelittlerstravel.com\/wp-content\/uploads\/2020\/07\/IMG_8100-1920x1440.jpg 1920w, https:\/\/thelittlerstravel.com\/wp-content\/uploads\/2020\/07\/IMG_8100-600x450.jpg 600w, https:\/\/thelittlerstravel.com\/wp-content\/uploads\/2020\/07\/IMG_8100-800x600.jpg 800w, https:\/\/thelittlerstravel.com\/wp-content\/uploads\/2020\/07\/IMG_8100-141x106.jpg 141w, https:\/\/thelittlerstravel.com\/wp-content\/uploads\/2020\/07\/IMG_8100-380x285.jpg 380w, https:\/\/thelittlerstravel.com\/wp-content\/uploads\/2020\/07\/IMG_8100-247x186.jpg 247w\" sizes=\"auto, (max-width: 1024px) 100vw, 1024px\" \/><\/figure><\/div><div class=\"coblocks-gallery--item\"><figure class=\"coblocks-gallery--figure has-margin-left-5 has-margin-left-mobile-5 has-margin-right-5 has-margin-right-mobile-5\"><img loading=\"lazy\" decoding=\"async\" width=\"1024\" height=\"768\" src=\"https:\/\/thelittlerstravel.com\/wp-content\/uploads\/2020\/07\/IMG_0931-1024x768.jpg\" alt=\"Lago Guadalest\" data-id=\"2767\" data-link=\"https:\/\/thelittlerstravel.com\/img_0931\/\" class=\"wp-image-2767\" srcset=\"https:\/\/thelittlerstravel.com\/wp-content\/uploads\/2020\/07\/IMG_0931-1024x768.jpg 1024w, https:\/\/thelittlerstravel.com\/wp-content\/uploads\/2020\/07\/IMG_0931-300x225.jpg 300w, https:\/\/thelittlerstravel.com\/wp-content\/uploads\/2020\/07\/IMG_0931-768x576.jpg 768w, https:\/\/thelittlerstravel.com\/wp-content\/uploads\/2020\/07\/IMG_0931-1536x1152.jpg 1536w, https:\/\/thelittlerstravel.com\/wp-content\/uploads\/2020\/07\/IMG_0931-2048x1536.jpg 2048w, https:\/\/thelittlerstravel.com\/wp-content\/uploads\/2020\/07\/IMG_0931-1920x1440.jpg 1920w, https:\/\/thelittlerstravel.com\/wp-content\/uploads\/2020\/07\/IMG_0931-600x450.jpg 600w, https:\/\/thelittlerstravel.com\/wp-content\/uploads\/2020\/07\/IMG_0931-800x600.jpg 800w, https:\/\/thelittlerstravel.com\/wp-content\/uploads\/2020\/07\/IMG_0931-141x106.jpg 141w, https:\/\/thelittlerstravel.com\/wp-content\/uploads\/2020\/07\/IMG_0931-380x285.jpg 380w, https:\/\/thelittlerstravel.com\/wp-content\/uploads\/2020\/07\/IMG_0931-247x186.jpg 247w\" sizes=\"auto, (max-width: 1024px) 100vw, 1024px\" \/><\/figure><\/div><\/div><\/div><figcaption class=\"coblocks-gallery--caption coblocks-gallery--primary-caption\">Guadalest<\/figcaption><\/div>\n\n\n\n<p>Paseando, paseando, llegar\u00e1s a los pies del castillo de Guadalest y podr\u00e1s subirlo a pie a trav\u00e9s de su calle empedrada con tiendecitas y museos a un lado y otro que te guiar\u00e1n a la plaza en la parte m\u00e1s alta desde la que tendr\u00e1s una incre\u00edbles vistas del lago.<\/p>\n\n\n\n<h2 class=\"has-trawell-cat-2-color has-text-color wp-block-heading\" id=\"consejos\"><span class=\"ez-toc-section\" id=\"Consejos\"><\/span>Consejos<span class=\"ez-toc-section-end\"><\/span><\/h2>\n\n\n\n<ul class=\"is-style-checkbox wp-block-list\"><li>Todos los lugares tur\u00edsticos descritos en este art\u00edculo son gratuitos (menos el C\u00edrculo Industrial en Alcoy y La Cova del Rull en La Vall d&#8217;Ebo).<\/li><li>En todos los destinos del art\u00edculo podr\u00e1s dejar el coche en un aparcamiento e ir andando a todos los lugares.<\/li><li>La comida t\u00edpica de La Vall d&#8217;Alcal\u00e0 son los Mintxos, el Blat Picat y el Espencat. Te recomendamos que si lo quieres probar, llames con antelaci\u00f3n para encargarlo y en Alcoy la comida t\u00edpica es la Olleta, la pericana i el caf\u00e9 licor como bebida.<\/li><li>La Vall d&#8217;Alcal\u00e0, aparte de los dos despoblados (l&#8217;Adzuvieta y la Queirola) y los dos pueblos (Alcal\u00e0 de la Jovada y Beniaia) de los que hemos hablado en este art\u00edculo, cuenta con los despoblados de Els Benialins, La Roca i Benixarco. <\/li><li>Adem\u00e1s de todos lo que hemos hablado de La Vall d&#8217;Alcal\u00e0, tambi\u00e9n tiene una cueva con pinturas rupestres, hornos en los que antiguamente se hac\u00eda cal, una carbonera, otra nevera, un campo de aviaci\u00f3n, el castillo d&#8217;Alcal\u00e0, una antigua f\u00e1brica de perfumes y unas rutas de senderismo que te llevar\u00e1n a verdaderas maravillas naturales.<\/li><li>Si quieres hacer senderismo por La Vall d&#8217;Alcal\u00e0, te recomendamos que visites la web del ayuntamiento desde la que podr\u00e1s descargarte PDF&#8217;s con la ruta a seguir. Desc\u00e1rgate las rutas <a href=\"http:\/\/www.lavalldalcala.es\/turismo\/turismo-activo\/\">aqu\u00ed.<\/a><\/li><li>Este es un mapa tur\u00edstico de La Marina Alta, en \u00e9l podr\u00e1s ver la cantidad de oferta tur\u00edstica que hay en esta zona, tanto de playa como de monta\u00f1a.<\/li><\/ul>\n\n\n\n<div aria-label=\"Carousel Gallery\" class=\"wp-block-coblocks-gallery-carousel has-responsive-height\"><div class=\"is-cropped coblocks-gallery has-no-alignment has-caption-style-dark has-horizontal-gutter has-lightbox\"><div class=\"has-carousel has-carousel-lrg has-aligned-cells\" data-flickity=\"{&quot;autoPlay&quot;:false,&quot;draggable&quot;:true,&quot;pageDots&quot;:false,&quot;prevNextButtons&quot;:true,&quot;wrapAround&quot;:true,&quot;cellAlign&quot;:&quot;left&quot;,&quot;pauseAutoPlayOnHover&quot;:false,&quot;freeScroll&quot;:false,&quot;arrowShape&quot;:{&quot;x0&quot;:10,&quot;x1&quot;:60,&quot;y1&quot;:50,&quot;x2&quot;:65,&quot;y2&quot;:45,&quot;x3&quot;:20},&quot;thumbnails&quot;:false,&quot;responsiveHeight&quot;:true}\"><div class=\"coblocks-gallery--item\"><figure class=\"coblocks-gallery--figure has-margin-left-5 has-margin-left-mobile-5 has-margin-right-5 has-margin-right-mobile-5\"><img loading=\"lazy\" decoding=\"async\" width=\"726\" height=\"1024\" src=\"https:\/\/thelittlerstravel.com\/wp-content\/uploads\/2020\/07\/IMG_5788-726x1024.jpg\" alt=\"Mapa Tur\u00edstico de la Marina Alta\" data-id=\"2719\" data-link=\"https:\/\/thelittlerstravel.com\/img_5788\/\" class=\"wp-image-2719\" srcset=\"https:\/\/thelittlerstravel.com\/wp-content\/uploads\/2020\/07\/IMG_5788-726x1024.jpg 726w, https:\/\/thelittlerstravel.com\/wp-content\/uploads\/2020\/07\/IMG_5788-213x300.jpg 213w, https:\/\/thelittlerstravel.com\/wp-content\/uploads\/2020\/07\/IMG_5788-768x1083.jpg 768w, https:\/\/thelittlerstravel.com\/wp-content\/uploads\/2020\/07\/IMG_5788-1090x1536.jpg 1090w, https:\/\/thelittlerstravel.com\/wp-content\/uploads\/2020\/07\/IMG_5788-1453x2048.jpg 1453w, https:\/\/thelittlerstravel.com\/wp-content\/uploads\/2020\/07\/IMG_5788-1362x1920.jpg 1362w, https:\/\/thelittlerstravel.com\/wp-content\/uploads\/2020\/07\/IMG_5788-600x846.jpg 600w, https:\/\/thelittlerstravel.com\/wp-content\/uploads\/2020\/07\/IMG_5788-800x1128.jpg 800w\" sizes=\"auto, (max-width: 726px) 100vw, 726px\" \/><\/figure><\/div><div class=\"coblocks-gallery--item\"><figure class=\"coblocks-gallery--figure has-margin-left-5 has-margin-left-mobile-5 has-margin-right-5 has-margin-right-mobile-5\"><img loading=\"lazy\" decoding=\"async\" width=\"721\" height=\"1024\" src=\"https:\/\/thelittlerstravel.com\/wp-content\/uploads\/2020\/07\/IMG_5789-721x1024.jpg\" alt=\"Mapa Tur\u00edstico de la Marina Alta\" data-id=\"2720\" data-link=\"https:\/\/thelittlerstravel.com\/img_5789\/\" class=\"wp-image-2720\" srcset=\"https:\/\/thelittlerstravel.com\/wp-content\/uploads\/2020\/07\/IMG_5789-721x1024.jpg 721w, https:\/\/thelittlerstravel.com\/wp-content\/uploads\/2020\/07\/IMG_5789-211x300.jpg 211w, https:\/\/thelittlerstravel.com\/wp-content\/uploads\/2020\/07\/IMG_5789-768x1091.jpg 768w, https:\/\/thelittlerstravel.com\/wp-content\/uploads\/2020\/07\/IMG_5789-1081x1536.jpg 1081w, https:\/\/thelittlerstravel.com\/wp-content\/uploads\/2020\/07\/IMG_5789-1442x2048.jpg 1442w, https:\/\/thelittlerstravel.com\/wp-content\/uploads\/2020\/07\/IMG_5789-1352x1920.jpg 1352w, https:\/\/thelittlerstravel.com\/wp-content\/uploads\/2020\/07\/IMG_5789-600x852.jpg 600w, https:\/\/thelittlerstravel.com\/wp-content\/uploads\/2020\/07\/IMG_5789-800x1136.jpg 800w\" sizes=\"auto, (max-width: 721px) 100vw, 721px\" \/><\/figure><\/div><\/div><\/div><figcaption class=\"coblocks-gallery--caption coblocks-gallery--primary-caption\">Mapa Tur\u00edstico de la Marina Alta<\/figcaption><\/div>\n\n\n\n<h2 class=\"has-trawell-cat-2-color has-text-color wp-block-heading\" id=\"informacion-util\"><span class=\"ez-toc-section\" id=\"Informacion_Util\"><\/span>Informaci\u00f3n \u00datil<span class=\"ez-toc-section-end\"><\/span><\/h2>\n\n\n\n<figure class=\"wp-block-table\"><table class=\"has-background has-fixed-layout\" style=\"background-color:#fcf0ef\"><tbody><tr><td><strong>Moneda: <\/strong>Euro<\/td><td><strong>Tipo de Turismo:<\/strong> Ciudad\/naturaleza<\/td><td><strong>Agua potable:<\/strong> S\u00ed<\/td><\/tr><tr><td><strong>Temperatura:<\/strong> 25\u00baC en julio<\/td><td><strong>Coste Medio:<\/strong> 3\/5<\/td><td><strong>Lado de conducci\u00f3n: <\/strong>Derecho<\/td><\/tr><tr><td><strong>Zona Horaria: <\/strong>UTC\/GMT +2<\/td><td><strong>Tipo de Enchufe:<\/strong> F<\/td><td><strong>Modo de Transporte:<\/strong> Alquiler coche<\/td><\/tr><tr><td><strong>Poblaci\u00f3n:<\/strong> 60.000<\/td><td><strong>Visado?:<\/strong> No<\/td><td><strong>Seguridad:<\/strong> 4\/5<\/td><\/tr><tr><td><strong>Idiomas:<\/strong> Valenciano y castellano<\/td><td><strong>Apto para Vegetarianos:<\/strong> 3\/5<\/td><td><strong>Apto para viajes con ni\u00f1os:<\/strong> S\u00ed<\/td><\/tr><\/tbody><\/table><\/figure>","protected":false},"excerpt":{"rendered":"<p>Qu\u00e9 mejor para empezar a hablar de nuestros viajes por Europa, que empezar por nuestra tierra.Para nosotros, conocer un destino de la mano de alguien aut\u00f3ctono, es siempre la mejor opci\u00f3n para descubrirlo de verdad, porque te presentan su hogar y no un destino vacacional, te ense\u00f1an lo mejor, aunque a veces, esto no sea [&hellip;]<\/p>\n","protected":false},"author":1,"featured_media":2615,"comment_status":"open","ping_status":"open","sticky":false,"template":"","format":"standard","meta":{"_coblocks_attr":"","_coblocks_dimensions":"","_coblocks_responsive_height":"","_coblocks_accordion_ie_support":"","footnotes":""},"categories":[120],"tags":[227,225,230,228,223,224,231,233,232,192,229],"class_list":["post-2513","post","type-post","status-publish","format-standard","has-post-thumbnail","hentry","category-europa","tag-alcala-de-la-jovada","tag-alcoy","tag-alicante","tag-beniaia","tag-espana","tag-europa","tag-guadalest","tag-interior","tag-montana","tag-naturaleza","tag-senderismo"],"_links":{"self":[{"href":"https:\/\/thelittlerstravel.com\/es\/wp-json\/wp\/v2\/posts\/2513","targetHints":{"allow":["GET"]}}],"collection":[{"href":"https:\/\/thelittlerstravel.com\/es\/wp-json\/wp\/v2\/posts"}],"about":[{"href":"https:\/\/thelittlerstravel.com\/es\/wp-json\/wp\/v2\/types\/post"}],"author":[{"embeddable":true,"href":"https:\/\/thelittlerstravel.com\/es\/wp-json\/wp\/v2\/users\/1"}],"replies":[{"embeddable":true,"href":"https:\/\/thelittlerstravel.com\/es\/wp-json\/wp\/v2\/comments?post=2513"}],"version-history":[{"count":146,"href":"https:\/\/thelittlerstravel.com\/es\/wp-json\/wp\/v2\/posts\/2513\/revisions"}],"predecessor-version":[{"id":4395,"href":"https:\/\/thelittlerstravel.com\/es\/wp-json\/wp\/v2\/posts\/2513\/revisions\/4395"}],"wp:featuredmedia":[{"embeddable":true,"href":"https:\/\/thelittlerstravel.com\/es\/wp-json\/wp\/v2\/media\/2615"}],"wp:attachment":[{"href":"https:\/\/thelittlerstravel.com\/es\/wp-json\/wp\/v2\/media?parent=2513"}],"wp:term":[{"taxonomy":"category","embeddable":true,"href":"https:\/\/thelittlerstravel.com\/es\/wp-json\/wp\/v2\/categories?post=2513"},{"taxonomy":"post_tag","embeddable":true,"href":"https:\/\/thelittlerstravel.com\/es\/wp-json\/wp\/v2\/tags?post=2513"}],"curies":[{"name":"wp","href":"https:\/\/api.w.org\/{rel}","templated":true}]}}